{"id":30733,"date":"2019-08-28T19:39:22","date_gmt":"2019-08-29T01:39:22","guid":{"rendered":"http:\/\/www.inces.gob.ve\/?p=30733"},"modified":"2020-05-28T20:33:33","modified_gmt":"2020-05-29T00:33:33","slug":"amazonas-motor-turismo-realiza-expoventa-en-el-cfs-cacique-aramare","status":"publish","type":"post","link":"https:\/\/inces.gob.ve\/index.php\/2019\/08\/28\/amazonas-motor-turismo-realiza-expoventa-en-el-cfs-cacique-aramare\/","title":{"rendered":"AMAZONAS | Motor Turismo realiza expoventa en el CFS Cacique Aramare"},"content":{"rendered":"<p align=\"justify\"><span style=\"font-family: Arial, sans-serif;\"><span style=\"font-size: x-large;\"><i><b>*El pasado martes 27, el coordinador del Motor Turismo C\u00e9sar Eleazar, organiz\u00f3 una expoventa en el centro de formaci\u00f3n sociaslita (CFS) \u201cCacique Aramare\u201d, en conjunto con los participantes de los cursos de Protocolo y los integrantes del curso de Panificaci\u00f3n.<\/b><\/i><\/span><\/span><!--more--><\/p>\n<p align=\"justify\"><span style=\"font-family: Arial, sans-serif;\"><span style=\"font-size: x-large;\"><b>ALEX M\u00c9NDEZ<\/b><\/span><\/span><\/p>\n<p align=\"justify\"><span style=\"font-family: Arial, sans-serif;\"><span style=\"font-size: x-large;\">La actividad inici\u00f3 a las ocho de la ma\u00f1ana donde se realizo la demostraci\u00f3n y venta de los productos. Los amazonenses pudieron obtener a un precio econ\u00f3mico los panes, las catalinas y adem\u00e1s disfrutaron de la exposici\u00f3n de las plantas medicinales y semillas de plantas frutales presentadas por los maestros t\u00e9cnicos productivos (MTP), Addy Ubieda y David Moronta.<\/span><\/span><\/p>\n<p align=\"justify\"><span style=\"font-family: Arial, sans-serif;\"><span style=\"font-size: x-large;\"><img loading=\"lazy\" decoding=\"async\" class=\"aligncenter wp-image-30735 size-full\" src=\"http:\/\/www.inces.gob.ve\/wp-content\/uploads\/2019\/08\/Inces-Motor-Turismo-CFS3-.jpg\" alt=\"\" width=\"800\" height=\"600\" srcset=\"https:\/\/inces.gob.ve\/wp-content\/uploads\/2019\/08\/Inces-Motor-Turismo-CFS3-.jpg 800w, https:\/\/inces.gob.ve\/wp-content\/uploads\/2019\/08\/Inces-Motor-Turismo-CFS3--300x225.jpg 300w, https:\/\/inces.gob.ve\/wp-content\/uploads\/2019\/08\/Inces-Motor-Turismo-CFS3--768x576.jpg 768w, https:\/\/inces.gob.ve\/wp-content\/uploads\/2019\/08\/Inces-Motor-Turismo-CFS3--136x102.jpg 136w\" sizes=\"auto, (max-width: 800px) 100vw, 800px\" \/><\/span><\/span><\/p>\n<p align=\"justify\"><span style=\"font-family: Arial, sans-serif;\"><span style=\"font-size: x-large;\">Respecto a la actividad, el coordinador del Motor Turismo expres\u00f3: \u201cLa idea es producir a pesar de las dificultades, de la guerra econ\u00f3mica que se ha presentado en nuestro pa\u00eds, por esa guerra asediada por el imperio norteamericano que no quiere que avancemos, a pesar de todas las adversidades, aqu\u00ed estamos de pie para trabajar.\u201d<\/span><\/span><\/p>\n<p align=\"justify\"><span style=\"font-family: Arial, sans-serif;\"><span style=\"font-size: x-large;\">Los productos que se ofrecieron en la expoventa tuvieron un costo acorde a los insumos gastados por quienes los elaboraron; tomando en cuenta que la materia prima para elaborar el pan y los dulces son muy costosos, los integrantes de los cursos aplicaron la harina alternativa, metodolog\u00eda tomada por el centro de formaci\u00f3n socialista para la elaboraci\u00f3n de pan.<\/span><\/span><\/p>\n<p align=\"justify\"><span style=\"font-family: Arial, sans-serif;\"><span style=\"font-size: x-large;\"><img loading=\"lazy\" decoding=\"async\" class=\"aligncenter wp-image-30734 size-full\" src=\"http:\/\/www.inces.gob.ve\/wp-content\/uploads\/2019\/08\/Inces-Motor-Turismo-CFS-2-.jpg\" alt=\"\" width=\"800\" height=\"600\" srcset=\"https:\/\/inces.gob.ve\/wp-content\/uploads\/2019\/08\/Inces-Motor-Turismo-CFS-2-.jpg 800w, https:\/\/inces.gob.ve\/wp-content\/uploads\/2019\/08\/Inces-Motor-Turismo-CFS-2--300x225.jpg 300w, https:\/\/inces.gob.ve\/wp-content\/uploads\/2019\/08\/Inces-Motor-Turismo-CFS-2--768x576.jpg 768w, https:\/\/inces.gob.ve\/wp-content\/uploads\/2019\/08\/Inces-Motor-Turismo-CFS-2--136x102.jpg 136w\" sizes=\"auto, (max-width: 800px) 100vw, 800px\" \/><\/span><\/span><\/p>\n<p align=\"justify\"><span style=\"font-family: Arial, sans-serif;\"><span style=\"font-size: x-large;\">Por otro lado, Eleazar inform\u00f3 que los cursos de panader\u00eda est\u00e1n por iniciar una vez termine el que ya est\u00e1 en ejecuci\u00f3n debido a que es el curso bandera de Inces regi\u00f3n Amazonas.<\/span><\/span><\/p>\n<p align=\"justify\">\n<p align=\"justify\">\n","protected":false},"excerpt":{"rendered":"<p>*El pasado martes 27, el coordinador del Motor Turismo C\u00e9sar Eleazar, organiz\u00f3 una expoventa en el centro de formaci\u00f3n sociaslita (CFS) \u201cCacique Aramare\u201d, en conjunto con los participantes de los cursos de Protocolo y los integrantes del curso de Panificaci\u00f3n.<\/p>\n","protected":false},"author":15,"featured_media":30736,"comment_status":"closed","ping_status":"closed","sticky":false,"template":"","format":"standard","meta":{"footnotes":""},"categories":[2],"tags":[],"class_list":["post-30733","post","type-post","status-publish","format-standard","has-post-thumbnail","hentry","category-blog"],"_links":{"self":[{"href":"https:\/\/inces.gob.ve\/index.php\/wp-json\/wp\/v2\/posts\/30733","targetHints":{"allow":["GET"]}}],"collection":[{"href":"https:\/\/inces.gob.ve\/index.php\/wp-json\/wp\/v2\/posts"}],"about":[{"href":"https:\/\/inces.gob.ve\/index.php\/wp-json\/wp\/v2\/types\/post"}],"author":[{"embeddable":true,"href":"https:\/\/inces.gob.ve\/index.php\/wp-json\/wp\/v2\/users\/15"}],"replies":[{"embeddable":true,"href":"https:\/\/inces.gob.ve\/index.php\/wp-json\/wp\/v2\/comments?post=30733"}],"version-history":[{"count":1,"href":"https:\/\/inces.gob.ve\/index.php\/wp-json\/wp\/v2\/posts\/30733\/revisions"}],"predecessor-version":[{"id":30737,"href":"https:\/\/inces.gob.ve\/index.php\/wp-json\/wp\/v2\/posts\/30733\/revisions\/30737"}],"wp:featuredmedia":[{"embeddable":true,"href":"https:\/\/inces.gob.ve\/index.php\/wp-json\/wp\/v2\/media\/30736"}],"wp:attachment":[{"href":"https:\/\/inces.gob.ve\/index.php\/wp-json\/wp\/v2\/media?parent=30733"}],"wp:term":[{"taxonomy":"category","embeddable":true,"href":"https:\/\/inces.gob.ve\/index.php\/wp-json\/wp\/v2\/categories?post=30733"},{"taxonomy":"post_tag","embeddable":true,"href":"https:\/\/inces.gob.ve\/index.php\/wp-json\/wp\/v2\/tags?post=30733"}],"curies":[{"name":"wp","href":"https:\/\/api.w.org\/{rel}","templated":true}]}}