{"id":30749,"date":"2019-08-29T09:09:34","date_gmt":"2019-08-29T15:09:34","guid":{"rendered":"http:\/\/www.inces.gob.ve\/?p=30749"},"modified":"2020-05-28T20:27:43","modified_gmt":"2020-05-29T00:27:43","slug":"la-guaira-los-jueves-se-agrupan-las-manos-tejedoras","status":"publish","type":"post","link":"https:\/\/inces.gob.ve\/index.php\/2019\/08\/29\/la-guaira-los-jueves-se-agrupan-las-manos-tejedoras\/","title":{"rendered":"LA GUAIRA | Los jueves se agrupan las manos tejedoras"},"content":{"rendered":"<p align=\"justify\"><span style=\"font-family: Arial, sans-serif;\"><span style=\"font-size: x-large;\"><i><b>** El centro de formaci\u00f3n socialista Huayra es el lugar donde convergen los saberes ancestrales creativos de mujeres y hombres dedicados al arte del tejido<\/b><\/i><\/span><\/span><!--more--><\/p>\n<p align=\"justify\">\n<p align=\"justify\"><span style=\"font-family: Arial, sans-serif;\"><span style=\"font-size: x-large;\">ZUVALQUI DUARTE<\/span><\/span><\/p>\n<p align=\"justify\"><span style=\"font-family: Arial, sans-serif;\"><span style=\"font-size: x-large;\">El tejido es una fuente de riqueza artesanal que genera paz mental, equilibrio emocional y satisfacci\u00f3n por la creaci\u00f3n de hermosas prendas de vestir, bolsos, carteras y calzados as\u00ed como art\u00edculos de uso personal.<\/span><\/span><\/p>\n<p align=\"justify\">\n<p align=\"justify\"><span style=\"font-family: Arial, sans-serif;\"><span style=\"font-size: x-large;\">Todos los jueves los participantes del curso de tejido comparten sus saberes en esta instituci\u00f3n con el fin de crear con las manos obras dignas de exhibir en una galer\u00eda de arte, pero m\u00e1s all\u00e1 de esa expresi\u00f3n dan respuesta a sus propias necesidades y a las de su entorno familiar.<\/span><\/span><\/p>\n<p align=\"justify\"><img loading=\"lazy\" decoding=\"async\" class=\"aligncenter wp-image-30750 size-full\" src=\"http:\/\/www.inces.gob.ve\/wp-content\/uploads\/2019\/08\/Inces-manos-tejedoras4-.jpg\" alt=\"\" width=\"680\" height=\"795\" srcset=\"https:\/\/inces.gob.ve\/wp-content\/uploads\/2019\/08\/Inces-manos-tejedoras4-.jpg 680w, https:\/\/inces.gob.ve\/wp-content\/uploads\/2019\/08\/Inces-manos-tejedoras4--257x300.jpg 257w\" sizes=\"auto, (max-width: 680px) 100vw, 680px\" \/><br \/>\n<span style=\"font-family: Arial, sans-serif;\"><span style=\"font-size: x-large;\">Es por ello que a partir de una suela nueva o reciclada elaboran calzados de diversos modelos en un material lavable y de excelente calidad que resiste el uso prolongado siendo una soluci\u00f3n al dif\u00edcil acceso a zapatos por su alto costo.<\/span><\/span><\/p>\n<p align=\"justify\">\n<img loading=\"lazy\" decoding=\"async\" class=\"aligncenter wp-image-30752 size-full\" src=\"http:\/\/www.inces.gob.ve\/wp-content\/uploads\/2019\/08\/Inces-manos-tejedoras2-.jpg\" alt=\"\" width=\"700\" height=\"890\" srcset=\"https:\/\/inces.gob.ve\/wp-content\/uploads\/2019\/08\/Inces-manos-tejedoras2-.jpg 700w, https:\/\/inces.gob.ve\/wp-content\/uploads\/2019\/08\/Inces-manos-tejedoras2--236x300.jpg 236w\" sizes=\"auto, (max-width: 700px) 100vw, 700px\" \/><\/p>\n<p align=\"justify\"><span style=\"font-family: Arial, sans-serif;\"><span style=\"font-size: x-large;\">Los bolsos, morrales y carteras tejidas con diversos puntos y colores es parte de esta formaci\u00f3n y que al finalizar espera socializar sus saberes y seguir sumando en el estado La Guaira muchas m\u00e1s personas a esta expresi\u00f3n art\u00edstica y organizar unidades productivas que incentiven al artesano a seguir creando desde la conciencia del reciclaje.<\/span><\/span><\/p>\n<p align=\"justify\">\n<p align=\"justify\"><span style=\"font-family: Arial, sans-serif;\"><span style=\"font-size: x-large;\">Si desea formar parte de este tipo de formaciones, as\u00ed como de otras que tambi\u00e9n se dictan en los centros de formaci\u00f3n socialista, se recomienda asistir con la fotocopia de la c\u00e9dula de identidad a cualquier CFS de la regi\u00f3n y formalizar su inscripci\u00f3n.<img loading=\"lazy\" decoding=\"async\" class=\"aligncenter wp-image-30753 size-full\" src=\"http:\/\/www.inces.gob.ve\/wp-content\/uploads\/2019\/08\/Inces-manos-tejedoras1-.jpg\" alt=\"\" width=\"608\" height=\"786\" srcset=\"https:\/\/inces.gob.ve\/wp-content\/uploads\/2019\/08\/Inces-manos-tejedoras1-.jpg 608w, https:\/\/inces.gob.ve\/wp-content\/uploads\/2019\/08\/Inces-manos-tejedoras1--232x300.jpg 232w\" sizes=\"auto, (max-width: 608px) 100vw, 608px\" \/><\/span><\/span><\/p>\n<p align=\"justify\">\n","protected":false},"excerpt":{"rendered":"<p>** El centro de formaci\u00f3n socialista Huayra es el lugar donde convergen los saberes ancestrales creativos de mujeres y hombres dedicados al arte del tejido<\/p>\n","protected":false},"author":15,"featured_media":30755,"comment_status":"closed","ping_status":"closed","sticky":false,"template":"","format":"standard","meta":{"footnotes":""},"categories":[2],"tags":[],"class_list":["post-30749","post","type-post","status-publish","format-standard","has-post-thumbnail","hentry","category-blog"],"_links":{"self":[{"href":"https:\/\/inces.gob.ve\/index.php\/wp-json\/wp\/v2\/posts\/30749","targetHints":{"allow":["GET"]}}],"collection":[{"href":"https:\/\/inces.gob.ve\/index.php\/wp-json\/wp\/v2\/posts"}],"about":[{"href":"https:\/\/inces.gob.ve\/index.php\/wp-json\/wp\/v2\/types\/post"}],"author":[{"embeddable":true,"href":"https:\/\/inces.gob.ve\/index.php\/wp-json\/wp\/v2\/users\/15"}],"replies":[{"embeddable":true,"href":"https:\/\/inces.gob.ve\/index.php\/wp-json\/wp\/v2\/comments?post=30749"}],"version-history":[{"count":2,"href":"https:\/\/inces.gob.ve\/index.php\/wp-json\/wp\/v2\/posts\/30749\/revisions"}],"predecessor-version":[{"id":30756,"href":"https:\/\/inces.gob.ve\/index.php\/wp-json\/wp\/v2\/posts\/30749\/revisions\/30756"}],"wp:featuredmedia":[{"embeddable":true,"href":"https:\/\/inces.gob.ve\/index.php\/wp-json\/wp\/v2\/media\/30755"}],"wp:attachment":[{"href":"https:\/\/inces.gob.ve\/index.php\/wp-json\/wp\/v2\/media?parent=30749"}],"wp:term":[{"taxonomy":"category","embeddable":true,"href":"https:\/\/inces.gob.ve\/index.php\/wp-json\/wp\/v2\/categories?post=30749"},{"taxonomy":"post_tag","embeddable":true,"href":"https:\/\/inces.gob.ve\/index.php\/wp-json\/wp\/v2\/tags?post=30749"}],"curies":[{"name":"wp","href":"https:\/\/api.w.org\/{rel}","templated":true}]}}