{"id":30764,"date":"2019-08-29T09:56:15","date_gmt":"2019-08-29T15:56:15","guid":{"rendered":"http:\/\/www.inces.gob.ve\/?p=30764"},"modified":"2020-05-28T20:34:41","modified_gmt":"2020-05-29T00:34:41","slug":"trujillo-arranco-plan-nacional-joven-empinate-recreativo","status":"publish","type":"post","link":"https:\/\/inces.gob.ve\/index.php\/2019\/08\/29\/trujillo-arranco-plan-nacional-joven-empinate-recreativo\/","title":{"rendered":"TRUJILLO | Arranc\u00f3 Plan Nacional Joven Emp\u00ednate Recreativo"},"content":{"rendered":"<p align=\"justify\"><span style=\"font-family: Arial, sans-serif;\"><span style=\"font-size: x-large;\">** <em><strong>Los aprendices en compa\u00f1\u00eda del Movimiento Nacional de Recreadores efectuaron una actividad de esparcimiento en la cancha del centro de formaci\u00f3n socialista \u201cAl\u00ed Primera\u201d, donde los facilitadores del PNA pudieron vigilar y disfrutar de la parte recreativa y de sano esparcimiento que el Plan Nacional Joven Emp\u00ednate prepar\u00f3 para esta ocasi\u00f3n aniversaria<\/strong><\/em><\/span><\/span><\/p>\n<p align=\"justify\"><!--more--><\/p>\n<p align=\"justify\"><span style=\"font-family: Arial, sans-serif;\"><span style=\"font-size: x-large;\"><b>MAR\u00cdA CABRERA<\/b><\/span><\/span><\/p>\n<p align=\"justify\"><span style=\"font-family: Arial, sans-serif;\"><span style=\"font-size: x-large;\">El Plan Nacional Joven Emp\u00ednate es una orientaci\u00f3n del presidente del Inces, Wuikelman Angel, para atender, en esta temporada a la muchachada venezolana. Es as\u00ed como cada una de las sedes, en toda la geograf\u00eda nacional, que festejan el sexagesivo aniversario debe atender a una camada de aprendices del Programa Nacional de Aprendizaje.<\/span><\/span><\/p>\n<p align=\"justify\"><span style=\"font-family: Arial, sans-serif;\"><span style=\"font-size: x-large;\">En esta ocasi\u00f3n, los aprendices de Trujillo, en compa\u00f1\u00eda del Movimiento Nacional de Recreadores, efectuaron una actividad de esparcimiento en la cancha del centro de formaci\u00f3n socialista \u201cAl\u00ed Primera\u201d donde los facilitadores del PNA fueron los garantes de que la actividad se desarrollara tal como estaba previsto por la Gerencia Regional quien supervis\u00f3 a los recreados en plena acci\u00f3n.<\/span><\/span><\/p>\n<p align=\"justify\"><span style=\"font-family: Arial, sans-serif;\"><span style=\"font-size: x-large;\"><img loading=\"lazy\" decoding=\"async\" class=\"aligncenter wp-image-30767 size-full\" src=\"http:\/\/www.inces.gob.ve\/wp-content\/uploads\/2019\/08\/Inces-Plan-Joven-Emp\u00ednate-Recreativo2-.jpg\" alt=\"\" width=\"800\" height=\"600\" srcset=\"https:\/\/inces.gob.ve\/wp-content\/uploads\/2019\/08\/Inces-Plan-Joven-Emp\u00ednate-Recreativo2-.jpg 800w, https:\/\/inces.gob.ve\/wp-content\/uploads\/2019\/08\/Inces-Plan-Joven-Emp\u00ednate-Recreativo2--300x225.jpg 300w, https:\/\/inces.gob.ve\/wp-content\/uploads\/2019\/08\/Inces-Plan-Joven-Emp\u00ednate-Recreativo2--768x576.jpg 768w, https:\/\/inces.gob.ve\/wp-content\/uploads\/2019\/08\/Inces-Plan-Joven-Emp\u00ednate-Recreativo2--136x102.jpg 136w\" sizes=\"auto, (max-width: 800px) 100vw, 800px\" \/><\/span><\/span><\/p>\n<p align=\"justify\"><span style=\"font-family: Arial, sans-serif;\"><span style=\"font-size: x-large;\">Jacskson Pacheco, maestro t\u00e9cnico productivo adscrito al programa Turismo, explic\u00f3 que la idea de este evento es seguir fomentando el respeto como valor important\u00edsimo en las relaciones humanas y en especial, a los j\u00f3venes que se est\u00e1n formando y que piensan que no es relevante cultivarlo. <\/span><\/span><\/p>\n<p align=\"justify\"><span style=\"font-family: Arial, sans-serif;\"><span style=\"font-size: x-large;\"><img loading=\"lazy\" decoding=\"async\" class=\"aligncenter wp-image-30768 size-full\" src=\"http:\/\/www.inces.gob.ve\/wp-content\/uploads\/2019\/08\/Inces-Plan-Joven-Emp\u00ednate-Recreativo1-.jpg\" alt=\"\" width=\"800\" height=\"600\" srcset=\"https:\/\/inces.gob.ve\/wp-content\/uploads\/2019\/08\/Inces-Plan-Joven-Emp\u00ednate-Recreativo1-.jpg 800w, https:\/\/inces.gob.ve\/wp-content\/uploads\/2019\/08\/Inces-Plan-Joven-Emp\u00ednate-Recreativo1--300x225.jpg 300w, https:\/\/inces.gob.ve\/wp-content\/uploads\/2019\/08\/Inces-Plan-Joven-Emp\u00ednate-Recreativo1--768x576.jpg 768w, https:\/\/inces.gob.ve\/wp-content\/uploads\/2019\/08\/Inces-Plan-Joven-Emp\u00ednate-Recreativo1--136x102.jpg 136w\" sizes=\"auto, (max-width: 800px) 100vw, 800px\" \/><\/span><\/span><\/p>\n<p align=\"justify\">\u201c<span style=\"font-family: Arial, sans-serif;\"><span style=\"font-size: x-large;\">La idea de esta actividades es que los profesionales que nos dedicamos a esta carrera impartan y compartan con otros individuos estos conocimientos para seguir formando gente capaz, sin resentimientos y que entiendan que pese a las contrariedades de la vida hay motivos para seguir adelante por encima de las situaciones. Nosotros creemos que la confianza, la seguridad y el delegar funciones son parte de los valores que ense\u00f1amos en estos actos, lo que es necesario para que no se pierda el norte y la comunicaci\u00f3n con nuestros semejantes\u201d, expres\u00f3 Pacheco.<\/span><\/span><\/p>\n<p align=\"justify\"><span style=\"font-family: Arial, sans-serif;\"><span style=\"font-size: x-large;\"><img loading=\"lazy\" decoding=\"async\" class=\"aligncenter wp-image-30766 size-full\" src=\"http:\/\/www.inces.gob.ve\/wp-content\/uploads\/2019\/08\/Inces-Plan-Joven-Emp\u00ednate-Recreativo4-.jpg\" alt=\"\" width=\"800\" height=\"600\" srcset=\"https:\/\/inces.gob.ve\/wp-content\/uploads\/2019\/08\/Inces-Plan-Joven-Emp\u00ednate-Recreativo4-.jpg 800w, https:\/\/inces.gob.ve\/wp-content\/uploads\/2019\/08\/Inces-Plan-Joven-Emp\u00ednate-Recreativo4--300x225.jpg 300w, https:\/\/inces.gob.ve\/wp-content\/uploads\/2019\/08\/Inces-Plan-Joven-Emp\u00ednate-Recreativo4--768x576.jpg 768w, https:\/\/inces.gob.ve\/wp-content\/uploads\/2019\/08\/Inces-Plan-Joven-Emp\u00ednate-Recreativo4--136x102.jpg 136w\" sizes=\"auto, (max-width: 800px) 100vw, 800px\" \/><\/span><\/span><\/p>\n<p align=\"justify\"><span style=\"font-family: Arial, sans-serif;\"><span style=\"font-size: x-large;\">Los facilitadores Inces Nelly Alarc\u00f3n, Francisco Paredes, Pierina Abreu, Auricia Perdomo, Marisela Cuevas, Fernando Gil, Mar\u00eda Cuevas y Aura Brice\u00f1o estuvieron pendientes de sus respectivos grupos en los oficios de Vendedor, Mec\u00e1nica de Mantenimiento Hotelero y Asistente Administrativo de nuevo ingresos y regulares, quienes disfrutaron de la parte recreativa y de sano esparcimiento que el Plan Nacional Joven Emp\u00ednate prepar\u00f3 para esta ocasi\u00f3n aniversaria.<\/span><\/span><\/p>\n<p align=\"justify\"><span style=\"font-family: Arial, sans-serif;\"><span style=\"font-size: x-large;\">Por su parte, el equipo del Movimiento Nacional de Recreadores quienes trabajan en estrecha alianza con el Inces Trujillo integrado por Kevin Carrero, Giovanny Mendoza, Luis Caracas, Reymond Vargas,Maikelys Valero, Yesmailyn Valero, Romay Gudi\u00f1o, G\u00e9nesis Espinoza, Orleany Brice\u00f1o, Jos\u00e9 Valero y Samuel Valero trabajaron duro durante la ma\u00f1ana en el CFS \u201cAl\u00ed Primera\u201d para mantener alertas y activos a los aprendices quienes en las primera de cambio se observaron ap\u00e1ticos pero al transcurrir de la actividad se mostraron colaboradores, el\u00e9ctricos, en\u00e9rgicos y con deseos de socializar con cada uno de sus compa\u00f1eros, hecho que permite calificar como provechosa y beneficiosa para los aprendices Inces-Trujillo.<\/span><\/span><\/p>\n<p align=\"justify\">\n","protected":false},"excerpt":{"rendered":"<p>** Los aprendices en compa\u00f1\u00eda del Movimiento Nacional de Recreadores efectuaron una actividad de esparcimiento en la cancha del centro de formaci\u00f3n socialista \u201cAl\u00ed Primera\u201d, donde los facilitadores del PNA pudieron vigilar y disfrutar de la parte recreativa y de sano esparcimiento que el Plan Nacional Joven Emp\u00ednate prepar\u00f3 para esta ocasi\u00f3n aniversaria<\/p>\n","protected":false},"author":15,"featured_media":30765,"comment_status":"closed","ping_status":"closed","sticky":false,"template":"","format":"standard","meta":{"footnotes":""},"categories":[2],"tags":[],"class_list":["post-30764","post","type-post","status-publish","format-standard","has-post-thumbnail","hentry","category-blog"],"_links":{"self":[{"href":"https:\/\/inces.gob.ve\/index.php\/wp-json\/wp\/v2\/posts\/30764","targetHints":{"allow":["GET"]}}],"collection":[{"href":"https:\/\/inces.gob.ve\/index.php\/wp-json\/wp\/v2\/posts"}],"about":[{"href":"https:\/\/inces.gob.ve\/index.php\/wp-json\/wp\/v2\/types\/post"}],"author":[{"embeddable":true,"href":"https:\/\/inces.gob.ve\/index.php\/wp-json\/wp\/v2\/users\/15"}],"replies":[{"embeddable":true,"href":"https:\/\/inces.gob.ve\/index.php\/wp-json\/wp\/v2\/comments?post=30764"}],"version-history":[{"count":1,"href":"https:\/\/inces.gob.ve\/index.php\/wp-json\/wp\/v2\/posts\/30764\/revisions"}],"predecessor-version":[{"id":30769,"href":"https:\/\/inces.gob.ve\/index.php\/wp-json\/wp\/v2\/posts\/30764\/revisions\/30769"}],"wp:featuredmedia":[{"embeddable":true,"href":"https:\/\/inces.gob.ve\/index.php\/wp-json\/wp\/v2\/media\/30765"}],"wp:attachment":[{"href":"https:\/\/inces.gob.ve\/index.php\/wp-json\/wp\/v2\/media?parent=30764"}],"wp:term":[{"taxonomy":"category","embeddable":true,"href":"https:\/\/inces.gob.ve\/index.php\/wp-json\/wp\/v2\/categories?post=30764"},{"taxonomy":"post_tag","embeddable":true,"href":"https:\/\/inces.gob.ve\/index.php\/wp-json\/wp\/v2\/tags?post=30764"}],"curies":[{"name":"wp","href":"https:\/\/api.w.org\/{rel}","templated":true}]}}