{"id":30786,"date":"2019-08-29T13:25:20","date_gmt":"2019-08-29T19:25:20","guid":{"rendered":"http:\/\/www.inces.gob.ve\/?p=30786"},"modified":"2020-05-28T20:34:42","modified_gmt":"2020-05-29T00:34:42","slug":"trujillo-las-unidades-de-produccion-agricola-son-una-realidad-en-el-inces","status":"publish","type":"post","link":"https:\/\/inces.gob.ve\/index.php\/2019\/08\/29\/trujillo-las-unidades-de-produccion-agricola-son-una-realidad-en-el-inces\/","title":{"rendered":"TRUJILLO | Las unidades de producci\u00f3n agr\u00edcola son una realidad en el Inces"},"content":{"rendered":"<p align=\"justify\"><span style=\"font-family: Arial, sans-serif;\"><span style=\"font-size: x-large;\"><i><b>** El acontecimiento ocurre en los espacios de los CFS \u201cAl\u00ed Primera\u201d y \u201cJos\u00e9 Marti\u201d en un primer momento, quienes se unen a la campa\u00f1a nacional de combatir junto al gobierno nacional la guerra econ\u00f3mica <\/b><\/i><\/span><\/span><\/p>\n<p align=\"justify\"><!--more--><\/p>\n<p align=\"justify\"><span style=\"font-family: Arial, sans-serif;\"><span style=\"font-size: x-large;\"><b>MAR\u00cdA CABRERA<\/b><\/span><\/span><\/p>\n<p align=\"justify\"><span style=\"font-family: Arial, sans-serif;\"><span style=\"font-size: x-large;\">Las Unidades de Producci\u00f3n Agr\u00edcola son una realidad en la Venezuela de hoy que sirve para ir concientizando a la gente en la necesidad de ir form\u00e1ndose en un rama que a corto y mediano plazo permitir\u00e1 cultivar productos del ramo para consumo humano. <\/span><\/span><\/p>\n<p align=\"justify\"><span style=\"font-family: Arial, sans-serif;\"><span style=\"font-size: x-large;\">Desde el punto de vista social, la producci\u00f3n agr\u00edcola ha jugado un papel fundamental en las condiciones de existencia de la especie, generando como resultado una mejora en las condiciones de productividad. <\/span><\/span><\/p>\n<p align=\"justify\"><span style=\"font-family: Arial, sans-serif;\"><span style=\"font-size: x-large;\"><img loading=\"lazy\" decoding=\"async\" class=\"aligncenter wp-image-30789 size-full\" src=\"http:\/\/www.inces.gob.ve\/wp-content\/uploads\/2019\/08\/Inces-unidades-producci\u00f3n-agr\u00edcola3-.jpg\" alt=\"\" width=\"800\" height=\"600\" srcset=\"https:\/\/inces.gob.ve\/wp-content\/uploads\/2019\/08\/Inces-unidades-producci\u00f3n-agr\u00edcola3-.jpg 800w, https:\/\/inces.gob.ve\/wp-content\/uploads\/2019\/08\/Inces-unidades-producci\u00f3n-agr\u00edcola3--300x225.jpg 300w, https:\/\/inces.gob.ve\/wp-content\/uploads\/2019\/08\/Inces-unidades-producci\u00f3n-agr\u00edcola3--768x576.jpg 768w, https:\/\/inces.gob.ve\/wp-content\/uploads\/2019\/08\/Inces-unidades-producci\u00f3n-agr\u00edcola3--136x102.jpg 136w\" sizes=\"auto, (max-width: 800px) 100vw, 800px\" \/><\/span><\/span><\/p>\n<p align=\"justify\"><span style=\"font-family: Arial, sans-serif;\"><span style=\"font-size: x-large;\">En la actualidad, Venezuela, a trav\u00e9s de organismos nacionales como Inces, emprende una campa\u00f1a con la intenci\u00f3n de aplicar las herramientas de educaci\u00f3n capacitaci\u00f3n a la poblaci\u00f3n m\u00e1s joven de manera que esta pueda ir perfilando las condiciones de productividad de acuerdo a sus necesidades propias y a las demandas de los estados y pobladores.<\/span><\/span><\/p>\n<p align=\"justify\"><span style=\"font-family: Arial, sans-serif;\"><span style=\"font-size: x-large;\">En Inces Trujillo esta practica se viene ejecutando a trav\u00e9s de las fundamentaci\u00f3n que otorga el Plan Nacional Joven Emp\u00ednate, proyecto que Wuikelman Angel orden\u00f3 para que se aplicara en cada uno de los n\u00facleos en ocasi\u00f3n de la guerra econ\u00f3mica y el bloqueo internacional aplicado por el gobierno de Donald Trump a nuestra naci\u00f3n. <\/span><\/span><\/p>\n<p align=\"justify\"><span style=\"font-family: Arial, sans-serif;\"><span style=\"font-size: x-large;\">Es por esto, que el centro de formaci\u00f3n socialista (CFS) \u201cAl\u00ed Primera\u201d lleva a cabo este m\u00e9todo con el cual pretende ir sensibilizando a cada una de los aprendices de los distintos oficios, tanto regulares como activos, para que se integren a la producci\u00f3n agr\u00edcola que signific\u00f3 en la \u00faltima centuria una producci\u00f3n con poco valor agregado.<\/span><\/span><\/p>\n<p align=\"justify\"><span style=\"font-family: Arial, sans-serif;\"><span style=\"font-size: x-large;\">Seg\u00fan palabras de Dilimo Pe\u00f1a, Sergio Brice\u00f1o y Elsa Gonz\u00e1lez maestros t\u00e9cnicos productivos e integrantes del programa agr\u00edcola del Inces Trujillo las \u00e1reas de desarrollo son: lombricultura, plantas medicinales, construcci\u00f3n de semilleros, producci\u00f3n de hortalizas, producci\u00f3n de biocontroladores, cri\u00e1 de especies menores: conejos y acure que de acuerdo al diagn\u00f3stico realizado son las que est\u00e1n en posibilidad ofrecer mejores condiciones de subsistencia. <\/span><\/span><\/p>\n<p align=\"justify\"><span style=\"font-family: Arial, sans-serif;\"><span style=\"font-size: x-large;\"><img loading=\"lazy\" decoding=\"async\" class=\"aligncenter wp-image-30790 size-full\" src=\"http:\/\/www.inces.gob.ve\/wp-content\/uploads\/2019\/08\/Inces-unidades-producci\u00f3n-agr\u00edcola1-.jpg\" alt=\"\" width=\"800\" height=\"600\" srcset=\"https:\/\/inces.gob.ve\/wp-content\/uploads\/2019\/08\/Inces-unidades-producci\u00f3n-agr\u00edcola1-.jpg 800w, https:\/\/inces.gob.ve\/wp-content\/uploads\/2019\/08\/Inces-unidades-producci\u00f3n-agr\u00edcola1--300x225.jpg 300w, https:\/\/inces.gob.ve\/wp-content\/uploads\/2019\/08\/Inces-unidades-producci\u00f3n-agr\u00edcola1--768x576.jpg 768w, https:\/\/inces.gob.ve\/wp-content\/uploads\/2019\/08\/Inces-unidades-producci\u00f3n-agr\u00edcola1--136x102.jpg 136w\" sizes=\"auto, (max-width: 800px) 100vw, 800px\" \/><\/span><\/span><\/p>\n<p align=\"justify\"><span style=\"font-family: Arial, sans-serif;\"><span style=\"font-size: x-large;\">Los facilitadores con el entusiasmo que les caracteriza y la firmeza en el conocimiento en el ramo, indican que la pretensi\u00f3n de este proyecto es el de fomentar, desarrollar y fortalecer en los espacios urbanos la pr\u00e1ctica de unidades de producci\u00f3n como una herramienta posible. Por ello ven con agrado que el Inces dado su condici\u00f3n de organismo nacional lleve el programa bandera al integrase de forma inmediata e incentive a los j\u00f3venes desde sus cursos en el desarrollo de la agricultura en sus diferentes \u00e1reas tem\u00e1ticas.<\/span><\/span><\/p>\n<p align=\"justify\"><span style=\"font-family: Arial, sans-serif;\"><span style=\"font-size: x-large;\">Los facilitadores Inces del programa agr\u00edcola apuesta a esta ramo y por ello trabajan en el acontecimiento de los espacios en los CFS \u201cAl\u00ed Primera\u201d, CFS \u201cJos\u00e9 Marti\u201d en un primer momento y as\u00ed unirse a la campa\u00f1a nacional de combatir junto al gobierno nacional la guerra econ\u00f3mica que pretende poner contra la pared al gobierno del Presidente Nicol\u00e1s Maduro al dejarlo sin opciones para defender su soberan\u00eda y el derecho a existencia humana.<\/span><\/span><\/p>\n<p align=\"justify\">\n","protected":false},"excerpt":{"rendered":"<p>** El acontecimiento ocurre en los espacios de los CFS \u201cAl\u00ed Primera\u201d y \u201cJos\u00e9 Marti\u201d en un primer momento, quienes se unen a la campa\u00f1a nacional de combatir junto al gobierno nacional la guerra econ\u00f3mica<\/p>\n","protected":false},"author":15,"featured_media":30788,"comment_status":"closed","ping_status":"open","sticky":false,"template":"","format":"standard","meta":{"footnotes":""},"categories":[2],"tags":[],"class_list":["post-30786","post","type-post","status-publish","format-standard","has-post-thumbnail","hentry","category-blog"],"_links":{"self":[{"href":"https:\/\/inces.gob.ve\/index.php\/wp-json\/wp\/v2\/posts\/30786","targetHints":{"allow":["GET"]}}],"collection":[{"href":"https:\/\/inces.gob.ve\/index.php\/wp-json\/wp\/v2\/posts"}],"about":[{"href":"https:\/\/inces.gob.ve\/index.php\/wp-json\/wp\/v2\/types\/post"}],"author":[{"embeddable":true,"href":"https:\/\/inces.gob.ve\/index.php\/wp-json\/wp\/v2\/users\/15"}],"replies":[{"embeddable":true,"href":"https:\/\/inces.gob.ve\/index.php\/wp-json\/wp\/v2\/comments?post=30786"}],"version-history":[{"count":2,"href":"https:\/\/inces.gob.ve\/index.php\/wp-json\/wp\/v2\/posts\/30786\/revisions"}],"predecessor-version":[{"id":30791,"href":"https:\/\/inces.gob.ve\/index.php\/wp-json\/wp\/v2\/posts\/30786\/revisions\/30791"}],"wp:featuredmedia":[{"embeddable":true,"href":"https:\/\/inces.gob.ve\/index.php\/wp-json\/wp\/v2\/media\/30788"}],"wp:attachment":[{"href":"https:\/\/inces.gob.ve\/index.php\/wp-json\/wp\/v2\/media?parent=30786"}],"wp:term":[{"taxonomy":"category","embeddable":true,"href":"https:\/\/inces.gob.ve\/index.php\/wp-json\/wp\/v2\/categories?post=30786"},{"taxonomy":"post_tag","embeddable":true,"href":"https:\/\/inces.gob.ve\/index.php\/wp-json\/wp\/v2\/tags?post=30786"}],"curies":[{"name":"wp","href":"https:\/\/api.w.org\/{rel}","templated":true}]}}