{"id":30792,"date":"2019-08-29T13:36:04","date_gmt":"2019-08-29T19:36:04","guid":{"rendered":"http:\/\/www.inces.gob.ve\/?p=30792"},"modified":"2020-05-28T20:27:43","modified_gmt":"2020-05-29T00:27:43","slug":"carabobo-inces-realizo-acto-central-con-motivo-de-su-sexagesimo-aniversario","status":"publish","type":"post","link":"https:\/\/inces.gob.ve\/index.php\/2019\/08\/29\/carabobo-inces-realizo-acto-central-con-motivo-de-su-sexagesimo-aniversario\/","title":{"rendered":"CARABOBO | Inces realiz\u00f3 acto central con motivo de su sex\u00e1gesimo aniversario"},"content":{"rendered":"<p align=\"justify\"><span style=\"font-family: Arial, sans-serif;\"><span style=\"font-size: x-large;\"><i><b>** Luego de la actividad protocolar se procedi\u00f3 a degustar un rico almuerzo por parte de los trabajadores y trabajadoras, en un ambiente ameno y m\u00fasical se procedi\u00f3 a cantar el cumplea\u00f1os feliz y compartir unas sabrosas tortas entre los asistentes <\/b><\/i><\/span><\/span><!--more--><\/p>\n<p align=\"justify\">\n<p align=\"justify\"><span style=\"font-family: Arial, sans-serif;\"><span style=\"font-size: x-large;\"><b>ATILIA CORTEZ<\/b> <\/span><\/span><\/p>\n<p align=\"justify\"><span style=\"font-family: Arial, sans-serif;\"><span style=\"font-size: x-large;\">Con motivo del sexag\u00e9simo aniversario del Inces, su sede en Carabobo realiz\u00f3 el acto central para conmemorar #60A\u00f1osFormando como dice nuestra etiqueta en Twitter. El evento inici\u00f3 a las 10 de la ma\u00f1ana con una Misa de Acci\u00f3n de Gracias, para luego continuar con la entrega de reconocimientos y botones por a\u00f1os de servicio al personal empleado, contrato, obreros y maestros t\u00e9cnicos productivos.<\/span><\/span><\/p>\n<p align=\"justify\"><span style=\"font-family: Arial, sans-serif;\"><span style=\"font-size: x-large;\">Las palabras de apertura estuvieron a cargo de Yelitza Ochoa, asesora educativa del centro de formaci\u00f3n socialista (CFS) Luis Beltr\u00e1n Prieto, en Valencia. Durante su interveci\u00f3n destac\u00f3 que el Inces \u201ces para mi una casa de sue\u00f1os donde crear, aprender y compartir saberes es posible. Hoy recibo un reconocimiento por mis 15 a\u00f1os de labores en esta instituci\u00f3n y me siento feliz\u201d.<\/span><\/span><\/p>\n<p align=\"justify\"><span style=\"font-family: Arial, sans-serif;\"><span style=\"font-size: x-large;\"><img loading=\"lazy\" decoding=\"async\" class=\"aligncenter wp-image-30796 size-full\" src=\"http:\/\/www.inces.gob.ve\/wp-content\/uploads\/2019\/08\/Inces-acto-con-motivo-de-sex\u00e1gesimo-aniversario-1-.jpg\" alt=\"\" width=\"800\" height=\"450\" srcset=\"https:\/\/inces.gob.ve\/wp-content\/uploads\/2019\/08\/Inces-acto-con-motivo-de-sex\u00e1gesimo-aniversario-1-.jpg 800w, https:\/\/inces.gob.ve\/wp-content\/uploads\/2019\/08\/Inces-acto-con-motivo-de-sex\u00e1gesimo-aniversario-1--300x169.jpg 300w, https:\/\/inces.gob.ve\/wp-content\/uploads\/2019\/08\/Inces-acto-con-motivo-de-sex\u00e1gesimo-aniversario-1--768x432.jpg 768w\" sizes=\"auto, (max-width: 800px) 100vw, 800px\" \/><\/span><\/span><\/p>\n<p align=\"justify\"><span style=\"font-family: Arial, sans-serif;\"><span style=\"font-size: x-large;\">Por su parte, el ingeniero Guy\u00e9n Soto, gerente regional de Inces Carabobo, expres\u00f3 que desde el Inces se vienen desarrollando experiencias interesantes y desde todos los \u00e1mbitos se lleva la formaci\u00f3n \u201cestamos en el campo, en una comunidad, en una Base de Misiones, con chamos con adultos todos buscando ser mejores cada d\u00eda\u201d<\/span><\/span><\/p>\n<p align=\"justify\"><span style=\"font-family: Arial, sans-serif;\"><span style=\"font-size: x-large;\"><img loading=\"lazy\" decoding=\"async\" class=\"aligncenter wp-image-30795 size-full\" src=\"http:\/\/www.inces.gob.ve\/wp-content\/uploads\/2019\/08\/Inces-acto-con-motivo-de-sex\u00e1gesimo-aniversario-2-.jpg\" alt=\"\" width=\"800\" height=\"450\" srcset=\"https:\/\/inces.gob.ve\/wp-content\/uploads\/2019\/08\/Inces-acto-con-motivo-de-sex\u00e1gesimo-aniversario-2-.jpg 800w, https:\/\/inces.gob.ve\/wp-content\/uploads\/2019\/08\/Inces-acto-con-motivo-de-sex\u00e1gesimo-aniversario-2--300x169.jpg 300w, https:\/\/inces.gob.ve\/wp-content\/uploads\/2019\/08\/Inces-acto-con-motivo-de-sex\u00e1gesimo-aniversario-2--768x432.jpg 768w\" sizes=\"auto, (max-width: 800px) 100vw, 800px\" \/><\/span><\/span><\/p>\n<p align=\"justify\"><span style=\"font-family: Arial, sans-serif;\"><span style=\"font-size: x-large;\">Soto agreg\u00f3 que \u201ceste sue\u00f1o del maestro Prieto que llega a sus 60 a\u00f1os esta m\u00e1s vigente que nunca y solo as\u00ed es posible aportar a la transformaci\u00f3n del pa\u00eds y desde aqu\u00ed desde Inces como una sola familia lo estamos logrando\u201d.<\/span><\/span><\/p>\n<p align=\"justify\"><span style=\"font-family: Arial, sans-serif;\"><span style=\"font-size: x-large;\">Finalmente se pudo conocer que los trabajadores y trabajadoras reconocidos fueron un total de 30 por 5, 10, 15 y 30 a\u00f1os de servicio respectivamente.<\/span><\/span><\/p>\n<p align=\"justify\"><span style=\"font-family: Arial, sans-serif;\"><span style=\"font-size: x-large;\"><img loading=\"lazy\" decoding=\"async\" class=\"aligncenter wp-image-30793 size-full\" src=\"http:\/\/www.inces.gob.ve\/wp-content\/uploads\/2019\/08\/Inces-acto-con-motivo-de-sex\u00e1gesimo-aniversario-5-.jpg\" alt=\"\" width=\"800\" height=\"600\" srcset=\"https:\/\/inces.gob.ve\/wp-content\/uploads\/2019\/08\/Inces-acto-con-motivo-de-sex\u00e1gesimo-aniversario-5-.jpg 800w, https:\/\/inces.gob.ve\/wp-content\/uploads\/2019\/08\/Inces-acto-con-motivo-de-sex\u00e1gesimo-aniversario-5--300x225.jpg 300w, https:\/\/inces.gob.ve\/wp-content\/uploads\/2019\/08\/Inces-acto-con-motivo-de-sex\u00e1gesimo-aniversario-5--768x576.jpg 768w, https:\/\/inces.gob.ve\/wp-content\/uploads\/2019\/08\/Inces-acto-con-motivo-de-sex\u00e1gesimo-aniversario-5--136x102.jpg 136w\" sizes=\"auto, (max-width: 800px) 100vw, 800px\" \/><\/span><\/span><\/p>\n<p align=\"justify\"><span style=\"font-family: Arial, sans-serif;\"><span style=\"font-size: x-large;\">Luego del evento protocolar los asistentes pudieron apreciar un mon\u00f3logo titulado \u201cLa Negra Hip\u00f3lita\u201d realizada por la hija de la trabajadora Marllir Mart\u00ednez; seguidamente desgustar\u00f3n un rico almuerzo.<\/span><\/span><\/p>\n<p align=\"justify\"><span style=\"font-family: Arial, sans-serif;\"><span style=\"font-size: x-large;\">El almuerzo estuvo a cargo de las cocineras del comedor del CFS Luis Beltr\u00e1n y con la colaboraci\u00f3n de la Brigada de Cocina del CFS Rafael Urdaneta y finalmente disfrutar entre todos de 3 ricas tortas y el Feliz Cumplea\u00f1os.<\/span><\/span><\/p>\n<p align=\"justify\"><span style=\"font-family: Arial, sans-serif;\"><span style=\"font-size: x-large;\">\u00a1Feliz 60Aniversario Inces!<\/span><\/span><\/p>\n<p align=\"justify\">\n","protected":false},"excerpt":{"rendered":"<p>** Luego de la actividad protocolar se procedi\u00f3 a degustar un rico almuerzo por parte de los trabajadores y trabajadoras, en un ambiente ameno y m\u00fasical se procedi\u00f3 a cantar el cumplea\u00f1os feliz y compartir unas sabrosas tortas entre los asistentes<\/p>\n","protected":false},"author":15,"featured_media":30794,"comment_status":"closed","ping_status":"closed","sticky":false,"template":"","format":"standard","meta":{"footnotes":""},"categories":[2],"tags":[],"class_list":["post-30792","post","type-post","status-publish","format-standard","has-post-thumbnail","hentry","category-blog"],"_links":{"self":[{"href":"https:\/\/inces.gob.ve\/index.php\/wp-json\/wp\/v2\/posts\/30792","targetHints":{"allow":["GET"]}}],"collection":[{"href":"https:\/\/inces.gob.ve\/index.php\/wp-json\/wp\/v2\/posts"}],"about":[{"href":"https:\/\/inces.gob.ve\/index.php\/wp-json\/wp\/v2\/types\/post"}],"author":[{"embeddable":true,"href":"https:\/\/inces.gob.ve\/index.php\/wp-json\/wp\/v2\/users\/15"}],"replies":[{"embeddable":true,"href":"https:\/\/inces.gob.ve\/index.php\/wp-json\/wp\/v2\/comments?post=30792"}],"version-history":[{"count":1,"href":"https:\/\/inces.gob.ve\/index.php\/wp-json\/wp\/v2\/posts\/30792\/revisions"}],"predecessor-version":[{"id":30797,"href":"https:\/\/inces.gob.ve\/index.php\/wp-json\/wp\/v2\/posts\/30792\/revisions\/30797"}],"wp:featuredmedia":[{"embeddable":true,"href":"https:\/\/inces.gob.ve\/index.php\/wp-json\/wp\/v2\/media\/30794"}],"wp:attachment":[{"href":"https:\/\/inces.gob.ve\/index.php\/wp-json\/wp\/v2\/media?parent=30792"}],"wp:term":[{"taxonomy":"category","embeddable":true,"href":"https:\/\/inces.gob.ve\/index.php\/wp-json\/wp\/v2\/categories?post=30792"},{"taxonomy":"post_tag","embeddable":true,"href":"https:\/\/inces.gob.ve\/index.php\/wp-json\/wp\/v2\/tags?post=30792"}],"curies":[{"name":"wp","href":"https:\/\/api.w.org\/{rel}","templated":true}]}}