{"id":30826,"date":"2019-08-30T09:31:58","date_gmt":"2019-08-30T15:31:58","guid":{"rendered":"http:\/\/www.inces.gob.ve\/?p=30826"},"modified":"2020-05-28T20:25:57","modified_gmt":"2020-05-29T00:25:57","slug":"bolivar-inces-conmemoro-su-60-aniversario-con-sesion-extraordinaria","status":"publish","type":"post","link":"https:\/\/inces.gob.ve\/index.php\/2019\/08\/30\/bolivar-inces-conmemoro-su-60-aniversario-con-sesion-extraordinaria\/","title":{"rendered":"BOL\u00cdVAR | Inces conmemor\u00f3 su 60 aniversario con sesi\u00f3n extraordinaria"},"content":{"rendered":"<p class=\"western\" align=\"justify\"><span style=\"font-family: Arial, sans-serif;\"><span style=\"font-size: x-large;\"><i><b>** La actividad estuvo encabezada por la gerente regional, Ruth Jim\u00e9nez y la Jefa de Formaci\u00f3n Profesional, Maria Salazar<\/b><\/i><\/span><\/span><\/p>\n<p class=\"western\" align=\"justify\"><!--more--><\/p>\n<p class=\"western\" align=\"justify\"><span style=\"font-family: Arial, sans-serif;\"><span style=\"font-size: x-large;\"><b>ALEXSSIA THOMAS<\/b> <\/span><\/span><\/p>\n<p class=\"western\" align=\"justify\"><span style=\"font-family: Arial, sans-serif;\"><span style=\"font-size: x-large;\">Como parte de la celebraci\u00f3n de su 60\u00b0 Aniversario, el Inces Bol\u00edvar realiz\u00f3 una sesi\u00f3n solemne que tuvo lugar en el auditorio de la alcaldia socialista de Caron\u00ed, donde se pudo contar con la presencia de los maestros t\u00e9cnicos productivos, aprendices y trabajadores. <\/span><\/span><\/p>\n<p class=\"western\" align=\"justify\"><span style=\"font-family: Arial, sans-serif;\"><span style=\"font-size: x-large;\">El presidente de la Asociaci\u00f3n de Jubilados y Pensionados, Elio Romero Tranquini fue el orador de orden, y en su discurso rindi\u00f3 homenaje al maestro Luis Beltran Prieto Figueroa. Adem\u00e1s destac\u00f3 la transformaci\u00f3n que tuvo la instituci\u00f3n, con la llegada del presidente Hugo Chav\u00e9z, convirtiendo al Inces en una estrategia transversal para todas las instituciones y misiones del estado, brind\u00e1ndoles as\u00ed capacitaci\u00f3n para el trabajo.<\/span><\/span><\/p>\n<p class=\"western\" align=\"justify\"><span style=\"font-family: Arial, sans-serif;\"><span style=\"font-size: x-large;\"><img loading=\"lazy\" decoding=\"async\" class=\"aligncenter wp-image-30829 size-full\" src=\"http:\/\/www.inces.gob.ve\/wp-content\/uploads\/2019\/08\/Inces-conmemor\u00f3-con-sesi\u00f3n-extraordinaria-1-.jpg\" alt=\"\" width=\"800\" height=\"600\" srcset=\"https:\/\/inces.gob.ve\/wp-content\/uploads\/2019\/08\/Inces-conmemor\u00f3-con-sesi\u00f3n-extraordinaria-1-.jpg 800w, https:\/\/inces.gob.ve\/wp-content\/uploads\/2019\/08\/Inces-conmemor\u00f3-con-sesi\u00f3n-extraordinaria-1--300x225.jpg 300w, https:\/\/inces.gob.ve\/wp-content\/uploads\/2019\/08\/Inces-conmemor\u00f3-con-sesi\u00f3n-extraordinaria-1--768x576.jpg 768w, https:\/\/inces.gob.ve\/wp-content\/uploads\/2019\/08\/Inces-conmemor\u00f3-con-sesi\u00f3n-extraordinaria-1--136x102.jpg 136w\" sizes=\"auto, (max-width: 800px) 100vw, 800px\" \/><\/span><\/span><\/p>\n<p class=\"western\" align=\"justify\"><span style=\"font-family: Arial, sans-serif;\"><span style=\"font-size: x-large;\">Tranquini asegur\u00f3 que con todas las dificultades que se est\u00e1n presentando actualmente en el pa\u00eds, esta casa de estudios no ha dejado de formar a profesionales para impulsar el desarrollo de Venezuela.<\/span><\/span><\/p>\n<p class=\"western\" align=\"justify\">\u201c<span style=\"font-family: Arial, sans-serif;\"><span style=\"font-size: x-large;\">Dentro de ese trajinar de mi vida, d\u00e1ndole luz, porque as\u00ed lo considero, a esta sociedad, lo que m\u00e1s me gust\u00f3 fue haber entrado al Inces, por eso estoy sumamente agradecido. Con el Inces eduqu\u00e9 a mi familia, ayud\u00e9 amigos y amigas y a muchos muchachos a quienes les di clases. Yo creo que esa labor no tiene m\u00e1s m\u00e9rito que la satisfacci\u00f3n que uno pueda tener\u201d, expres\u00f3. <\/span><\/span><\/p>\n<p class=\"western\" align=\"justify\"><span style=\"font-family: Arial, sans-serif;\"><span style=\"font-size: x-large;\">De igual modo, la gerente regional, Ruth Jim\u00e9nez hizo una entrega de reconocimientos a las personas y entes que han apoyado al Inces entre ellos: el alcalde del Municipio Caron\u00ed, Tito Oviedo; Giovanni Barrios, Consejal de la Parroquia Universidad; Jos\u00e9 Gregorio Mel\u00e9ndez, Gerente de Gesti\u00f3n Social de la Forestal Bolivariana Maderas Orinoco y el Equipo Pol\u00edtico de la Parroquia Universidad.<\/span><\/span><\/p>\n<p class=\"western\" align=\"justify\"><span style=\"font-family: Arial, sans-serif;\"><span style=\"font-size: x-large;\"><img loading=\"lazy\" decoding=\"async\" class=\"aligncenter wp-image-30827 size-full\" src=\"http:\/\/www.inces.gob.ve\/wp-content\/uploads\/2019\/08\/Inces-conmemor\u00f3-con-sesi\u00f3n-extraordinaria-4-.jpg\" alt=\"\" width=\"800\" height=\"600\" srcset=\"https:\/\/inces.gob.ve\/wp-content\/uploads\/2019\/08\/Inces-conmemor\u00f3-con-sesi\u00f3n-extraordinaria-4-.jpg 800w, https:\/\/inces.gob.ve\/wp-content\/uploads\/2019\/08\/Inces-conmemor\u00f3-con-sesi\u00f3n-extraordinaria-4--300x225.jpg 300w, https:\/\/inces.gob.ve\/wp-content\/uploads\/2019\/08\/Inces-conmemor\u00f3-con-sesi\u00f3n-extraordinaria-4--768x576.jpg 768w, https:\/\/inces.gob.ve\/wp-content\/uploads\/2019\/08\/Inces-conmemor\u00f3-con-sesi\u00f3n-extraordinaria-4--136x102.jpg 136w\" sizes=\"auto, (max-width: 800px) 100vw, 800px\" \/><\/span><\/span><\/p>\n<p class=\"western\" align=\"justify\"><a name=\"_GoBack\"><\/a><span style=\"font-family: Arial, sans-serif;\"><span style=\"font-size: x-large;\">Dando conclusion al evento, la coral de la alcald\u00eda tom\u00f3 el escenario para cantar el cumplea\u00f1os, junto al personal del Inces y presentes quienes pudieron degustar una torta decorada al 60 aniversario.<\/span><\/span><\/p>\n","protected":false},"excerpt":{"rendered":"<p>** La actividad estuvo encabezada por la gerente regional, Ruth Jim\u00e9nez y la Jefa de Formaci\u00f3n Profesional, Maria Salazar<\/p>\n","protected":false},"author":15,"featured_media":30828,"comment_status":"closed","ping_status":"closed","sticky":false,"template":"","format":"standard","meta":{"footnotes":""},"categories":[2],"tags":[],"class_list":["post-30826","post","type-post","status-publish","format-standard","has-post-thumbnail","hentry","category-blog"],"_links":{"self":[{"href":"https:\/\/inces.gob.ve\/index.php\/wp-json\/wp\/v2\/posts\/30826","targetHints":{"allow":["GET"]}}],"collection":[{"href":"https:\/\/inces.gob.ve\/index.php\/wp-json\/wp\/v2\/posts"}],"about":[{"href":"https:\/\/inces.gob.ve\/index.php\/wp-json\/wp\/v2\/types\/post"}],"author":[{"embeddable":true,"href":"https:\/\/inces.gob.ve\/index.php\/wp-json\/wp\/v2\/users\/15"}],"replies":[{"embeddable":true,"href":"https:\/\/inces.gob.ve\/index.php\/wp-json\/wp\/v2\/comments?post=30826"}],"version-history":[{"count":1,"href":"https:\/\/inces.gob.ve\/index.php\/wp-json\/wp\/v2\/posts\/30826\/revisions"}],"predecessor-version":[{"id":30830,"href":"https:\/\/inces.gob.ve\/index.php\/wp-json\/wp\/v2\/posts\/30826\/revisions\/30830"}],"wp:featuredmedia":[{"embeddable":true,"href":"https:\/\/inces.gob.ve\/index.php\/wp-json\/wp\/v2\/media\/30828"}],"wp:attachment":[{"href":"https:\/\/inces.gob.ve\/index.php\/wp-json\/wp\/v2\/media?parent=30826"}],"wp:term":[{"taxonomy":"category","embeddable":true,"href":"https:\/\/inces.gob.ve\/index.php\/wp-json\/wp\/v2\/categories?post=30826"},{"taxonomy":"post_tag","embeddable":true,"href":"https:\/\/inces.gob.ve\/index.php\/wp-json\/wp\/v2\/tags?post=30826"}],"curies":[{"name":"wp","href":"https:\/\/api.w.org\/{rel}","templated":true}]}}