{"id":30833,"date":"2019-08-30T09:42:31","date_gmt":"2019-08-30T15:42:31","guid":{"rendered":"http:\/\/www.inces.gob.ve\/?p=30833"},"modified":"2020-05-28T20:34:47","modified_gmt":"2020-05-29T00:34:47","slug":"zulia-inces-transformara-centros-de-formacion-en-nucleos-de-educacion-productiva","status":"publish","type":"post","link":"https:\/\/inces.gob.ve\/index.php\/2019\/08\/30\/zulia-inces-transformara-centros-de-formacion-en-nucleos-de-educacion-productiva\/","title":{"rendered":"ZULIA | Inces transformar\u00e1 centros de formaci\u00f3n en n\u00facleos de educaci\u00f3n productiva"},"content":{"rendered":"<p class=\"western\" lang=\"es-ES\" align=\"justify\"><span style=\"font-family: Arial, sans-serif;\"><span style=\"font-size: x-large;\"><i><b>** En anunci\u00f3 se realiz\u00f3 en el marco del 60 aniversario del Inces<\/b><\/i><\/span><\/span><\/p>\n<p class=\"western\" lang=\"es-ES\" align=\"justify\"><!--more--><\/p>\n<p class=\"western\" lang=\"es-ES\" align=\"justify\"><span style=\"font-family: Arial, sans-serif;\"><span style=\"font-size: x-large;\"><b>YUDITH CASTRO<\/b><\/span><\/span><\/p>\n<p class=\"western\" lang=\"es-ES\" align=\"justify\"><span style=\"font-family: Arial, sans-serif;\"><span style=\"font-size: x-large;\">El Instituto Nacional de Capacitaci\u00f3n y Educaci\u00f3n Socialista (Inces), en el marco de su 60 aniversario, inform\u00f3 que transformar\u00e1 progresivamente los 149 centros de formaci\u00f3n socialistas distribuidos en el pa\u00eds en n\u00facleos de educaci\u00f3n productiva.<\/span><\/span><\/p>\n<p class=\"western\" lang=\"es-ES\" align=\"justify\">\u201c<span style=\"font-family: Arial, sans-serif;\"><span style=\"font-size: x-large;\">Nuestro prop\u00f3sito es lograr que cada d\u00eda la formaci\u00f3n impartida por el Inces tenga pertinencia social, responda a la situaci\u00f3n del pa\u00eds y contribuir en terminar con el rentismo petrolero, porque queremos impulsar la producci\u00f3n nacional,\u201d dijo Isamar M\u00e1rquez, gerente regional del Inces en el Zulia, durante la entrega de botones y reconocimientos a los servidores p\u00fablicos de la instituci\u00f3n celebrada en una sesi\u00f3n solemne del Consejo Legislativo del estado Zulia (Clez).<\/span><\/span><\/p>\n<p class=\"western\" lang=\"es-ES\" align=\"justify\"><span style=\"font-family: Arial, sans-serif;\"><span style=\"font-size: x-large;\"><img loading=\"lazy\" decoding=\"async\" class=\"aligncenter wp-image-30835 size-full\" src=\"http:\/\/www.inces.gob.ve\/wp-content\/uploads\/2019\/08\/Inces-transformar\u00e1-centros-de-formaci\u00f3n-en-n\u00facleos-educaci\u00f3n-1-.jpg\" alt=\"\" width=\"750\" height=\"560\" srcset=\"https:\/\/inces.gob.ve\/wp-content\/uploads\/2019\/08\/Inces-transformar\u00e1-centros-de-formaci\u00f3n-en-n\u00facleos-educaci\u00f3n-1-.jpg 750w, https:\/\/inces.gob.ve\/wp-content\/uploads\/2019\/08\/Inces-transformar\u00e1-centros-de-formaci\u00f3n-en-n\u00facleos-educaci\u00f3n-1--300x224.jpg 300w, https:\/\/inces.gob.ve\/wp-content\/uploads\/2019\/08\/Inces-transformar\u00e1-centros-de-formaci\u00f3n-en-n\u00facleos-educaci\u00f3n-1--136x102.jpg 136w\" sizes=\"auto, (max-width: 750px) 100vw, 750px\" \/><\/span><\/span><\/p>\n<p class=\"western\" lang=\"es-ES\" align=\"justify\"><span style=\"font-family: Arial, sans-serif;\"><span style=\"font-size: x-large;\">El orador de orden fue \u00c1ngel Fern\u00e1ndez, trabajador jubilado de la instituci\u00f3n, con 40 a\u00f1os de servicio. Durante su intervenci\u00f3n destac\u00f3 la importancia del Inces en el desarrollo del pa\u00eds.<\/span><\/span><\/p>\n<p class=\"western\" lang=\"es-ES\" align=\"justify\"><span style=\"font-family: Arial, sans-serif;\"><span style=\"font-size: x-large;\">Las autoridades del Inces y la presidenta del CLEZ, \u00c1ngela Fern\u00e1ndez entregaron los respectivos botones y reconocimientos a los trabajadores con 5, 10, 15, 20, 25 y 30 a\u00f1os de servicio a la instituci\u00f3n.<\/span><\/span><\/p>\n<p class=\"western\" lang=\"es-ES\" align=\"justify\">\n<p class=\"western\" lang=\"es-ES\" align=\"justify\"><span style=\"font-family: Arial, sans-serif;\"><span style=\"font-size: x-large;\"><b>Experiencias productivas<\/b><\/span><\/span><\/p>\n<p class=\"western\" lang=\"es-ES\" align=\"justify\"><span style=\"font-family: Arial, sans-serif;\"><span style=\"font-size: x-large;\">En el Zulia se han desarrollado varias experiencias productivas desde los CFS como la producci\u00f3n de cuadernos escolares con material reciclado, abono org\u00e1nico, pa\u00f1ales ecol\u00f3gicos y productos hechos con madera, trabajo desarrollado con el acompa\u00f1amiento de la Gerencia de Encadenamiento Productivo de la instituci\u00f3n, destac\u00f3 M\u00e1rquez.<\/span><\/span><\/p>\n<p class=\"western\" lang=\"es-ES\" align=\"justify\">\n<p class=\"western\" lang=\"es-ES\" align=\"justify\"><span style=\"font-family: Arial, sans-serif;\"><span style=\"font-size: x-large;\">As\u00ed mismo, resalt\u00f3 la gerente regional que en los \u00faltimos 20 a\u00f1os, el Inces ha atendido a 7 mil 500 participantes en todo el pa\u00eds.<\/span><\/span><\/p>\n<p class=\"western\" lang=\"es-ES\" align=\"justify\">\n<p class=\"western\" lang=\"es-ES\" align=\"justify\"><span style=\"font-family: Arial, sans-serif;\"><span style=\"font-size: x-large;\">Tambi\u00e9n destac\u00f3 que la instituci\u00f3n cuenta con mas de 1.000 opciones formativas, con innovadores y actualizados programas de formaci\u00f3n y autoformaci\u00f3n productiva acorde a la realidad y necesidades del pa\u00eds. Posee adem\u00e1s un<\/span><\/span><\/p>\n","protected":false},"excerpt":{"rendered":"<p>** En anunci\u00f3 se realiz\u00f3 en el marco del 60 aniversario del Inces<\/p>\n","protected":false},"author":15,"featured_media":30834,"comment_status":"closed","ping_status":"closed","sticky":false,"template":"","format":"standard","meta":{"footnotes":""},"categories":[2],"tags":[],"class_list":["post-30833","post","type-post","status-publish","format-standard","has-post-thumbnail","hentry","category-blog"],"_links":{"self":[{"href":"https:\/\/inces.gob.ve\/index.php\/wp-json\/wp\/v2\/posts\/30833","targetHints":{"allow":["GET"]}}],"collection":[{"href":"https:\/\/inces.gob.ve\/index.php\/wp-json\/wp\/v2\/posts"}],"about":[{"href":"https:\/\/inces.gob.ve\/index.php\/wp-json\/wp\/v2\/types\/post"}],"author":[{"embeddable":true,"href":"https:\/\/inces.gob.ve\/index.php\/wp-json\/wp\/v2\/users\/15"}],"replies":[{"embeddable":true,"href":"https:\/\/inces.gob.ve\/index.php\/wp-json\/wp\/v2\/comments?post=30833"}],"version-history":[{"count":1,"href":"https:\/\/inces.gob.ve\/index.php\/wp-json\/wp\/v2\/posts\/30833\/revisions"}],"predecessor-version":[{"id":30836,"href":"https:\/\/inces.gob.ve\/index.php\/wp-json\/wp\/v2\/posts\/30833\/revisions\/30836"}],"wp:featuredmedia":[{"embeddable":true,"href":"https:\/\/inces.gob.ve\/index.php\/wp-json\/wp\/v2\/media\/30834"}],"wp:attachment":[{"href":"https:\/\/inces.gob.ve\/index.php\/wp-json\/wp\/v2\/media?parent=30833"}],"wp:term":[{"taxonomy":"category","embeddable":true,"href":"https:\/\/inces.gob.ve\/index.php\/wp-json\/wp\/v2\/categories?post=30833"},{"taxonomy":"post_tag","embeddable":true,"href":"https:\/\/inces.gob.ve\/index.php\/wp-json\/wp\/v2\/tags?post=30833"}],"curies":[{"name":"wp","href":"https:\/\/api.w.org\/{rel}","templated":true}]}}