{"id":30837,"date":"2019-08-30T10:17:47","date_gmt":"2019-08-30T16:17:47","guid":{"rendered":"http:\/\/www.inces.gob.ve\/?p=30837"},"modified":"2020-05-28T20:25:57","modified_gmt":"2020-05-29T00:25:57","slug":"lara-trabajadores-recibieron-boton-y-reconocimiento-por-su-servicio-a-la-institucion","status":"publish","type":"post","link":"https:\/\/inces.gob.ve\/index.php\/2019\/08\/30\/lara-trabajadores-recibieron-boton-y-reconocimiento-por-su-servicio-a-la-institucion\/","title":{"rendered":"LARA | Trabajadores recibieron bot\u00f3n y reconocimiento por su servicio a la instituci\u00f3n"},"content":{"rendered":"<p align=\"justify\"><span style=\"font-family: ARIAL, sans-serif;\"><i><b>** Hombres y mujeres que con tes\u00f3n y empe\u00f1o trabajan diariamente en Inces para el pueblo<\/b><\/i><\/span><!--more--><\/p>\n<p align=\"justify\">\n<p align=\"justify\"><span style=\"font-family: ARIAL, sans-serif;\"><b>DANNYS MORILLO <\/b><\/span><\/p>\n<p align=\"justify\"><span style=\"font-family: ARIAL, sans-serif;\">El reconocimiento y significaci\u00f3n por la labor y trayectoria por la lealtad y el amor, la lucha desde las \u00e1reas administrativas y docentes, se hace palpable y tangible en los resultados. Trabajadores Inces, maestros t\u00e9cnico productivos y nuestro patrimonio viviente (jubilados) recibieron su reconocimiento en el marco de nuestro 60 aniversario. <\/span><\/p>\n<p align=\"justify\">\n<p align=\"justify\"><span style=\"font-family: ARIAL, sans-serif;\">Desde el centro de formaci\u00f3n socialista Jos\u00e9 P\u00edo Tamayo y de manos de las autoridades Inces estos combativos trabajadores recibieron bot\u00f3n por 5, 10, 15, 20, 25 y 30 a\u00f1os de servicio y con sinceras ovaciones fue significada su labor.<\/span><\/p>\n<p align=\"justify\">\n<img loading=\"lazy\" decoding=\"async\" class=\"aligncenter wp-image-30841 size-large\" src=\"http:\/\/www.inces.gob.ve\/wp-content\/uploads\/2019\/08\/FOTO-1-1024x768.jpg\" alt=\"\" width=\"640\" height=\"480\" srcset=\"https:\/\/inces.gob.ve\/wp-content\/uploads\/2019\/08\/FOTO-1-1024x768.jpg 1024w, https:\/\/inces.gob.ve\/wp-content\/uploads\/2019\/08\/FOTO-1-300x225.jpg 300w, https:\/\/inces.gob.ve\/wp-content\/uploads\/2019\/08\/FOTO-1-768x576.jpg 768w, https:\/\/inces.gob.ve\/wp-content\/uploads\/2019\/08\/FOTO-1-136x102.jpg 136w\" sizes=\"auto, (max-width: 640px) 100vw, 640px\" \/><\/p>\n<p align=\"justify\">\n<p align=\"justify\"><span style=\"font-family: ARIAL, sans-serif;\">El gerente regional Julio C\u00e9sar Garc\u00eda L\u00f3pez destac\u00f3 el reto \u201den un antes, durante y despu\u00e9s, asumiendo lo que nos toca vivir, d\u00eda a d\u00eda demostrando desde cada espacio Inces, el compromiso y la profunda sensibilidad social. As\u00ed se muestra nuestra comunidad inceista\u201d, enfatiz\u00f3 Garc\u00eda al tiempo que exhort\u00f3 con un mensaje emotivo en seguir queriendo y cuidando el legado del maestro Luis Beltr\u00e1n Prieto Figueroa y el seguir trabajando incansablemente junto a nuestro gobierno revolucionario.<\/span><\/p>\n<p align=\"justify\">\n<img loading=\"lazy\" decoding=\"async\" class=\"aligncenter wp-image-30840 size-large\" src=\"http:\/\/www.inces.gob.ve\/wp-content\/uploads\/2019\/08\/FOTO-2-1024x768.jpg\" alt=\"\" width=\"640\" height=\"480\" srcset=\"https:\/\/inces.gob.ve\/wp-content\/uploads\/2019\/08\/FOTO-2-1024x768.jpg 1024w, https:\/\/inces.gob.ve\/wp-content\/uploads\/2019\/08\/FOTO-2-300x225.jpg 300w, https:\/\/inces.gob.ve\/wp-content\/uploads\/2019\/08\/FOTO-2-768x576.jpg 768w, https:\/\/inces.gob.ve\/wp-content\/uploads\/2019\/08\/FOTO-2-136x102.jpg 136w\" sizes=\"auto, (max-width: 640px) 100vw, 640px\" \/><\/p>\n<p align=\"justify\"><span style=\"font-family: ARIAL, sans-serif;\"><b>Personal jubilado reconocido abnegados maestros<\/b><\/span><\/p>\n<p align=\"justify\"><span style=\"font-family: ARIAL, sans-serif;\">Siguiendo el ejemplo de quienes dieron y siguen dando lo mejor con vocaci\u00f3n de servicio Alberto Ram\u00f3n Reyes recibi\u00f3 un reconocimiento, pues siendo personal jubilado de la instituci\u00f3n a\u00fan se mantiene presente y siempre consecuente desde la Asociaci\u00f3n de Jubilados Inces (ANJI) brindando su apoyo incondicional, no solo a los jubilados de la instituci\u00f3n, sino tambi\u00e9n a todo quien lo requiera.<\/span><\/p>\n<p align=\"justify\">\n<p align=\"justify\"><span style=\"font-family: ARIAL, sans-serif;\">Asimismo nuestro respeto al maestro pueblo Gumercindo Bravo hombre de gran trayectoria en la instituci\u00f3n, un homenaje a quien a sus casi 80 a\u00f1os se mantiene firme para replicar sus conocimientos y saberes desde las \u00e1reas de la construcci\u00f3n.<\/span><\/p>\n<p align=\"justify\">\n<img loading=\"lazy\" decoding=\"async\" class=\"aligncenter wp-image-30838 size-large\" src=\"http:\/\/www.inces.gob.ve\/wp-content\/uploads\/2019\/08\/FOTO-4-1024x768.jpg\" alt=\"\" width=\"640\" height=\"480\" srcset=\"https:\/\/inces.gob.ve\/wp-content\/uploads\/2019\/08\/FOTO-4-1024x768.jpg 1024w, https:\/\/inces.gob.ve\/wp-content\/uploads\/2019\/08\/FOTO-4-300x225.jpg 300w, https:\/\/inces.gob.ve\/wp-content\/uploads\/2019\/08\/FOTO-4-768x576.jpg 768w, https:\/\/inces.gob.ve\/wp-content\/uploads\/2019\/08\/FOTO-4-136x102.jpg 136w\" sizes=\"auto, (max-width: 640px) 100vw, 640px\" \/><\/p>\n<p align=\"justify\"><span style=\"font-family: ARIAL, sans-serif;\">Son estos, los momentos justos y sensibles, merecidos que sin duda, demuestran que en Inces socialista est\u00e1n presente en todo momento los valores, la lucha diaria y por supuesto la hermandad, el mensaje claro, motivador y consciente para seguir construyendo, a todos muchas felicidades!!!<\/span><\/p>\n<p align=\"justify\">\n","protected":false},"excerpt":{"rendered":"<p>** Hombres y mujeres que con tes\u00f3n y empe\u00f1o trabajan diariamente en Inces para el pueblo<\/p>\n","protected":false},"author":4,"featured_media":30839,"comment_status":"closed","ping_status":"open","sticky":false,"template":"","format":"standard","meta":{"footnotes":""},"categories":[2],"tags":[],"class_list":["post-30837","post","type-post","status-publish","format-standard","has-post-thumbnail","hentry","category-blog"],"_links":{"self":[{"href":"https:\/\/inces.gob.ve\/index.php\/wp-json\/wp\/v2\/posts\/30837","targetHints":{"allow":["GET"]}}],"collection":[{"href":"https:\/\/inces.gob.ve\/index.php\/wp-json\/wp\/v2\/posts"}],"about":[{"href":"https:\/\/inces.gob.ve\/index.php\/wp-json\/wp\/v2\/types\/post"}],"author":[{"embeddable":true,"href":"https:\/\/inces.gob.ve\/index.php\/wp-json\/wp\/v2\/users\/4"}],"replies":[{"embeddable":true,"href":"https:\/\/inces.gob.ve\/index.php\/wp-json\/wp\/v2\/comments?post=30837"}],"version-history":[{"count":1,"href":"https:\/\/inces.gob.ve\/index.php\/wp-json\/wp\/v2\/posts\/30837\/revisions"}],"predecessor-version":[{"id":30842,"href":"https:\/\/inces.gob.ve\/index.php\/wp-json\/wp\/v2\/posts\/30837\/revisions\/30842"}],"wp:featuredmedia":[{"embeddable":true,"href":"https:\/\/inces.gob.ve\/index.php\/wp-json\/wp\/v2\/media\/30839"}],"wp:attachment":[{"href":"https:\/\/inces.gob.ve\/index.php\/wp-json\/wp\/v2\/media?parent=30837"}],"wp:term":[{"taxonomy":"category","embeddable":true,"href":"https:\/\/inces.gob.ve\/index.php\/wp-json\/wp\/v2\/categories?post=30837"},{"taxonomy":"post_tag","embeddable":true,"href":"https:\/\/inces.gob.ve\/index.php\/wp-json\/wp\/v2\/tags?post=30837"}],"curies":[{"name":"wp","href":"https:\/\/api.w.org\/{rel}","templated":true}]}}