{"id":30843,"date":"2019-08-30T10:25:09","date_gmt":"2019-08-30T16:25:09","guid":{"rendered":"http:\/\/www.inces.gob.ve\/?p=30843"},"modified":"2020-05-28T20:33:32","modified_gmt":"2020-05-29T00:33:32","slug":"amazonas-inces-certifica-saberes-con-los-programas-soy-mujer-y-juventud-productiva","status":"publish","type":"post","link":"https:\/\/inces.gob.ve\/index.php\/2019\/08\/30\/amazonas-inces-certifica-saberes-con-los-programas-soy-mujer-y-juventud-productiva\/","title":{"rendered":"AMAZONAS | Inces certifica saberes con los programas Soy Mujer y Juventud Productiva"},"content":{"rendered":"<p><em>** Se pudieron apreciar los productos elaborados por las mujeres y los j\u00f3venes presentes<\/em><!--more--><\/p>\n<p><span style=\"font-size: small;\"><b>ALEX M\u00c9NDEZ<\/b><\/span><\/p>\n<p align=\"justify\"><span style=\"font-size: medium;\">Este jueves la coordinadora Flor Coronel, encargada de los programas Juventud Productiva y Mujer Productiva, continua con la jornada de certificaci\u00f3n de saberes de hombres y mujeres que poseen habilidades en las \u00e1reas de producci\u00f3n.<\/span><\/p>\n<p align=\"justify\">\n<p align=\"justify\"><span style=\"font-size: medium;\">La actividad inici\u00f3 en horas de la ma\u00f1ana, donde la asistencia fue de 40 mujeres productoras que est\u00e1n interesadas en participar en el programa Soy Mujer. Algunas de ellas hicieron muestras de los productos que elaboran para su certificaci\u00f3n, como la elaboraci\u00f3n de chinchorros, dulces criollos, elaboraci\u00f3n de patrones para la confecci\u00f3n y panificaci\u00f3n.<\/span><\/p>\n<p align=\"justify\"><img loading=\"lazy\" decoding=\"async\" class=\"aligncenter wp-image-30844 size-large\" src=\"http:\/\/www.inces.gob.ve\/wp-content\/uploads\/2019\/08\/IMG_20190829_095225-1024x768.jpg\" alt=\"\" width=\"640\" height=\"480\" srcset=\"https:\/\/inces.gob.ve\/wp-content\/uploads\/2019\/08\/IMG_20190829_095225-1024x768.jpg 1024w, https:\/\/inces.gob.ve\/wp-content\/uploads\/2019\/08\/IMG_20190829_095225-300x225.jpg 300w, https:\/\/inces.gob.ve\/wp-content\/uploads\/2019\/08\/IMG_20190829_095225-768x576.jpg 768w, https:\/\/inces.gob.ve\/wp-content\/uploads\/2019\/08\/IMG_20190829_095225-136x102.jpg 136w\" sizes=\"auto, (max-width: 640px) 100vw, 640px\" \/><\/p>\n<p align=\"justify\">\n<p align=\"justify\"><span style=\"font-size: medium;\">El programa Soy Mujer y Juventud Productiva en Inces, regi\u00f3n Amazonas, tiene como misi\u00f3n: lograr captar a todas aquellas mujeres y j\u00f3venes que desean participar en el \u00e1rea productiva de la regi\u00f3n y la visi\u00f3n, es hacer de ejemplo para todas y todos que s\u00ed se puede lograr un estado productivo al cien por ciento.<\/span><\/p>\n<p align=\"justify\">\n<p align=\"justify\"><img loading=\"lazy\" decoding=\"async\" class=\"aligncenter wp-image-30846 size-large\" src=\"http:\/\/www.inces.gob.ve\/wp-content\/uploads\/2019\/08\/IMG_20190829_095053-1024x768.jpg\" alt=\"\" width=\"640\" height=\"480\" srcset=\"https:\/\/inces.gob.ve\/wp-content\/uploads\/2019\/08\/IMG_20190829_095053-1024x768.jpg 1024w, https:\/\/inces.gob.ve\/wp-content\/uploads\/2019\/08\/IMG_20190829_095053-300x225.jpg 300w, https:\/\/inces.gob.ve\/wp-content\/uploads\/2019\/08\/IMG_20190829_095053-768x576.jpg 768w, https:\/\/inces.gob.ve\/wp-content\/uploads\/2019\/08\/IMG_20190829_095053-136x102.jpg 136w\" sizes=\"auto, (max-width: 640px) 100vw, 640px\" \/><\/p>\n<p align=\"justify\">\n<p align=\"justify\"><span style=\"font-size: medium;\">Los citados programas estar\u00e1n haciendo sus expoventas todos los jueves en la sede de Inces, regi\u00f3n Amazonas, ubicada en prolongaci\u00f3n \u201cMonse\u00f1or Segundo Garc\u00eda\u201d.<\/span><\/p>\n","protected":false},"excerpt":{"rendered":"<p>** Se pudieron apreciar los productos elaborados por las mujeres y los j\u00f3venes presentes<\/p>\n","protected":false},"author":4,"featured_media":30845,"comment_status":"closed","ping_status":"open","sticky":false,"template":"","format":"standard","meta":{"footnotes":""},"categories":[2],"tags":[],"class_list":["post-30843","post","type-post","status-publish","format-standard","has-post-thumbnail","hentry","category-blog"],"_links":{"self":[{"href":"https:\/\/inces.gob.ve\/index.php\/wp-json\/wp\/v2\/posts\/30843","targetHints":{"allow":["GET"]}}],"collection":[{"href":"https:\/\/inces.gob.ve\/index.php\/wp-json\/wp\/v2\/posts"}],"about":[{"href":"https:\/\/inces.gob.ve\/index.php\/wp-json\/wp\/v2\/types\/post"}],"author":[{"embeddable":true,"href":"https:\/\/inces.gob.ve\/index.php\/wp-json\/wp\/v2\/users\/4"}],"replies":[{"embeddable":true,"href":"https:\/\/inces.gob.ve\/index.php\/wp-json\/wp\/v2\/comments?post=30843"}],"version-history":[{"count":1,"href":"https:\/\/inces.gob.ve\/index.php\/wp-json\/wp\/v2\/posts\/30843\/revisions"}],"predecessor-version":[{"id":30847,"href":"https:\/\/inces.gob.ve\/index.php\/wp-json\/wp\/v2\/posts\/30843\/revisions\/30847"}],"wp:featuredmedia":[{"embeddable":true,"href":"https:\/\/inces.gob.ve\/index.php\/wp-json\/wp\/v2\/media\/30845"}],"wp:attachment":[{"href":"https:\/\/inces.gob.ve\/index.php\/wp-json\/wp\/v2\/media?parent=30843"}],"wp:term":[{"taxonomy":"category","embeddable":true,"href":"https:\/\/inces.gob.ve\/index.php\/wp-json\/wp\/v2\/categories?post=30843"},{"taxonomy":"post_tag","embeddable":true,"href":"https:\/\/inces.gob.ve\/index.php\/wp-json\/wp\/v2\/tags?post=30843"}],"curies":[{"name":"wp","href":"https:\/\/api.w.org\/{rel}","templated":true}]}}