{"id":30861,"date":"2019-08-30T10:49:10","date_gmt":"2019-08-30T16:49:10","guid":{"rendered":"http:\/\/www.inces.gob.ve\/?p=30861"},"modified":"2020-05-28T20:25:56","modified_gmt":"2020-05-29T00:25:56","slug":"inces-varagua-trabajadores-participaron-en-el-taller-detalles-practicos-para-mejorar-las-publicaciones-en-medios-digitales-institucionales","status":"publish","type":"post","link":"https:\/\/inces.gob.ve\/index.php\/2019\/08\/30\/inces-varagua-trabajadores-participaron-en-el-taller-detalles-practicos-para-mejorar-las-publicaciones-en-medios-digitales-institucionales\/","title":{"rendered":"Inces ARAGUA | Trabajadores participaron en el taller \u201cDetalles pr\u00e1cticos para mejorar las publicaciones en medios digitales institucionales\u201d"},"content":{"rendered":"<p align=\"justify\"><span style=\"font-family: Arial, sans-serif;\"><span style=\"font-size: x-large;\"><i><b>** El equipo de comunicaci\u00f3n y relaciones institucionales de la regi\u00f3n ofreci\u00f3 una formaci\u00f3n did\u00e1ctica a los enlaces comunicacionales<\/b><\/i><\/span><\/span><!--more--><\/p>\n<p align=\"justify\">\n<p align=\"justify\"><span style=\"font-family: Arial, sans-serif;\"><span style=\"font-size: x-large;\"><b>MAR\u00cdA MOLINA \/ ROGER MART\u00cdNEZ (Pasante) <\/b><\/span><\/span><\/p>\n<p align=\"justify\"><span style=\"font-family: Arial, sans-serif;\"><span style=\"font-size: x-large;\">Durante la celebraci\u00f3n del 60 Aniversario del Inces, se llev\u00f3 a cabo en el laboratorio de inform\u00e1tica del centro de formaci\u00f3n socialista (CFS) Comercial Maracay el taller \u201cDetalles pr\u00e1cticos para mejorar las publicaciones en medios digitales institucionales\u201d.<\/span><\/span><\/p>\n<p align=\"justify\"><span style=\"font-family: Arial, sans-serif;\"><span style=\"font-size: x-large;\">En la actividad, los trabajadores, trabajadoras y algunos aprendices adquirieron conocimientos importantes sobre las herramientas tecnol\u00f3gicas que se tienen a la mano para lograr un buen trabajo en el \u00e1rea digital.<\/span><\/span><\/p>\n<p align=\"justify\"><span style=\"font-family: Arial, sans-serif;\"><span style=\"font-size: x-large;\"><img loading=\"lazy\" decoding=\"async\" class=\"aligncenter wp-image-30863 size-full\" src=\"http:\/\/www.inces.gob.ve\/wp-content\/uploads\/2019\/08\/INCES-Detalles-pr\u00e1cticos-para-mejorar-las-publicaciones2-.jpg\" alt=\"\" width=\"800\" height=\"600\" srcset=\"https:\/\/inces.gob.ve\/wp-content\/uploads\/2019\/08\/INCES-Detalles-pr\u00e1cticos-para-mejorar-las-publicaciones2-.jpg 800w, https:\/\/inces.gob.ve\/wp-content\/uploads\/2019\/08\/INCES-Detalles-pr\u00e1cticos-para-mejorar-las-publicaciones2--300x225.jpg 300w, https:\/\/inces.gob.ve\/wp-content\/uploads\/2019\/08\/INCES-Detalles-pr\u00e1cticos-para-mejorar-las-publicaciones2--768x576.jpg 768w, https:\/\/inces.gob.ve\/wp-content\/uploads\/2019\/08\/INCES-Detalles-pr\u00e1cticos-para-mejorar-las-publicaciones2--136x102.jpg 136w\" sizes=\"auto, (max-width: 800px) 100vw, 800px\" \/><\/span><\/span><\/p>\n<p align=\"justify\"><span style=\"font-family: Arial, sans-serif;\"><span style=\"font-size: x-large;\">Primeramente, se realiz\u00f3 un ameno conversatorio did\u00e1ctico dirigido por Ninoska Patriz, asesora comunicacional del Inces Aragua; quien expuso sus conocimientos y consejos con la ponencia denominada \u201cReinvent\u00e1ndonos, de palabras a hechos en Re &#8211; Evoluci\u00f3n\u201d.<\/span><\/span><\/p>\n<p align=\"justify\"><span style=\"font-family: Arial, sans-serif;\"><span style=\"font-size: x-large;\">A trav\u00e9s de esta presentaci\u00f3n, la comunicadora social, incentiv\u00f3 el sentido de pertenencia Inces-Venezuela, el amor por el trabajo comunicacional y los elementos que se deben tener en cuenta para efectuar un trabajo eficiente en las redes sociales; a\u00fan cuando las herramientas sean escasas.<\/span><\/span><\/p>\n<p align=\"justify\"><span style=\"font-family: Arial, sans-serif;\"><span style=\"font-size: x-large;\">Resalt\u00f3 que el apoyo y el trabajo en equipo es vital para difundir la labor que con amor se realiza desde cada centro de formaci\u00f3n socialista (CFS); la labor de cada maestro, promotor, participante, aprendiz y responsables del CFS. Incluso desde las comunidades, otras instituciones y entidades de trabajo.<\/span><\/span><\/p>\n<p align=\"justify\">\n<p align=\"justify\"><span style=\"font-family: Arial, sans-serif;\"><span style=\"font-size: x-large;\"><b>Medios digitales institucionales <\/b><\/span><\/span><\/p>\n<p align=\"justify\"><span style=\"font-family: Arial, sans-serif;\"><span style=\"font-size: x-large;\">Por otra parte, acerca de c\u00f3mo aplicar el amor y el trabajo en equipo en el \u00e1rea de los medios digitales institucionales, se ofrecieron herramientas sencillas y un lenguaje cotidiano, el cual llegue a la mayor cantidad de personas.<\/span><\/span><\/p>\n<p align=\"justify\"><span style=\"font-family: Arial, sans-serif;\"><span style=\"font-size: x-large;\">En este sentido, es importante cultivar las formas y maneras de lograr una efectiva comunicaci\u00f3n entre nosotros; adem\u00e1s de mantenernos actualizados con la informaci\u00f3n y a la vanguardia del siglo XXI con el cambiante tema tecnol\u00f3gico.<\/span><\/span><\/p>\n<p align=\"justify\"><span style=\"font-family: Arial, sans-serif;\"><span style=\"font-size: x-large;\">Entre otros detalles, la otra comunicadora social, Mar\u00eda Molina, tambi\u00e9n asesora comunicacional del Inces Aragua; present\u00f3 unos tips b\u00e1sicos sobre la redacci\u00f3n en redes sociales al utilizar las 5WH, \u00bfqu\u00e9?, \u00bfqui\u00e9n o qui\u00e9nes?, \u00bfcu\u00e1ndo?, \u00bfd\u00f3nde? y \u00bfpara qu\u00e9?<\/span><\/span><\/p>\n<p align=\"justify\"><span style=\"font-family: Arial, sans-serif;\"><span style=\"font-size: x-large;\">Asimismo, explic\u00f3 los cuadrantes de la fotograf\u00eda, el elemento humano de cada foto, la identificaci\u00f3n Inces, y el enfoque de las fotos. De igual manera, c\u00f3mo deber\u00eda ser un buen contenido y los canales de comunicaci\u00f3n.<\/span><\/span><\/p>\n<p align=\"justify\"><span style=\"font-family: Arial, sans-serif;\"><span style=\"font-size: x-large;\">A trav\u00e9s de din\u00e1micas de grupo se percibi\u00f3 lo importante que es informar con una fotograf\u00eda explicita y detallada; en donde con un texto puntual se evidencien las 5WH, para que de esta manera el lector se informe correctamente.<\/span><\/span><\/p>\n<p align=\"justify\"><span style=\"font-family: Arial, sans-serif;\"><span style=\"font-size: x-large;\">En medio de las din\u00e1micas, la tambi\u00e9n comunicadora social y asesora del Inces Aragua, Dayana Albarr\u00e1n destac\u00f3 puntualmente la importancia de la comunicaci\u00f3n popular y comunal para que la informaci\u00f3n llegue a todos los sectores del pa\u00eds.<\/span><\/span><\/p>\n<p align=\"justify\"><span style=\"font-family: Arial, sans-serif;\"><span style=\"font-size: x-large;\">Para finalizar el taller, se explicaron los elementos b\u00e1sico del Facebook y el Twitter en el \u00e1mbito comunicacional; entre ellos los hashtags #, el 70% imagen y 30% texto, la Fan Page. Tambi\u00e9n, desde Twitter la redacci\u00f3n de la biograf\u00eda, utilizar los hashtags prudentes y las menciones de igual forma, la consulta de las tendencias y el tiempo de publicaci\u00f3n.<\/span><\/span><\/p>\n<p align=\"justify\"><span style=\"font-family: Arial, sans-serif;\"><span style=\"font-size: x-large;\"><img loading=\"lazy\" decoding=\"async\" class=\"aligncenter wp-image-30864 size-full\" src=\"http:\/\/www.inces.gob.ve\/wp-content\/uploads\/2019\/08\/INCES-Detalles-pr\u00e1cticos-para-mejorar-las-publicaciones1-.jpg\" alt=\"\" width=\"800\" height=\"447\" srcset=\"https:\/\/inces.gob.ve\/wp-content\/uploads\/2019\/08\/INCES-Detalles-pr\u00e1cticos-para-mejorar-las-publicaciones1-.jpg 800w, https:\/\/inces.gob.ve\/wp-content\/uploads\/2019\/08\/INCES-Detalles-pr\u00e1cticos-para-mejorar-las-publicaciones1--300x168.jpg 300w, https:\/\/inces.gob.ve\/wp-content\/uploads\/2019\/08\/INCES-Detalles-pr\u00e1cticos-para-mejorar-las-publicaciones1--768x429.jpg 768w\" sizes=\"auto, (max-width: 800px) 100vw, 800px\" \/><\/span><\/span><\/p>\n<p align=\"justify\"><span style=\"font-family: Arial, sans-serif;\"><span style=\"font-size: x-large;\">Vale resaltar que, aunque los 12 enlaces comunicacionales de los CFS Comercial Maracay, Villa de Cura, Programa Construcci\u00f3n, El Lim\u00f3n, Comercial La Victoria, Cagua y Programa Penitenciario; as\u00ed como las unidades de Bienes Nacionales y de Ingresos Tributarios; no tienen experiencia ni estudios formales en \u00e9sta \u00e1rea; todos manifestaron que les gusta realizar estas funciones y est\u00e1n a la disposici\u00f3n.<\/span><\/span><\/p>\n","protected":false},"excerpt":{"rendered":"<p>** El equipo de comunicaci\u00f3n y relaciones institucionales de la regi\u00f3n ofreci\u00f3 una formaci\u00f3n did\u00e1ctica a los enlaces comunicacionales<\/p>\n","protected":false},"author":15,"featured_media":30862,"comment_status":"closed","ping_status":"closed","sticky":false,"template":"","format":"standard","meta":{"footnotes":""},"categories":[2],"tags":[],"class_list":["post-30861","post","type-post","status-publish","format-standard","has-post-thumbnail","hentry","category-blog"],"_links":{"self":[{"href":"https:\/\/inces.gob.ve\/index.php\/wp-json\/wp\/v2\/posts\/30861","targetHints":{"allow":["GET"]}}],"collection":[{"href":"https:\/\/inces.gob.ve\/index.php\/wp-json\/wp\/v2\/posts"}],"about":[{"href":"https:\/\/inces.gob.ve\/index.php\/wp-json\/wp\/v2\/types\/post"}],"author":[{"embeddable":true,"href":"https:\/\/inces.gob.ve\/index.php\/wp-json\/wp\/v2\/users\/15"}],"replies":[{"embeddable":true,"href":"https:\/\/inces.gob.ve\/index.php\/wp-json\/wp\/v2\/comments?post=30861"}],"version-history":[{"count":2,"href":"https:\/\/inces.gob.ve\/index.php\/wp-json\/wp\/v2\/posts\/30861\/revisions"}],"predecessor-version":[{"id":30884,"href":"https:\/\/inces.gob.ve\/index.php\/wp-json\/wp\/v2\/posts\/30861\/revisions\/30884"}],"wp:featuredmedia":[{"embeddable":true,"href":"https:\/\/inces.gob.ve\/index.php\/wp-json\/wp\/v2\/media\/30862"}],"wp:attachment":[{"href":"https:\/\/inces.gob.ve\/index.php\/wp-json\/wp\/v2\/media?parent=30861"}],"wp:term":[{"taxonomy":"category","embeddable":true,"href":"https:\/\/inces.gob.ve\/index.php\/wp-json\/wp\/v2\/categories?post=30861"},{"taxonomy":"post_tag","embeddable":true,"href":"https:\/\/inces.gob.ve\/index.php\/wp-json\/wp\/v2\/tags?post=30861"}],"curies":[{"name":"wp","href":"https:\/\/api.w.org\/{rel}","templated":true}]}}