{"id":30890,"date":"2019-09-03T07:25:37","date_gmt":"2019-09-03T13:25:37","guid":{"rendered":"http:\/\/www.inces.gob.ve\/?p=30890"},"modified":"2020-05-28T20:25:56","modified_gmt":"2020-05-29T00:25:56","slug":"inces-merida-reconocio-la-disciplina-y-la-abnegacion-de-sus-trabajadores","status":"publish","type":"post","link":"https:\/\/inces.gob.ve\/index.php\/2019\/09\/03\/inces-merida-reconocio-la-disciplina-y-la-abnegacion-de-sus-trabajadores\/","title":{"rendered":"Inces M\u00e9rida reconoci\u00f3 la disciplina y la abnegaci\u00f3n de sus trabajadores"},"content":{"rendered":"<p align=\"justify\"><em><strong><span style=\"color: #000000;\"><span style=\"font-family: Arial,sans-serif;\"><span style=\"font-size: x-large;\">**El Inces a trav\u00e9s de un equipo humano, tiene como compromiso construir un modelo de educaci\u00f3n e influyente que permita retomar la premisa del \u201cAprender Haciendo\u201d, desde la visi\u00f3n Robinsoniana<\/span><\/span><\/span><\/strong><\/em><!--more--><\/p>\n<p align=\"justify\"><span style=\"color: #000000;\"><span style=\"font-family: Arial, sans-serif;\"><span style=\"font-size: x-large;\"><b>Nadia Lobo<\/b><\/span><\/span><\/span><\/p>\n<p align=\"justify\"><span style=\"color: #000000;\"><span style=\"font-family: Arial, sans-serif;\"><span style=\"font-size: x-large;\">La celebraci\u00f3n del 60 Aniversario del Inces, fue el escenario perfecto para reconocer el esfuerzo, compromiso y abnegaci\u00f3n de sus trabajadores, que a pesar de la guerra econ\u00f3mica, siguen comprometidos en desarrollar d\u00eda a d\u00eda su labores en beneficio de la formaci\u00f3n del pueblo meride\u00f1o.<\/span><\/span><\/span><\/p>\n<p align=\"justify\"><span style=\"color: #000000;\"><span style=\"font-family: Arial, sans-serif;\"><span style=\"font-size: x-large;\">As\u00ed lo manifest\u00f3 la gerente regional del Inces\u2013M\u00e9rida, Marlibeth Colina, quien destac\u00f3 que la programaci\u00f3n del aniversario de la instituci\u00f3n contempl\u00f3 una serie de actividades, que permiti\u00f3 que trabajadoras y trabajadores con a\u00f1os de servicio en la instituci\u00f3n, recibir\u00e1n su reconocimiento y botones correspondientes.<\/span><\/span><\/span><\/p>\n<p><img loading=\"lazy\" decoding=\"async\" class=\"wp-image-30902 size-full\" src=\"http:\/\/www.inces.gob.ve\/wp-content\/uploads\/2019\/09\/Inces-abnegaci\u00f3n-de-sus-trabajadores1-.jpg\" alt=\"\" width=\"750\" height=\"563\" srcset=\"https:\/\/inces.gob.ve\/wp-content\/uploads\/2019\/09\/Inces-abnegaci\u00f3n-de-sus-trabajadores1-.jpg 750w, https:\/\/inces.gob.ve\/wp-content\/uploads\/2019\/09\/Inces-abnegaci\u00f3n-de-sus-trabajadores1--300x225.jpg 300w, https:\/\/inces.gob.ve\/wp-content\/uploads\/2019\/09\/Inces-abnegaci\u00f3n-de-sus-trabajadores1--136x102.jpg 136w\" sizes=\"auto, (max-width: 750px) 100vw, 750px\" \/><\/p>\n<p align=\"justify\"><span style=\"color: #000000;\"><span style=\"font-family: Arial, sans-serif;\"><span style=\"font-size: x-large;\">Explic\u00f3 que durante el acto central para celebrar el aniversario, inici\u00f3 con la acostumbrada misa ecum\u00e9nica, seguidamente la entrega de botones y reconocimiento por tiempo de servicio a los trabajadores y trabajadoras que van de 5 a 30 a\u00f1os haciendo vida en el Inces, y tuvo lugar en las instalaciones del Hotel Venetur, para culminar con un almuerzo y el tradicional cumplea\u00f1os feliz.<\/span><\/span><\/span><\/p>\n<p align=\"justify\"><span style=\"color: #000000;\"><span style=\"font-family: Arial, sans-serif;\"><span style=\"font-size: x-large;\">\u00abEl Gobierno de la Rep\u00fablica Bolivariana de Venezuela, hace un esfuerzo en transformar el sistema educativo nacional como herramienta fundamental para impulsar la construcci\u00f3n del nuevo modelo econ\u00f3mico productivo para el pa\u00eds. En \u00e9ste sentido, el Inces cuenta con un personal comprometido, con maestros t\u00e9cnicos productivos (MTP) adnegados a su misi\u00f3n de capacitar para seguir aportando desde nuestros espacios formativos nuevas actitudes productivas\u00bb, Indic\u00f3 Colina.<\/span><\/span><\/span><\/p>\n<p align=\"justify\"><span style=\"color: #000000;\"><span style=\"font-family: Arial, sans-serif;\"><span style=\"font-size: x-large;\">Es importante destacar que el Inces en estos 60 a\u00f1os, ha realizado importantes aportado con peque\u00f1as experiencias productivas, acompa\u00f1ando a un pueblo en su proceso de vida cotidiana, y all\u00ed est\u00e1 presente el esfuerzo de los trabajadores del Inces en el campo educativo, que desde cualquier espacio formativo, garantiza la formaci\u00f3n t\u00e9cnica de alto nivel.<\/span><\/span><\/span><\/p>\n<p><img loading=\"lazy\" decoding=\"async\" class=\"wp-image-30900 size-full\" src=\"http:\/\/www.inces.gob.ve\/wp-content\/uploads\/2019\/09\/Inces-abnegaci\u00f3n-de-sus-trabajadores5-.jpg\" alt=\"\" width=\"760\" height=\"570\" srcset=\"https:\/\/inces.gob.ve\/wp-content\/uploads\/2019\/09\/Inces-abnegaci\u00f3n-de-sus-trabajadores5-.jpg 760w, https:\/\/inces.gob.ve\/wp-content\/uploads\/2019\/09\/Inces-abnegaci\u00f3n-de-sus-trabajadores5--300x225.jpg 300w, https:\/\/inces.gob.ve\/wp-content\/uploads\/2019\/09\/Inces-abnegaci\u00f3n-de-sus-trabajadores5--136x102.jpg 136w\" sizes=\"auto, (max-width: 760px) 100vw, 760px\" \/><\/p>\n<p align=\"justify\"><span style=\"color: #000000;\"><span style=\"font-family: Arial, sans-serif;\"><span style=\"font-size: x-large;\">Finalmente dijo, que se seguir\u00e1n desarrollando jornadas de exposici\u00f3n de piezas dise\u00f1adas y confeccionadas en los diferentes cursos y talleres del Inces, como la que se desarroll\u00f3 de manera exitosa en el auditorio del CFS Eli\u00e9zer Otaiza, donde los participantes conjuntamente con sus maestros t\u00e9cnicos productivos (MTP) presentaron una muestra de su producci\u00f3n en las \u00e1reas de textil, carpinter\u00eda, agr\u00edcola, gastronom\u00eda, encuadernaci\u00f3n, panader\u00eda y bomboner\u00eda, como una manera de mostrar lo que realmente es nuestra premisa \u201cAprender Haciendo\u201d.<\/span><\/span><\/span><\/p>\n","protected":false},"excerpt":{"rendered":"<p>**El Inces a trav\u00e9s de un equipo humano, tiene como compromiso construir un modelo de educaci\u00f3n e influyente que permita retomar la premisa del \u201cAprender Haciendo\u201d, desde la visi\u00f3n Robinsoniana<\/p>\n","protected":false},"author":15,"featured_media":30901,"comment_status":"closed","ping_status":"closed","sticky":false,"template":"","format":"standard","meta":{"footnotes":""},"categories":[2],"tags":[],"class_list":["post-30890","post","type-post","status-publish","format-standard","has-post-thumbnail","hentry","category-blog"],"_links":{"self":[{"href":"https:\/\/inces.gob.ve\/index.php\/wp-json\/wp\/v2\/posts\/30890","targetHints":{"allow":["GET"]}}],"collection":[{"href":"https:\/\/inces.gob.ve\/index.php\/wp-json\/wp\/v2\/posts"}],"about":[{"href":"https:\/\/inces.gob.ve\/index.php\/wp-json\/wp\/v2\/types\/post"}],"author":[{"embeddable":true,"href":"https:\/\/inces.gob.ve\/index.php\/wp-json\/wp\/v2\/users\/15"}],"replies":[{"embeddable":true,"href":"https:\/\/inces.gob.ve\/index.php\/wp-json\/wp\/v2\/comments?post=30890"}],"version-history":[{"count":2,"href":"https:\/\/inces.gob.ve\/index.php\/wp-json\/wp\/v2\/posts\/30890\/revisions"}],"predecessor-version":[{"id":30903,"href":"https:\/\/inces.gob.ve\/index.php\/wp-json\/wp\/v2\/posts\/30890\/revisions\/30903"}],"wp:featuredmedia":[{"embeddable":true,"href":"https:\/\/inces.gob.ve\/index.php\/wp-json\/wp\/v2\/media\/30901"}],"wp:attachment":[{"href":"https:\/\/inces.gob.ve\/index.php\/wp-json\/wp\/v2\/media?parent=30890"}],"wp:term":[{"taxonomy":"category","embeddable":true,"href":"https:\/\/inces.gob.ve\/index.php\/wp-json\/wp\/v2\/categories?post=30890"},{"taxonomy":"post_tag","embeddable":true,"href":"https:\/\/inces.gob.ve\/index.php\/wp-json\/wp\/v2\/tags?post=30890"}],"curies":[{"name":"wp","href":"https:\/\/api.w.org\/{rel}","templated":true}]}}