{"id":30893,"date":"2019-09-03T07:39:09","date_gmt":"2019-09-03T13:39:09","guid":{"rendered":"http:\/\/www.inces.gob.ve\/?p=30893"},"modified":"2020-05-28T20:25:56","modified_gmt":"2020-05-29T00:25:56","slug":"taller-vacacional-de-visitas-guiadas-fusiono-con-el-programa-agricola-y-pasearon-a-los-pequenos-por-diversos-parques","status":"publish","type":"post","link":"https:\/\/inces.gob.ve\/index.php\/2019\/09\/03\/taller-vacacional-de-visitas-guiadas-fusiono-con-el-programa-agricola-y-pasearon-a-los-pequenos-por-diversos-parques\/","title":{"rendered":"Taller Vacacional de Visitas Guiadas fusion\u00f3 con el Programa Agr\u00edcola y pasearon a los peque\u00f1os por diversos parques"},"content":{"rendered":"<p align=\"justify\"><span style=\"font-family: Arial, sans-serif;\"><span style=\"font-size: x-large;\"><b>** <i>En todos los <\/i><i>espacios<\/i><i> fueron recibido y atendidos por personal de anfitriones especializado. <\/i><i>Todos los talleres vacacionales del Inces este a\u00f1o tuvieron un componente formativo. Es decir, los chamos siempre aprendieron algo mientras se recrearon<\/i><\/b><\/span><\/span><\/p>\n<p align=\"justify\"><!--more--><\/p>\n<p align=\"justify\"><span style=\"font-family: Arial, sans-serif;\"><span style=\"font-size: x-large;\"><b>Ivaldo Rodr\u00edguez | Prensa Inces Sede<\/b><\/span><\/span><\/p>\n<p align=\"justify\"><span style=\"font-family: Arial, sans-serif;\"><span style=\"font-size: x-large;\">Culmin\u00f3 con muchas expectativas cumplidas y emociones encontradas la actividad de los talleres vacacionales de Visitas Guiadas a los parques naturales, que en esta ocasi\u00f3n se organiz\u00f3 de manera conjunta por el equipo del Programa Turismo y el personal del Programa Nacional Agr\u00edcola, quienes desplegaron su taller de Mini Siembra Urbana.<\/span><\/span><\/p>\n<p align=\"justify\"><span style=\"font-family: Arial, sans-serif;\"><span style=\"font-size: x-large;\"><img loading=\"lazy\" decoding=\"async\" class=\"aligncenter wp-image-30895 size-full\" src=\"http:\/\/www.inces.gob.ve\/wp-content\/uploads\/2019\/09\/peque\u00f1os-2-.jpg\" alt=\"\" width=\"800\" height=\"600\" srcset=\"https:\/\/inces.gob.ve\/wp-content\/uploads\/2019\/09\/peque\u00f1os-2-.jpg 800w, https:\/\/inces.gob.ve\/wp-content\/uploads\/2019\/09\/peque\u00f1os-2--300x225.jpg 300w, https:\/\/inces.gob.ve\/wp-content\/uploads\/2019\/09\/peque\u00f1os-2--768x576.jpg 768w, https:\/\/inces.gob.ve\/wp-content\/uploads\/2019\/09\/peque\u00f1os-2--136x102.jpg 136w\" sizes=\"auto, (max-width: 800px) 100vw, 800px\" \/><\/span><\/span><\/p>\n<p align=\"justify\"><span style=\"font-family: Arial, sans-serif;\"><span style=\"font-size: x-large;\">Se trat\u00f3 de una actividad llevada a cabo en las ma\u00f1anas durante toda la semana del 26 al 30 de agosto, como un cierre de las actividades aniversario.<\/span><\/span><\/p>\n<p align=\"justify\"><span style=\"font-family: Arial, sans-serif;\"><span style=\"font-size: x-large;\"><img loading=\"lazy\" decoding=\"async\" class=\"aligncenter wp-image-30897 size-full\" src=\"http:\/\/www.inces.gob.ve\/wp-content\/uploads\/2019\/09\/peque\u00f1os6-.jpg\" alt=\"\" width=\"800\" height=\"600\" srcset=\"https:\/\/inces.gob.ve\/wp-content\/uploads\/2019\/09\/peque\u00f1os6-.jpg 800w, https:\/\/inces.gob.ve\/wp-content\/uploads\/2019\/09\/peque\u00f1os6--300x225.jpg 300w, https:\/\/inces.gob.ve\/wp-content\/uploads\/2019\/09\/peque\u00f1os6--768x576.jpg 768w, https:\/\/inces.gob.ve\/wp-content\/uploads\/2019\/09\/peque\u00f1os6--136x102.jpg 136w\" sizes=\"auto, (max-width: 800px) 100vw, 800px\" \/><\/span><\/span><\/p>\n<p align=\"justify\"><span style=\"font-family: Arial, sans-serif;\"><span style=\"font-size: x-large;\">Los peque\u00f1os, en grupo de 20, fueron atendidos en todos los parques visitados por los anfitriones encargados, quienes ofrecieron toda la informaci\u00f3n explicativa importante, guiando a los ni\u00f1os por las \u00e1reas de mayor significaci\u00f3n del espacio natural.<\/span><\/span><\/p>\n<p align=\"justify\"><span style=\"font-family: Arial, sans-serif;\"><span style=\"font-size: x-large;\"><img loading=\"lazy\" decoding=\"async\" class=\"aligncenter wp-image-30896 size-full\" src=\"http:\/\/www.inces.gob.ve\/wp-content\/uploads\/2019\/09\/peque\u00f1os-1-.jpg\" alt=\"\" width=\"800\" height=\"600\" srcset=\"https:\/\/inces.gob.ve\/wp-content\/uploads\/2019\/09\/peque\u00f1os-1-.jpg 800w, https:\/\/inces.gob.ve\/wp-content\/uploads\/2019\/09\/peque\u00f1os-1--300x225.jpg 300w, https:\/\/inces.gob.ve\/wp-content\/uploads\/2019\/09\/peque\u00f1os-1--768x576.jpg 768w, https:\/\/inces.gob.ve\/wp-content\/uploads\/2019\/09\/peque\u00f1os-1--136x102.jpg 136w\" sizes=\"auto, (max-width: 800px) 100vw, 800px\" \/><\/span><\/span><\/p>\n<p align=\"justify\"><span style=\"font-family: Arial, sans-serif;\"><span style=\"font-size: x-large;\">Entre los parques visitados se encuentran:<\/span><\/span><\/p>\n<p align=\"justify\"><span style=\"font-family: Arial, sans-serif;\"><span style=\"font-size: x-large;\"><b>&#8211; El Parque del Oeste Al\u00ed Primera<\/b><\/span><\/span><\/p>\n<p align=\"justify\"><span style=\"font-family: Arial, sans-serif;\"><span style=\"font-size: x-large;\"><b>&#8211; La Hacienda La Estancia, el este de la ciudad<\/b><\/span><\/span><\/p>\n<p align=\"justify\"><span style=\"font-family: Arial, sans-serif;\"><span style=\"font-size: x-large;\"><b>&#8211; Monumento del Calvario Ezequiel Zamora<\/b><\/span><\/span><\/p>\n<p align=\"justify\"><span style=\"font-family: Arial, sans-serif;\"><span style=\"font-size: x-large;\"><b>&#8211; Parque Vinicio Adames en Hoyo de la Puerta<\/b><\/span><\/span><\/p>\n<p align=\"justify\"><span style=\"font-family: Arial, sans-serif;\"><span style=\"font-size: x-large;\">Los peque\u00f1os participaron de actividades como :<\/span><\/span><\/p>\n<p align=\"justify\"><span style=\"font-family: Arial, sans-serif;\"><span style=\"font-size: x-large;\"><b>&#8211; La siembra Urbana<\/b><\/span><\/span><\/p>\n<p align=\"justify\"><span style=\"font-family: Arial, sans-serif;\"><span style=\"font-size: x-large;\"><b>&#8211; Recolecci\u00f3n de Semillas<\/b><\/span><\/span><\/p>\n<p align=\"justify\"><span style=\"font-family: Arial, sans-serif;\"><span style=\"font-size: x-large;\"><b>&#8211; Observaci\u00f3n de especies vegetales<\/b><\/span><\/span><\/p>\n<p align=\"justify\"><span style=\"font-family: Arial, sans-serif;\"><span style=\"font-size: x-large;\"><b>&#8211; Paseos por lugares de particular inter\u00e9s<img loading=\"lazy\" decoding=\"async\" class=\"aligncenter wp-image-30894 size-full\" src=\"http:\/\/www.inces.gob.ve\/wp-content\/uploads\/2019\/09\/peque\u00f1os-5-.jpg\" alt=\"\" width=\"800\" height=\"600\" srcset=\"https:\/\/inces.gob.ve\/wp-content\/uploads\/2019\/09\/peque\u00f1os-5-.jpg 800w, https:\/\/inces.gob.ve\/wp-content\/uploads\/2019\/09\/peque\u00f1os-5--300x225.jpg 300w, https:\/\/inces.gob.ve\/wp-content\/uploads\/2019\/09\/peque\u00f1os-5--768x576.jpg 768w, https:\/\/inces.gob.ve\/wp-content\/uploads\/2019\/09\/peque\u00f1os-5--136x102.jpg 136w\" sizes=\"auto, (max-width: 800px) 100vw, 800px\" \/><\/b><\/span><\/span><\/p>\n","protected":false},"excerpt":{"rendered":"<p>** En todos los espacios fueron recibido y atendidos por personal de anfitriones especializado. Todos los talleres vacacionales del Inces este a\u00f1o tuvieron un componente formativo. Es decir, los chamos siempre aprendieron algo mientras se recrearon<\/p>\n","protected":false},"author":15,"featured_media":30898,"comment_status":"closed","ping_status":"closed","sticky":false,"template":"","format":"standard","meta":{"footnotes":""},"categories":[2],"tags":[],"class_list":["post-30893","post","type-post","status-publish","format-standard","has-post-thumbnail","hentry","category-blog"],"_links":{"self":[{"href":"https:\/\/inces.gob.ve\/index.php\/wp-json\/wp\/v2\/posts\/30893","targetHints":{"allow":["GET"]}}],"collection":[{"href":"https:\/\/inces.gob.ve\/index.php\/wp-json\/wp\/v2\/posts"}],"about":[{"href":"https:\/\/inces.gob.ve\/index.php\/wp-json\/wp\/v2\/types\/post"}],"author":[{"embeddable":true,"href":"https:\/\/inces.gob.ve\/index.php\/wp-json\/wp\/v2\/users\/15"}],"replies":[{"embeddable":true,"href":"https:\/\/inces.gob.ve\/index.php\/wp-json\/wp\/v2\/comments?post=30893"}],"version-history":[{"count":2,"href":"https:\/\/inces.gob.ve\/index.php\/wp-json\/wp\/v2\/posts\/30893\/revisions"}],"predecessor-version":[{"id":30904,"href":"https:\/\/inces.gob.ve\/index.php\/wp-json\/wp\/v2\/posts\/30893\/revisions\/30904"}],"wp:featuredmedia":[{"embeddable":true,"href":"https:\/\/inces.gob.ve\/index.php\/wp-json\/wp\/v2\/media\/30898"}],"wp:attachment":[{"href":"https:\/\/inces.gob.ve\/index.php\/wp-json\/wp\/v2\/media?parent=30893"}],"wp:term":[{"taxonomy":"category","embeddable":true,"href":"https:\/\/inces.gob.ve\/index.php\/wp-json\/wp\/v2\/categories?post=30893"},{"taxonomy":"post_tag","embeddable":true,"href":"https:\/\/inces.gob.ve\/index.php\/wp-json\/wp\/v2\/tags?post=30893"}],"curies":[{"name":"wp","href":"https:\/\/api.w.org\/{rel}","templated":true}]}}