{"id":30905,"date":"2019-09-03T09:19:38","date_gmt":"2019-09-03T15:19:38","guid":{"rendered":"http:\/\/www.inces.gob.ve\/?p=30905"},"modified":"2020-05-28T20:25:56","modified_gmt":"2020-05-29T00:25:56","slug":"insai-inicia-talleres-en-inces-amazonas-para-prevenir-enfermedades-epidemiologicos","status":"publish","type":"post","link":"https:\/\/inces.gob.ve\/index.php\/2019\/09\/03\/insai-inicia-talleres-en-inces-amazonas-para-prevenir-enfermedades-epidemiologicos\/","title":{"rendered":"INSAI inicia talleres en Inces Amazonas para prevenir enfermedades epidemiol\u00f3gicos"},"content":{"rendered":"<p align=\"justify\"><span style=\"font-family: Arial, sans-serif;\"><span style=\"font-size: x-large;\"><b>** Desde el 2018 se viene haciendo el seguimiento a la enfermedad tropical con el fin de prevenir la marchite del pl\u00e1tano, topocho y el cambur<\/b><\/span><\/span><!--more--><\/p>\n<p align=\"justify\"><span style=\"font-family: Arial, sans-serif;\"><span style=\"font-size: x-large;\"><b>Alex Mendez<\/b><\/span><\/span><\/p>\n<p align=\"justify\"><span style=\"font-family: Arial, sans-serif;\"><span style=\"font-size: x-large;\">El Instituto Nacional de Salud Agr\u00edcola Integral (INSAI), inici\u00f3 en las aulas del Centro de Formaci\u00f3n Socialista \u201cCacique Aramare\u201d del Estado Amazonas, el programa de control epidemiol\u00f3gico donde se dict\u00f3 el taller para dar a conocer la enfermedad que se esta produciendo contra la marchites del pl\u00e1tano, provocada por el hongo Fusarium Oxysporum raza 4, con la finalidad de educar sanitariamente a la poblaci\u00f3n venezolana a mantener la higiene y la prevenci\u00f3n. <\/span><\/span><\/p>\n<p align=\"justify\"><span style=\"font-family: Arial, sans-serif;\"><span style=\"font-size: x-large;\">Durante este taller se cont\u00f3 con la participaci\u00f3n de funcionarios de la Fuerza Armada Nacional Bolivariana, representantes de Inces Amazonas y el Ministerio del Poder Popular para la Agricultura y Tierras, con el objetivo que sirvan de multiplicadores para la difusi\u00f3n de la informaci\u00f3n para evitar la entrada la enfermedad al pa\u00eds. As\u00ed lo inform\u00f3 Jos\u00e9 Delgado coordinador del INSAI, quien ha venido haciendo el seguimiento a la enfermedad desde el a\u00f1o 2018 y posiblemente se presume que esta enfermedad tropical tenga presencia en Venezuela. <\/span><\/span><\/p>\n<p align=\"justify\"><span style=\"font-family: Arial, sans-serif;\"><span style=\"font-size: x-large;\"><img loading=\"lazy\" decoding=\"async\" class=\"aligncenter wp-image-30906 size-full\" src=\"http:\/\/www.inces.gob.ve\/wp-content\/uploads\/2019\/09\/Inces-prevenir-enfermedades-epidemiol\u00f3gicos2-.jpg\" alt=\"\" width=\"800\" height=\"600\" srcset=\"https:\/\/inces.gob.ve\/wp-content\/uploads\/2019\/09\/Inces-prevenir-enfermedades-epidemiol\u00f3gicos2-.jpg 800w, https:\/\/inces.gob.ve\/wp-content\/uploads\/2019\/09\/Inces-prevenir-enfermedades-epidemiol\u00f3gicos2--300x225.jpg 300w, https:\/\/inces.gob.ve\/wp-content\/uploads\/2019\/09\/Inces-prevenir-enfermedades-epidemiol\u00f3gicos2--768x576.jpg 768w, https:\/\/inces.gob.ve\/wp-content\/uploads\/2019\/09\/Inces-prevenir-enfermedades-epidemiol\u00f3gicos2--136x102.jpg 136w\" sizes=\"auto, (max-width: 800px) 100vw, 800px\" \/><\/span><\/span><\/p>\n<p align=\"justify\"><span style=\"font-family: Arial, sans-serif;\"><span style=\"font-size: x-large;\">Manifest\u00f3 Delgado que la enfermedad no se encontraba presente en el continente americano y, se esta identificando este a\u00f1o 2019 en la Rep\u00fablica de Colombia. \u201cSe est\u00e1n tomando medidas extremas de vigilancia y control, para evitar que entre aqu\u00ed en Venezuela, una enfermedad que causa da\u00f1o en la tierra para la siembra del cambur, pl\u00e1tano y el topocho\u201d. <\/span><\/span><\/p>\n","protected":false},"excerpt":{"rendered":"<p>** Desde el 2018 se viene haciendo el seguimiento a la enfermedad tropical con el fin de prevenir la marchite del pl\u00e1tano, topocho y el cambur<\/p>\n","protected":false},"author":15,"featured_media":30907,"comment_status":"closed","ping_status":"closed","sticky":false,"template":"","format":"standard","meta":{"footnotes":""},"categories":[2],"tags":[],"class_list":["post-30905","post","type-post","status-publish","format-standard","has-post-thumbnail","hentry","category-blog"],"_links":{"self":[{"href":"https:\/\/inces.gob.ve\/index.php\/wp-json\/wp\/v2\/posts\/30905","targetHints":{"allow":["GET"]}}],"collection":[{"href":"https:\/\/inces.gob.ve\/index.php\/wp-json\/wp\/v2\/posts"}],"about":[{"href":"https:\/\/inces.gob.ve\/index.php\/wp-json\/wp\/v2\/types\/post"}],"author":[{"embeddable":true,"href":"https:\/\/inces.gob.ve\/index.php\/wp-json\/wp\/v2\/users\/15"}],"replies":[{"embeddable":true,"href":"https:\/\/inces.gob.ve\/index.php\/wp-json\/wp\/v2\/comments?post=30905"}],"version-history":[{"count":1,"href":"https:\/\/inces.gob.ve\/index.php\/wp-json\/wp\/v2\/posts\/30905\/revisions"}],"predecessor-version":[{"id":30908,"href":"https:\/\/inces.gob.ve\/index.php\/wp-json\/wp\/v2\/posts\/30905\/revisions\/30908"}],"wp:featuredmedia":[{"embeddable":true,"href":"https:\/\/inces.gob.ve\/index.php\/wp-json\/wp\/v2\/media\/30907"}],"wp:attachment":[{"href":"https:\/\/inces.gob.ve\/index.php\/wp-json\/wp\/v2\/media?parent=30905"}],"wp:term":[{"taxonomy":"category","embeddable":true,"href":"https:\/\/inces.gob.ve\/index.php\/wp-json\/wp\/v2\/categories?post=30905"},{"taxonomy":"post_tag","embeddable":true,"href":"https:\/\/inces.gob.ve\/index.php\/wp-json\/wp\/v2\/tags?post=30905"}],"curies":[{"name":"wp","href":"https:\/\/api.w.org\/{rel}","templated":true}]}}