{"id":30923,"date":"2019-09-03T12:32:20","date_gmt":"2019-09-03T18:32:20","guid":{"rendered":"http:\/\/www.inces.gob.ve\/?p=30923"},"modified":"2020-05-28T20:25:56","modified_gmt":"2020-05-29T00:25:56","slug":"guarico-celebra-60-anos-y-los-que-se-vienen","status":"publish","type":"post","link":"https:\/\/inces.gob.ve\/index.php\/2019\/09\/03\/guarico-celebra-60-anos-y-los-que-se-vienen\/","title":{"rendered":"Gu\u00e1rico celebra 60 a\u00f1os y los que se vienen"},"content":{"rendered":"<p align=\"justify\"><span style=\"font-family: Arial, sans-serif;\"><span style=\"font-size: x-large;\"><b>** El Inces en el estado Gu\u00e1rico desarroll\u00f3 actividades alusivas al 60 aniversario, dirigido a los funcionarios, maestros, aprendices y participantes, que hacen vida en las plantas f\u00edsicas de la instituci\u00f3n y los que hacen posible que se cumplan muchos a\u00f1os m\u00e1s junto al pueblo Venezolano<\/b><\/span><\/span><!--more--><\/p>\n<p align=\"justify\"><span style=\"font-family: Arial, sans-serif;\"><span style=\"font-size: x-large;\"><br \/>\n<b>MAR\u00cdA SANTIAGO | Inces Gu\u00e1rico<\/b><\/span><\/span><\/p>\n<p align=\"justify\"><span style=\"font-family: Arial, sans-serif;\"><span style=\"font-size: x-large;\"><br \/>\nEn el marco de su aniversario, el Inces conmemor\u00f3 la fundaci\u00f3n de la instituci\u00f3n el 22 de Agosto del 1959 por el maestro Luis Beltr\u00e1n Prieto Figueroa. 60 a\u00f1os despu\u00e9s, el instituto contin\u00faa brindando atenci\u00f3n a todo el pueblo venezolano y celebra el aniversario junto a los funcionarios, maestros, aprendices y participantes, que se desempe\u00f1an en las instalaciones y permiten seguir con la gesti\u00f3n del Inces, bajo la direcci\u00f3n de Wuikelman \u00c1ngel Paredes.<\/span><\/span><\/p>\n<p align=\"justify\"><span style=\"font-family: Arial, sans-serif;\"><span style=\"font-size: x-large;\">Es as\u00ed como en el transcurso de la semana aniversaria se realiz\u00f3 la elecci\u00f3n de las madrinas; dignas representantes que ser\u00e1n responsables de difundir los logros de la instituci\u00f3n al pueblo guarique\u00f1o; asimismo se hizo el InnovaInces, exposici\u00f3n de los trabajos de investigaci\u00f3n que se han ejecutado en los centros de formaci\u00f3n en sus localidades, divisiones y coordinaciones Inces en funci\u00f3n de impulsar la producci\u00f3n para hacer frente a las agresiones imperiales. <img loading=\"lazy\" decoding=\"async\" class=\"aligncenter wp-image-30926 size-full\" src=\"http:\/\/www.inces.gob.ve\/wp-content\/uploads\/2019\/09\/Inces-60-a\u00f1os-aniversario1-.jpg\" alt=\"\" width=\"800\" height=\"600\" srcset=\"https:\/\/inces.gob.ve\/wp-content\/uploads\/2019\/09\/Inces-60-a\u00f1os-aniversario1-.jpg 800w, https:\/\/inces.gob.ve\/wp-content\/uploads\/2019\/09\/Inces-60-a\u00f1os-aniversario1--300x225.jpg 300w, https:\/\/inces.gob.ve\/wp-content\/uploads\/2019\/09\/Inces-60-a\u00f1os-aniversario1--768x576.jpg 768w, https:\/\/inces.gob.ve\/wp-content\/uploads\/2019\/09\/Inces-60-a\u00f1os-aniversario1--136x102.jpg 136w\" sizes=\"auto, (max-width: 800px) 100vw, 800px\" \/><\/span><\/span><\/p>\n<p align=\"justify\"><span style=\"font-family: Arial, sans-serif;\"><span style=\"font-size: x-large;\">Por otro lado se realiz\u00f3 la juramentaci\u00f3n de la Red de Historia, Memoria y Patrimonio en la que los trabajadores de la Vanguardia Inces aceptaron el compromiso de estudiar la historia para la reconstrucci\u00f3n y divulgaci\u00f3n de la misma. Todo esto cumpliendo con las orientaciones del presidente del Inces; Wuikelman Angel Paredes, de celebrar nuestras fiestas mostrando el avance indetenible de nuestra gesti\u00f3n.<\/span><\/span><\/p>\n<p align=\"justify\"><span style=\"font-family: Arial, sans-serif;\"><span style=\"font-size: x-large;\">Es importante destacar la participaci\u00f3n del \u201corfe\u00f3n de lengua de se\u00f1as venezolana\u201d de la unidad educativa Inces Gu\u00e1rico, quienes fueron parte activa de la celebraci\u00f3n interpretando las gloriosas notas del Himno Nacional, himno del estado Gu\u00e1rico y otras canciones emblem\u00e1ticas de la cultura venezolana y latinoamericana, exaltando nuestras ra\u00edces y la integraci\u00f3n de las personas con discapacidad a nuestro sistema educativo.<\/span><\/span><\/p>\n<p align=\"justify\"><span style=\"font-family: Arial, sans-serif;\"><span style=\"font-size: x-large;\">Por otra parte se realiz\u00f3 un encuentro con diversas comunidades en una actividad dirigida por la gerente regional de Inces Gu\u00e1rico; Mar\u00eda Arisela Medina, en la que los participantes pudieron conocerse entre s\u00ed y fortalecer los lazos que son necesarios para concretar el sue\u00f1o del Comandante Ch\u00e1vez. Medina asegur\u00f3 que; \u201cel Inces es un lugar de encuentro y hermandad, necesitamos que los l\u00edderes comunales sepan que el Inces est\u00e1 presto, no solo a formar y capacitar para la producci\u00f3n, sino que est\u00e1 involucrado profundamente en el proceso revolucionario.\u201d<\/span><\/span><\/p>\n<p align=\"justify\"><span style=\"font-family: Arial, sans-serif;\"><span style=\"font-size: x-large;\">As\u00ed mismo, se realiz\u00f3 la sesi\u00f3n solemne con presencia del consejo de Gesti\u00f3n Regional Inces Gu\u00e1rico, en la que Jos\u00e9 Mu\u00f1oz, Autoridad \u00danica de Educaci\u00f3n del estado Gu\u00e1rico particip\u00f3 como orador de orden de la actividad, haciendo un recuento del origen del Inces y sus cambios hasta la fecha actual; \u201cFelicito al Inces por sus 60 a\u00f1os comprometidos a la formaci\u00f3n de nuestro pueblo, la trayectoria del Inces en su transitar deja una huella importante a trav\u00e9s de su trabajo\u201d, afirm\u00f3.<\/span><\/span><\/p>\n<p align=\"justify\"><span style=\"font-family: Arial, sans-serif;\"><span style=\"font-size: x-large;\"><img loading=\"lazy\" decoding=\"async\" class=\"aligncenter wp-image-30924 size-full\" src=\"http:\/\/www.inces.gob.ve\/wp-content\/uploads\/2019\/09\/Inces-60-a\u00f1os-aniversario4-.jpg\" alt=\"\" width=\"800\" height=\"601\" srcset=\"https:\/\/inces.gob.ve\/wp-content\/uploads\/2019\/09\/Inces-60-a\u00f1os-aniversario4-.jpg 800w, https:\/\/inces.gob.ve\/wp-content\/uploads\/2019\/09\/Inces-60-a\u00f1os-aniversario4--300x225.jpg 300w, https:\/\/inces.gob.ve\/wp-content\/uploads\/2019\/09\/Inces-60-a\u00f1os-aniversario4--768x577.jpg 768w, https:\/\/inces.gob.ve\/wp-content\/uploads\/2019\/09\/Inces-60-a\u00f1os-aniversario4--136x102.jpg 136w\" sizes=\"auto, (max-width: 800px) 100vw, 800px\" \/><\/span><\/span><\/p>\n<p align=\"justify\"><span style=\"font-family: Arial, sans-serif;\"><span style=\"font-size: x-large;\">Eliomar Rivas, Jefe de divisi\u00f3n de Formaci\u00f3n Profesional, manifest\u00f3 que el aniversario del Inces es un recordatorio para los venezolanos de la labor formativa y productiva permanente de la instituci\u00f3n y el compromiso de los trabajadores con el pueblo. \u201cUn trabajo sin descanso que sin duda nos llena de satisfacci\u00f3n y que cumplimos con total placer para atender a los venezolanos.\u201d expres\u00f3.<\/span><\/span><\/p>\n<p align=\"justify\"><span style=\"font-family: Arial, sans-serif;\"><span style=\"font-size: x-large;\">La instituci\u00f3n se complace en contar con el apoyo de la juventud que hace vida en el Inces, quienes fueron parte fundamental de la actividad, brindando apoyo y disfrutando de las actividades formativas, culturales, deportivas y recreativas planificadas en el marco del 60 aniversario, el instituto contin\u00faa la construcci\u00f3n y edificaci\u00f3n del ser humano capaz de contribuir de forma positiva con la Revoluci\u00f3n Bolivariana dirigida por Nicol\u00e1s Maduro, quien sigue en la batalla por atender todos los sectores de la Rep\u00fablica Bolivariana de Venezuela&#8230; por la defensa de la patria\u201d.<\/span><\/span><\/p>\n","protected":false},"excerpt":{"rendered":"<p>** El Inces en el estado Gu\u00e1rico desarroll\u00f3 actividades alusivas al 60 aniversario, dirigido a los funcionarios, maestros, aprendices y participantes, que hacen vida en las plantas f\u00edsicas de la instituci\u00f3n y los que hacen posible que se cumplan muchos a\u00f1os m\u00e1s junto al pueblo Venezolano<\/p>\n","protected":false},"author":15,"featured_media":30925,"comment_status":"closed","ping_status":"closed","sticky":false,"template":"","format":"standard","meta":{"footnotes":""},"categories":[2],"tags":[],"class_list":["post-30923","post","type-post","status-publish","format-standard","has-post-thumbnail","hentry","category-blog"],"_links":{"self":[{"href":"https:\/\/inces.gob.ve\/index.php\/wp-json\/wp\/v2\/posts\/30923","targetHints":{"allow":["GET"]}}],"collection":[{"href":"https:\/\/inces.gob.ve\/index.php\/wp-json\/wp\/v2\/posts"}],"about":[{"href":"https:\/\/inces.gob.ve\/index.php\/wp-json\/wp\/v2\/types\/post"}],"author":[{"embeddable":true,"href":"https:\/\/inces.gob.ve\/index.php\/wp-json\/wp\/v2\/users\/15"}],"replies":[{"embeddable":true,"href":"https:\/\/inces.gob.ve\/index.php\/wp-json\/wp\/v2\/comments?post=30923"}],"version-history":[{"count":1,"href":"https:\/\/inces.gob.ve\/index.php\/wp-json\/wp\/v2\/posts\/30923\/revisions"}],"predecessor-version":[{"id":30927,"href":"https:\/\/inces.gob.ve\/index.php\/wp-json\/wp\/v2\/posts\/30923\/revisions\/30927"}],"wp:featuredmedia":[{"embeddable":true,"href":"https:\/\/inces.gob.ve\/index.php\/wp-json\/wp\/v2\/media\/30925"}],"wp:attachment":[{"href":"https:\/\/inces.gob.ve\/index.php\/wp-json\/wp\/v2\/media?parent=30923"}],"wp:term":[{"taxonomy":"category","embeddable":true,"href":"https:\/\/inces.gob.ve\/index.php\/wp-json\/wp\/v2\/categories?post=30923"},{"taxonomy":"post_tag","embeddable":true,"href":"https:\/\/inces.gob.ve\/index.php\/wp-json\/wp\/v2\/tags?post=30923"}],"curies":[{"name":"wp","href":"https:\/\/api.w.org\/{rel}","templated":true}]}}