{"id":30949,"date":"2019-09-04T10:01:17","date_gmt":"2019-09-04T16:01:17","guid":{"rendered":"http:\/\/www.inces.gob.ve\/?p=30949"},"modified":"2020-05-28T20:25:56","modified_gmt":"2020-05-29T00:25:56","slug":"inces-bolivar-sale-a-la-calle-a-mostrar-los-programas-formativos-a-las-comunidades","status":"publish","type":"post","link":"https:\/\/inces.gob.ve\/index.php\/2019\/09\/04\/inces-bolivar-sale-a-la-calle-a-mostrar-los-programas-formativos-a-las-comunidades\/","title":{"rendered":"Inces Bol\u00edvar sale a la calle a mostrar los programas formativos a las comunidades"},"content":{"rendered":"<p align=\"justify\"><span style=\"font-family: Arial, sans-serif;\"><span style=\"font-size: x-large;\"><b><i>** Con el fin de visibilizar a la instituci\u00f3n en la formaci\u00f3n productiva el Inces motiva al pueblo para conformar las Unidades de Producci\u00f3n Familiar<\/i> <i> <\/i><\/b><\/span><\/span><!--more--><\/p>\n<p align=\"justify\">\n<p align=\"justify\"><span style=\"font-family: Arial, sans-serif;\"><span style=\"font-size: x-large;\"><b><i>Prensa Bol\u00edvar<\/i><\/b><\/span><\/span><\/p>\n<p align=\"justify\"><span style=\"font-family: Arial, sans-serif;\"><span style=\"font-size: x-large;\">El personal del Inces regional bol\u00edvar se traslad\u00f3 a la plaza Hugo Ch\u00e1vez de Puerto Ordaz, con una jornada de atenci\u00f3n al pueblo, denominada \u201cInces en la Calle\u201desto en la celebraci\u00f3n de sus 60 a\u00f1os.<\/span><\/span><\/p>\n<p align=\"justify\"><span style=\"color: #000000;\"><span style=\"font-family: Arial, sans-serif;\"><span style=\"font-size: x-large;\">El objetivo de este evento fue demostrar<\/span><\/span><\/span><span style=\"color: #000000;\"><span style=\"font-family: Arial, sans-serif;\"><span style=\"font-size: x-large;\"> a las comunidades las diversas capacitaciones que brinda esta casa de estudio, en sus diferentes programas formativos. Adem\u00e1s hacer una captaci\u00f3n <\/span><\/span><\/span><span style=\"color: #000000;\"><span style=\"font-family: Arial, sans-serif;\"><span style=\"font-size: x-large;\">para la acreditaci\u00f3n de saberes y <\/span><\/span><\/span><em><span style=\"color: #000000;\"><span style=\"font-family: Arial, sans-serif;\"><span style=\"font-size: x-large;\">exhibici\u00f3n de<\/span><\/span><\/span><\/em> <a href=\"https:\/\/www.sinonimosonline.com\/producto\/\" target=\"_blank\" rel=\"noopener noreferrer\"><span style=\"color: #000000;\"><span style=\"font-family: Arial, sans-serif;\"><span style=\"font-size: x-large;\">producto<\/span><\/span><\/span><\/a><span style=\"color: #000000;\"><span style=\"font-family: Arial, sans-serif;\"><span style=\"font-size: x-large;\">s<\/span><\/span><\/span> <span style=\"color: #000000;\"><span style=\"font-family: Arial, sans-serif;\"><span style=\"font-size: x-large;\">elaborados por los participantes que forman parte de las brigadas productivas.<\/span><\/span><\/span><\/p>\n<p align=\"justify\"><span style=\"color: #000000;\"><span style=\"font-family: Arial, sans-serif;\"><span style=\"font-size: x-large;\"><img loading=\"lazy\" decoding=\"async\" class=\"aligncenter wp-image-30951 size-full\" src=\"http:\/\/www.inces.gob.ve\/wp-content\/uploads\/2019\/09\/Inces-programas-formativos-2-.jpg\" alt=\"\" width=\"800\" height=\"600\" srcset=\"https:\/\/inces.gob.ve\/wp-content\/uploads\/2019\/09\/Inces-programas-formativos-2-.jpg 800w, https:\/\/inces.gob.ve\/wp-content\/uploads\/2019\/09\/Inces-programas-formativos-2--300x225.jpg 300w, https:\/\/inces.gob.ve\/wp-content\/uploads\/2019\/09\/Inces-programas-formativos-2--768x576.jpg 768w, https:\/\/inces.gob.ve\/wp-content\/uploads\/2019\/09\/Inces-programas-formativos-2--136x102.jpg 136w\" sizes=\"auto, (max-width: 800px) 100vw, 800px\" \/><\/span><\/span><\/span><\/p>\n<p align=\"justify\"><span style=\"font-family: Arial, sans-serif;\"><span style=\"font-size: x-large;\">Esta actividad fue posible gracias a la gerente general del Inces Bol\u00edvar, Ruht Jim\u00e9nez, quien, manifest\u00f3 la importancia de esta actividad para visibilizar la ardua labor que viene realizando la instituci\u00f3n en la formaci\u00f3n productiva.<\/span><\/span><\/p>\n<p align=\"justify\"><span style=\"font-family: Arial, sans-serif;\"><span style=\"font-size: x-large;\"><span style=\"color: #1c1e21;\">Cabe destacar que las brigadas productivas de Barber\u00eda hicieron una labor social con los adultos de la tercera edad, brind\u00e1ndole servicios de cortes de cabellos, en el cual aplicaron las normas de higiene y seguridad y atenci\u00f3n al p\u00fablico.<\/span><\/span><\/span><\/p>\n<p align=\"justify\"><span style=\"font-family: Arial, sans-serif;\"><span style=\"font-size: x-large;\">Jim\u00e9nez indic\u00f3 que con este tipo de actividad se cumple con los lineamientos nacionales del presidente Nicol\u00e1s Maduro Moros para seguir orientando la formaci\u00f3n hacia la producci\u00f3n. \u201cEs necesario motivar y brindarle herramientas al pueblo para que conforme sus Unidades de Producci\u00f3n Familiar; as\u00ed como la captaci\u00f3n de la clase obrera, j\u00f3venes y amas de casa que se desean acreditarse en un oficio\u201d.<\/span><\/span><\/p>\n<p align=\"justify\"><span style=\"font-family: Arial, sans-serif;\"><span style=\"font-size: x-large;\"><img loading=\"lazy\" decoding=\"async\" class=\"aligncenter wp-image-30952 size-full\" src=\"http:\/\/www.inces.gob.ve\/wp-content\/uploads\/2019\/09\/Inces-programas-formativos-1-.jpg\" alt=\"\" width=\"800\" height=\"450\" srcset=\"https:\/\/inces.gob.ve\/wp-content\/uploads\/2019\/09\/Inces-programas-formativos-1-.jpg 800w, https:\/\/inces.gob.ve\/wp-content\/uploads\/2019\/09\/Inces-programas-formativos-1--300x169.jpg 300w, https:\/\/inces.gob.ve\/wp-content\/uploads\/2019\/09\/Inces-programas-formativos-1--768x432.jpg 768w\" sizes=\"auto, (max-width: 800px) 100vw, 800px\" \/><\/span><\/span><\/p>\n<p align=\"justify\"><span style=\"font-family: Arial, sans-serif;\"><span style=\"font-size: x-large;\"><span style=\"color: #1c1e21;\">Por su parte, la coordinadora del Programa Textil, Yasnailith Salas expres\u00f3 que, est\u00e9 encuentro con la poblaci\u00f3n y los maestros pueblos, estrech\u00f3 los lazos para visibilizar al Inces en las comunidades, impulsando los planes de estudios, que se realiza en cada centro de formaci\u00f3n para el fortaleciendo cada ciudadano en su crecimiento profesional.<\/span><\/span><\/span><\/p>\n","protected":false},"excerpt":{"rendered":"<p>** Con el fin de visibilizar a la instituci\u00f3n en la formaci\u00f3n productiva el Inces motiva al pueblo para conformar las Unidades de Producci\u00f3n Familiar<\/p>\n","protected":false},"author":15,"featured_media":30950,"comment_status":"closed","ping_status":"closed","sticky":false,"template":"","format":"standard","meta":{"footnotes":""},"categories":[2],"tags":[],"class_list":["post-30949","post","type-post","status-publish","format-standard","has-post-thumbnail","hentry","category-blog"],"_links":{"self":[{"href":"https:\/\/inces.gob.ve\/index.php\/wp-json\/wp\/v2\/posts\/30949","targetHints":{"allow":["GET"]}}],"collection":[{"href":"https:\/\/inces.gob.ve\/index.php\/wp-json\/wp\/v2\/posts"}],"about":[{"href":"https:\/\/inces.gob.ve\/index.php\/wp-json\/wp\/v2\/types\/post"}],"author":[{"embeddable":true,"href":"https:\/\/inces.gob.ve\/index.php\/wp-json\/wp\/v2\/users\/15"}],"replies":[{"embeddable":true,"href":"https:\/\/inces.gob.ve\/index.php\/wp-json\/wp\/v2\/comments?post=30949"}],"version-history":[{"count":1,"href":"https:\/\/inces.gob.ve\/index.php\/wp-json\/wp\/v2\/posts\/30949\/revisions"}],"predecessor-version":[{"id":30953,"href":"https:\/\/inces.gob.ve\/index.php\/wp-json\/wp\/v2\/posts\/30949\/revisions\/30953"}],"wp:featuredmedia":[{"embeddable":true,"href":"https:\/\/inces.gob.ve\/index.php\/wp-json\/wp\/v2\/media\/30950"}],"wp:attachment":[{"href":"https:\/\/inces.gob.ve\/index.php\/wp-json\/wp\/v2\/media?parent=30949"}],"wp:term":[{"taxonomy":"category","embeddable":true,"href":"https:\/\/inces.gob.ve\/index.php\/wp-json\/wp\/v2\/categories?post=30949"},{"taxonomy":"post_tag","embeddable":true,"href":"https:\/\/inces.gob.ve\/index.php\/wp-json\/wp\/v2\/tags?post=30949"}],"curies":[{"name":"wp","href":"https:\/\/api.w.org\/{rel}","templated":true}]}}