{"id":30971,"date":"2019-09-05T08:37:37","date_gmt":"2019-09-05T14:37:37","guid":{"rendered":"http:\/\/www.inces.gob.ve\/?p=30971"},"modified":"2020-05-28T20:25:55","modified_gmt":"2020-05-29T00:25:55","slug":"inces-acredito-a-productor-de-cacao-como-maestro-chocolatero","status":"publish","type":"post","link":"https:\/\/inces.gob.ve\/index.php\/2019\/09\/05\/inces-acredito-a-productor-de-cacao-como-maestro-chocolatero\/","title":{"rendered":"Inces acredit\u00f3 a productor de cacao como Maestro Chocolatero"},"content":{"rendered":"<p align=\"justify\"><span style=\"font-family: Arial, sans-serif;\"><span style=\"font-size: x-large;\"><b><i>*** La maquinaria que incluye el<\/i> <i>molino y la prensa fue fabricado y modificado por el propio productor meride\u00f1o Katay Garc\u00eda,<\/i> <i>con la finalidad de obtener y extraer de manera \u00f3ptima la manteca de cacao<\/i><\/b><\/span><\/span><!--more--><\/p>\n<p align=\"justify\"><span style=\"font-family: Arial, sans-serif;\"><span style=\"font-size: x-large;\"><b>NADIA LOBO| M\u00e9rida<\/b><\/span><\/span><\/p>\n<p align=\"justify\"><span style=\"font-family: Arial, sans-serif;\"><span style=\"font-size: x-large;\">Con el fin de seguir fortaleciendo los diferentes procesos formativos y continuar visibilizando los saberes emp\u00edrico del pueblo venezolano y reconociendo a los hombres y mujeres meride\u00f1os en sus oficios ancestrales y acad\u00e9micos, el Instituto Nacional de Capacitaci\u00f3n y Educaci\u00f3n Socialista (Inces), a trav\u00e9s de la Unidad de Certificaci\u00f3n y Acreditaci\u00f3n, certific\u00f3 y acredit\u00f3 a los productores de cacao.<\/span><\/span><\/p>\n<p align=\"justify\"><span style=\"font-family: Arial, sans-serif;\"><span style=\"font-size: x-large;\">En \u00e9sta oportunidad correspondi\u00f3 la acreditaci\u00f3n y certificaci\u00f3n de saberes, al productor meride\u00f1o, Katay Garc\u00eda Ben\u00edtez, a quien el Inces le otorg\u00f3 el certificado como Maestro Chocolatero, una vez reconocidos su oficio, desde el cultivo del cacao, hasta el procesamiento del chocolate.<\/span><\/span><\/p>\n<p><img loading=\"lazy\" decoding=\"async\" class=\"wp-image-30973 size-full\" src=\"http:\/\/www.inces.gob.ve\/wp-content\/uploads\/2019\/09\/Inces-acredit\u00f3-a-productor-de-cacao2-.jpg\" alt=\"\" width=\"750\" height=\"563\" srcset=\"https:\/\/inces.gob.ve\/wp-content\/uploads\/2019\/09\/Inces-acredit\u00f3-a-productor-de-cacao2-.jpg 750w, https:\/\/inces.gob.ve\/wp-content\/uploads\/2019\/09\/Inces-acredit\u00f3-a-productor-de-cacao2--300x225.jpg 300w, https:\/\/inces.gob.ve\/wp-content\/uploads\/2019\/09\/Inces-acredit\u00f3-a-productor-de-cacao2--136x102.jpg 136w\" sizes=\"auto, (max-width: 750px) 100vw, 750px\" \/><\/p>\n<p align=\"justify\"><span style=\"font-family: Arial, sans-serif;\"><span style=\"font-size: x-large;\">Es importante destacar la participaci\u00f3n de este productor meride\u00f1o que a trav\u00e9s del simposio que organiz\u00f3 el Inces para celebrar su 60 aniversario, donde pudo compartir con maestros t\u00e9cnicos productivos, trabajadores, participantes y aprendices del Inces sus conocimientos relacionados con el cacao.<\/span><\/span><\/p>\n<p align=\"justify\"><span style=\"font-family: Arial, sans-serif;\"><span style=\"font-size: x-large;\">El Maestro Chocolatero se mostr\u00f3 muy satisfecho, pues sus conocimientos fueron recocidos de manera emp\u00edrica, y va desde los diferentes tipos de semilla, cultivo y procesamiento, pasando por la mazorca hasta el bomb\u00f3n o barra de chocolate, sin dejar de compartir los beneficios que aporta el cacao.<\/span><\/span><\/p>\n<p align=\"justify\"><span style=\"font-family: Arial, sans-serif;\"><span style=\"font-size: x-large;\">El productor meride\u00f1o dijo que en los \u00faltimos a\u00f1os ha venido mejorando la t\u00e9cnica, con pr\u00e1ctica, ensayo y error, que hoy le permite asegurar que produce y procesa un buen cacao de nivel de exportaci\u00f3n.<\/span><\/span><\/p>\n<p><img loading=\"lazy\" decoding=\"async\" class=\"wp-image-30974 size-full\" src=\"http:\/\/www.inces.gob.ve\/wp-content\/uploads\/2019\/09\/Inces-acredit\u00f3-a-productor-de-cacao1-.jpg\" alt=\"\" width=\"750\" height=\"563\" srcset=\"https:\/\/inces.gob.ve\/wp-content\/uploads\/2019\/09\/Inces-acredit\u00f3-a-productor-de-cacao1-.jpg 750w, https:\/\/inces.gob.ve\/wp-content\/uploads\/2019\/09\/Inces-acredit\u00f3-a-productor-de-cacao1--300x225.jpg 300w, https:\/\/inces.gob.ve\/wp-content\/uploads\/2019\/09\/Inces-acredit\u00f3-a-productor-de-cacao1--136x102.jpg 136w\" sizes=\"auto, (max-width: 750px) 100vw, 750px\" \/><\/p>\n<p align=\"justify\"><span style=\"font-family: Arial, sans-serif;\"><span style=\"font-size: x-large;\">Fabric\u00f3 sus propias maquina que le ha permitido mejorar el procesamiento del cacao, como el molino y la prensa, utilizando un motor y un molino que fue modificado para extraer la manteca de cacao.<\/span><\/span><\/p>\n<p align=\"justify\">\n","protected":false},"excerpt":{"rendered":"<p>*** La maquinaria que incluye el molino y la prensa fue fabricado y modificado por el propio productor meride\u00f1o Katay Garc\u00eda, con la finalidad de obtener y extraer de manera \u00f3ptima la manteca de cacao<\/p>\n","protected":false},"author":15,"featured_media":30972,"comment_status":"closed","ping_status":"closed","sticky":false,"template":"","format":"standard","meta":{"footnotes":""},"categories":[2],"tags":[],"class_list":["post-30971","post","type-post","status-publish","format-standard","has-post-thumbnail","hentry","category-blog"],"_links":{"self":[{"href":"https:\/\/inces.gob.ve\/index.php\/wp-json\/wp\/v2\/posts\/30971","targetHints":{"allow":["GET"]}}],"collection":[{"href":"https:\/\/inces.gob.ve\/index.php\/wp-json\/wp\/v2\/posts"}],"about":[{"href":"https:\/\/inces.gob.ve\/index.php\/wp-json\/wp\/v2\/types\/post"}],"author":[{"embeddable":true,"href":"https:\/\/inces.gob.ve\/index.php\/wp-json\/wp\/v2\/users\/15"}],"replies":[{"embeddable":true,"href":"https:\/\/inces.gob.ve\/index.php\/wp-json\/wp\/v2\/comments?post=30971"}],"version-history":[{"count":1,"href":"https:\/\/inces.gob.ve\/index.php\/wp-json\/wp\/v2\/posts\/30971\/revisions"}],"predecessor-version":[{"id":30975,"href":"https:\/\/inces.gob.ve\/index.php\/wp-json\/wp\/v2\/posts\/30971\/revisions\/30975"}],"wp:featuredmedia":[{"embeddable":true,"href":"https:\/\/inces.gob.ve\/index.php\/wp-json\/wp\/v2\/media\/30972"}],"wp:attachment":[{"href":"https:\/\/inces.gob.ve\/index.php\/wp-json\/wp\/v2\/media?parent=30971"}],"wp:term":[{"taxonomy":"category","embeddable":true,"href":"https:\/\/inces.gob.ve\/index.php\/wp-json\/wp\/v2\/categories?post=30971"},{"taxonomy":"post_tag","embeddable":true,"href":"https:\/\/inces.gob.ve\/index.php\/wp-json\/wp\/v2\/tags?post=30971"}],"curies":[{"name":"wp","href":"https:\/\/api.w.org\/{rel}","templated":true}]}}