{"id":30977,"date":"2019-09-05T11:27:40","date_gmt":"2019-09-05T17:27:40","guid":{"rendered":"http:\/\/www.inces.gob.ve\/?p=30977"},"modified":"2020-05-28T20:25:55","modified_gmt":"2020-05-29T00:25:55","slug":"las-brigadas-productivas-a-toda-maquina-en-el-pais","status":"publish","type":"post","link":"https:\/\/inces.gob.ve\/index.php\/2019\/09\/05\/las-brigadas-productivas-a-toda-maquina-en-el-pais\/","title":{"rendered":"Las Brigadas Productivas a toda m\u00e1quina en el pa\u00eds"},"content":{"rendered":"<p align=\"justify\"><span style=\"font-family: Arial, sans-serif;\"><span style=\"font-size: x-large;\"><b>** Intervinieron para abundar en el tema dos representantes de los estados Sucre y Anzo\u00e1tegui<\/b><\/span><\/span><!--more--><\/p>\n<p align=\"justify\"><span style=\"font-family: Arial, sans-serif;\"><span style=\"font-size: x-large;\"><b>Ivaldo Rodr\u00edguez | Prensa Inces sede<\/b><\/span><\/span><\/p>\n<p align=\"justify\"><span style=\"font-family: Arial, sans-serif;\"><span style=\"font-size: x-large;\">Las Brigadas Productivas como una organizaci\u00f3n met\u00f3dica dirigida a brindarle una mano al pa\u00eds, a trav\u00e9s de labores de cuido, refacci\u00f3n y mantenimiento de edificaciones y otros enceres fue el tema principal de la edici\u00f3n N.\u00ba 105 del programa semanal \u201cSomos Inces\u201d el cual se emite todos los jueves a trav\u00e9s de las ondas hertzianas de Radio Miraflores, a nivel nacional. <\/span><\/span><\/p>\n<p align=\"justify\"><span style=\"font-family: Arial, sans-serif;\"><span style=\"font-size: x-large;\">Un primer enlace telef\u00f3nico puso en contacto a Adolfo Gil, jefe del Centro de Formaci\u00f3n Socialista Industrial de Cuman\u00e1, estado Sucre, quien expuso sobre la intensa actividad que sostienen las Brigadas de la regi\u00f3n, destacando la hechura, refacci\u00f3n y reparaci\u00f3n de Mesas- Sillas escolares que en el caso de su entidad las reciben de los propios planteles, pero adem\u00e1s se las han ingeniado para producirlas a partir de paletas de madera que les dona una empresa de la zona. Es decir, un trabajo de reciclaje digno de imitarse.<\/span><\/span><\/p>\n<p align=\"justify\"><span style=\"font-family: Arial, sans-serif;\"><span style=\"font-size: x-large;\">El segundo contacto se realiz\u00f3 con el coordinador de Encadenamiento Productivo del Inces Anzo\u00e1tegui, Frank Hern\u00e1ndez, quien disert\u00f3 sobre el trabajo especial que sostienen en la regi\u00f3n las Brigadas Productivas con 15 planteles educativos diseminados en toda la entidad, pero por espacios de un per\u00edodo escolar completo, o sea, nueve meses lo cual habla a las claras que llevan adelante un trabajo continuo y permanente.<\/span><\/span><\/p>\n<p align=\"justify\"><span style=\"font-family: Arial, sans-serif;\"><span style=\"font-size: x-large;\"><img loading=\"lazy\" decoding=\"async\" class=\"aligncenter wp-image-30978 size-full\" src=\"http:\/\/www.inces.gob.ve\/wp-content\/uploads\/2019\/09\/INCES-Radio-Brigadas-Productivas-a-toda-m\u00e1quina-.jpg\" alt=\"\" width=\"800\" height=\"600\" srcset=\"https:\/\/inces.gob.ve\/wp-content\/uploads\/2019\/09\/INCES-Radio-Brigadas-Productivas-a-toda-m\u00e1quina-.jpg 800w, https:\/\/inces.gob.ve\/wp-content\/uploads\/2019\/09\/INCES-Radio-Brigadas-Productivas-a-toda-m\u00e1quina--300x225.jpg 300w, https:\/\/inces.gob.ve\/wp-content\/uploads\/2019\/09\/INCES-Radio-Brigadas-Productivas-a-toda-m\u00e1quina--768x576.jpg 768w, https:\/\/inces.gob.ve\/wp-content\/uploads\/2019\/09\/INCES-Radio-Brigadas-Productivas-a-toda-m\u00e1quina--136x102.jpg 136w\" sizes=\"auto, (max-width: 800px) 100vw, 800px\" \/><\/span><\/span><\/p>\n<p align=\"justify\"><span style=\"font-family: Arial, sans-serif;\"><span style=\"font-size: x-large;\">Tambi\u00e9n coment\u00f3 sobre una interacci\u00f3n que sostienen con el movimiento \u201cSoy Joven\u201d y el Banco Bicentenario donde \u00e9ste \u00faltimo dosifica algunos financiamientos a emprendedores con proyectos socio productivos viables y sostenibles.<\/span><\/span><\/p>\n<p align=\"justify\"><span style=\"font-family: Arial, sans-serif;\"><span style=\"font-size: x-large;\">La tercera y \u00faltima llamada telef\u00f3nica se realizo con Mar\u00eda Luisa Veloz, quien funge como gerente general de Cooperaci\u00f3n Nacional e Internacional del Inces. Ella expres\u00f3 que entre muchos otros convenios institucionales existe el firmado con el Instituto Nacional de Transporte Terrestre (INTT), el cual a\u00fapa la formaci\u00f3n profesional y certificaci\u00f3n de trabajadores de ambas organizaciones y hasta sus punto y c\u00edrculos.<\/span><\/span><\/p>\n<p align=\"justify\"><span style=\"font-family: Arial, sans-serif;\"><span style=\"font-size: x-large;\">Coment\u00f3 sobre la formaci\u00f3n de escuelas para el transporte p\u00fablico, tur\u00edstico, institucional y hasta de particulares, dada la importancia de llevar a cabo un buen manejo automotor. Tambi\u00e9n dijo Veloz que hay planes a futuro para organizar lo que pudiera llamarse la \u201cUniversidad del Transporte\u201d.<\/span><\/span><\/p>\n<p align=\"justify\"><span style=\"font-family: Arial, sans-serif;\"><span style=\"font-size: x-large;\">Cierra el moderador, Luis Jos\u00e9 Angel, con el anuncio de que para pr\u00f3ximas ediciones del espacio radial, conversar\u00e1n sobre una formaci\u00f3n novel en el Inces: la comunicaci\u00f3n digital.<\/span><\/span><\/p>\n","protected":false},"excerpt":{"rendered":"<p>** Intervinieron para abundar en el tema dos representantes de los estados Sucre y Anzo\u00e1tegui<\/p>\n","protected":false},"author":15,"featured_media":30979,"comment_status":"closed","ping_status":"closed","sticky":false,"template":"","format":"standard","meta":{"footnotes":""},"categories":[2],"tags":[],"class_list":["post-30977","post","type-post","status-publish","format-standard","has-post-thumbnail","hentry","category-blog"],"_links":{"self":[{"href":"https:\/\/inces.gob.ve\/index.php\/wp-json\/wp\/v2\/posts\/30977","targetHints":{"allow":["GET"]}}],"collection":[{"href":"https:\/\/inces.gob.ve\/index.php\/wp-json\/wp\/v2\/posts"}],"about":[{"href":"https:\/\/inces.gob.ve\/index.php\/wp-json\/wp\/v2\/types\/post"}],"author":[{"embeddable":true,"href":"https:\/\/inces.gob.ve\/index.php\/wp-json\/wp\/v2\/users\/15"}],"replies":[{"embeddable":true,"href":"https:\/\/inces.gob.ve\/index.php\/wp-json\/wp\/v2\/comments?post=30977"}],"version-history":[{"count":1,"href":"https:\/\/inces.gob.ve\/index.php\/wp-json\/wp\/v2\/posts\/30977\/revisions"}],"predecessor-version":[{"id":30980,"href":"https:\/\/inces.gob.ve\/index.php\/wp-json\/wp\/v2\/posts\/30977\/revisions\/30980"}],"wp:featuredmedia":[{"embeddable":true,"href":"https:\/\/inces.gob.ve\/index.php\/wp-json\/wp\/v2\/media\/30979"}],"wp:attachment":[{"href":"https:\/\/inces.gob.ve\/index.php\/wp-json\/wp\/v2\/media?parent=30977"}],"wp:term":[{"taxonomy":"category","embeddable":true,"href":"https:\/\/inces.gob.ve\/index.php\/wp-json\/wp\/v2\/categories?post=30977"},{"taxonomy":"post_tag","embeddable":true,"href":"https:\/\/inces.gob.ve\/index.php\/wp-json\/wp\/v2\/tags?post=30977"}],"curies":[{"name":"wp","href":"https:\/\/api.w.org\/{rel}","templated":true}]}}