{"id":31004,"date":"2019-09-09T07:34:28","date_gmt":"2019-09-09T13:34:28","guid":{"rendered":"http:\/\/www.inces.gob.ve\/?p=31004"},"modified":"2020-05-28T20:25:55","modified_gmt":"2020-05-29T00:25:55","slug":"inces-culmino-ciclo-formativo-en-la-secretaria-para-el-desarrollo-e-igualdad-de-genero","status":"publish","type":"post","link":"https:\/\/inces.gob.ve\/index.php\/2019\/09\/09\/inces-culmino-ciclo-formativo-en-la-secretaria-para-el-desarrollo-e-igualdad-de-genero\/","title":{"rendered":"Inces culmin\u00f3 ciclo formativo en la secretar\u00eda para el desarrollo e igualdad de g\u00e9nero"},"content":{"rendered":"<p align=\"justify\">** \u201c<span style=\"font-family: Arial, sans-serif;\"><span style=\"font-size: x-large;\"><b>Tenemos que ponernos a producir con creatividad, innovaci\u00f3n y amor por lo que se hace, es all\u00ed donde est\u00e1 la clave, amar lo que se hace\u201d, Milixa de Flores<\/b><\/span><\/span><!--more--><\/p>\n<p align=\"justify\">\n<p align=\"justify\"><span style=\"font-family: Arial, sans-serif;\"><span style=\"font-size: x-large;\"><b>MIRIAM GONZ\u00c1LEZ VILLARROEL | Falc\u00f3n<\/b><\/span><\/span><\/p>\n<p align=\"justify\">\u201c<span style=\"font-family: Arial, sans-serif;\"><span style=\"font-size: x-large;\">El rol protag\u00f3nico de la mujer cada d\u00eda se acent\u00faa m\u00e1s dentro de la sociedad venezolana, son las mujeres quienes est\u00e1n resistiendo y aprendiendo a valorar las oportunidades que se presentan\u201d, expres\u00f3 la gerente regional Eneida Mart\u00ednez Rodr\u00edguez, quien durante su participaci\u00f3n en la socializaci\u00f3n de saberes que protagonizaron 26 mujeres y un hombre, culminaron el ciclo formativo que el Instituto Nacional de Capacitaci\u00f3n y Educaci\u00f3n Socialista (Inces) llev\u00f3 a la Secretar\u00eda para el Desarrollo e Igualdad de G\u00e9nero.<\/span><\/span><\/p>\n<p align=\"justify\"><span style=\"font-family: Arial, sans-serif;\"><span style=\"font-size: x-large;\">Precis\u00f3 Mart\u00ednez, \u201cqueremos antorchas encendidas, mujeres que est\u00e9n comprometidas con los procesos formativos que les ofrece el Inces, queremos que se empoderen de los aprendizajes para que sean productivas y de esta forma aporten al desarrollo de sus comunidades, de su regi\u00f3n y del pa\u00eds\u201d.<\/span><\/span><\/p>\n<p align=\"justify\"><span style=\"font-family: Arial, sans-serif;\"><span style=\"font-size: x-large;\"><img loading=\"lazy\" decoding=\"async\" class=\"aligncenter wp-image-31006 size-full\" src=\"http:\/\/www.inces.gob.ve\/wp-content\/uploads\/2019\/09\/INCES-DESARROLLO-IGUALDAD-DE-G\u00c9NERO6-.jpg\" alt=\"\" width=\"800\" height=\"450\" srcset=\"https:\/\/inces.gob.ve\/wp-content\/uploads\/2019\/09\/INCES-DESARROLLO-IGUALDAD-DE-G\u00c9NERO6-.jpg 800w, https:\/\/inces.gob.ve\/wp-content\/uploads\/2019\/09\/INCES-DESARROLLO-IGUALDAD-DE-G\u00c9NERO6--300x169.jpg 300w, https:\/\/inces.gob.ve\/wp-content\/uploads\/2019\/09\/INCES-DESARROLLO-IGUALDAD-DE-G\u00c9NERO6--768x432.jpg 768w\" sizes=\"auto, (max-width: 800px) 100vw, 800px\" \/><\/span><\/span><\/p>\n<p align=\"justify\"><span style=\"font-family: Arial, sans-serif;\"><span style=\"font-size: x-large;\"><b>Conocimientos para producir<\/b><\/span><\/span><\/p>\n<p align=\"justify\"><span style=\"font-family: Arial, sans-serif;\"><span style=\"font-size: x-large;\">Por su parte Ana Lizarazo, de la Secretar\u00eda para el Desarrollo e Igualdad de G\u00e9nero, resalt\u00f3 que los procesos formativos es una acci\u00f3n necesaria que trasciende en el tiempo y en estos momentos tan dificiles, se hace necesario aprender nuevos conocimientos productivos. \u201cSon lineamientos para impulsar a las amas de casa con cr\u00e9ditos para que sean emprendedoras y hay que ser conscientes que al obtener conocimientos, hay que ponerlos a producir\u201d.<\/span><\/span><\/p>\n<p align=\"justify\"><span style=\"font-family: Arial, sans-serif;\"><span style=\"font-size: x-large;\"><img loading=\"lazy\" decoding=\"async\" class=\"aligncenter wp-image-31010 size-full\" src=\"http:\/\/www.inces.gob.ve\/wp-content\/uploads\/2019\/09\/INCES-DESARROLLO-IGUALDAD-DE-G\u00c9NERO1-.jpg\" alt=\"\" width=\"800\" height=\"620\" srcset=\"https:\/\/inces.gob.ve\/wp-content\/uploads\/2019\/09\/INCES-DESARROLLO-IGUALDAD-DE-G\u00c9NERO1-.jpg 800w, https:\/\/inces.gob.ve\/wp-content\/uploads\/2019\/09\/INCES-DESARROLLO-IGUALDAD-DE-G\u00c9NERO1--300x233.jpg 300w, https:\/\/inces.gob.ve\/wp-content\/uploads\/2019\/09\/INCES-DESARROLLO-IGUALDAD-DE-G\u00c9NERO1--768x595.jpg 768w\" sizes=\"auto, (max-width: 800px) 100vw, 800px\" \/><\/span><\/span><\/p>\n<p align=\"justify\"><span style=\"font-family: Arial, sans-serif;\"><span style=\"font-size: x-large;\">Manifest\u00f3 Lizarazo, que el programa Soy Mujer ha beneficiado a mujeres emprendedoras en la regi\u00f3n, es una programa social creado por el Ejecutivo Nacional que ha logrado la inclusi\u00f3n a la productividad de mujeres que trabajan desde sus hogares, que tienen una gran fuerza productiva, fortalecidas por esas grandes alianzas que hemos logrado con la banca p\u00fablica y con el Inces.<img loading=\"lazy\" decoding=\"async\" class=\"aligncenter wp-image-31008 size-full\" src=\"http:\/\/www.inces.gob.ve\/wp-content\/uploads\/2019\/09\/INCES-DESARROLLO-IGUALDAD-DE-G\u00c9NERO3-.jpg\" alt=\"\" width=\"800\" height=\"450\" srcset=\"https:\/\/inces.gob.ve\/wp-content\/uploads\/2019\/09\/INCES-DESARROLLO-IGUALDAD-DE-G\u00c9NERO3-.jpg 800w, https:\/\/inces.gob.ve\/wp-content\/uploads\/2019\/09\/INCES-DESARROLLO-IGUALDAD-DE-G\u00c9NERO3--300x169.jpg 300w, https:\/\/inces.gob.ve\/wp-content\/uploads\/2019\/09\/INCES-DESARROLLO-IGUALDAD-DE-G\u00c9NERO3--768x432.jpg 768w\" sizes=\"auto, (max-width: 800px) 100vw, 800px\" \/><\/span><\/span><\/p>\n<p align=\"justify\"><span style=\"font-family: Arial, sans-serif;\"><span style=\"font-size: x-large;\"><b>Transformando telas<\/b><\/span><\/span><\/p>\n<p align=\"justify\"><span style=\"font-family: Arial, sans-serif;\"><span style=\"font-size: x-large;\">Explic\u00f3 la maestra t\u00e9cnico productivo Mar\u00eda Delgado, que el ciclo formativo que desarroll\u00f3 Inces Falc\u00f3n a trav\u00e9s del Programa Turismo, la formaci\u00f3n profesional, abarc\u00f3 conocimientos sobre: Elaboraci\u00f3n de Patrones Base, Cortes en la Confecci\u00f3n, Costura a Mano, Mantenimiento de la M\u00e1quina de Coser y Elaboraci\u00f3n de Ropa \u00cdntima, un total de cinco cursos que vienen a fortalecer el \u00e1rea textil en estas mujeres quienes quieren impulsar la actividad transformando las telas reusables en prendas de vestir, ropa \u00edntima, camisas, franelas, vestidos, entre otros.<\/span><\/span><\/p>\n<p align=\"justify\"><span style=\"font-family: Arial, sans-serif;\"><span style=\"font-size: x-large;\"><b>Opiniones de las participantes<\/b><\/span><\/span><\/p>\n<p align=\"justify\"><span style=\"font-family: Arial, sans-serif;\"><span style=\"font-size: x-large;\">Para Zuleima Lugo, el Inces y la Secretaria para el Desarrollo e Igualdad de G\u00e9nero, les abrieron las puertas para ser productivas, \u201cmujeres al poder\u201d. Destac\u00f3 Lugo el gran aporte de la MTP Mar\u00eda Delgado, quien les otorg\u00f3 las herramientas para incursionar en el mundo de la confecci\u00f3n, y las cuales fue perfeccionando en cada avance que realizaban con los procesos de aprendizajes.<img loading=\"lazy\" decoding=\"async\" class=\"aligncenter wp-image-31007 size-full\" src=\"http:\/\/www.inces.gob.ve\/wp-content\/uploads\/2019\/09\/INCES-DESARROLLO-IGUALDAD-DE-G\u00c9NERO5-.jpg\" alt=\"\" width=\"800\" height=\"381\" srcset=\"https:\/\/inces.gob.ve\/wp-content\/uploads\/2019\/09\/INCES-DESARROLLO-IGUALDAD-DE-G\u00c9NERO5-.jpg 800w, https:\/\/inces.gob.ve\/wp-content\/uploads\/2019\/09\/INCES-DESARROLLO-IGUALDAD-DE-G\u00c9NERO5--300x143.jpg 300w, https:\/\/inces.gob.ve\/wp-content\/uploads\/2019\/09\/INCES-DESARROLLO-IGUALDAD-DE-G\u00c9NERO5--768x366.jpg 768w\" sizes=\"auto, (max-width: 800px) 100vw, 800px\" \/><\/span><\/span><\/p>\n<p align=\"justify\"><span style=\"font-family: Arial, sans-serif;\"><span style=\"font-size: x-large;\">De igual forma Mar\u00eda Eugenia Petit, cont\u00f3 con mucha alegr\u00eda como aprendi\u00f3 a transformar las telas en prendas \u00edntimas y c\u00f3mo aprendi\u00f3 a coser a mano.<\/span><\/span><\/p>\n<p align=\"justify\"><span style=\"font-family: Arial, sans-serif;\"><span style=\"font-size: x-large;\">Precis\u00f3 Milixa de Flores, que sus cuatro hijos la motivaron e inspiraron a realizar este ciclo formativo, que fue muy completo e integral. Mostr\u00f3 a los presentes como confeccion\u00f3 los implementos para sus hijos que son bartender, \u201ctenemos que ponernos a producir con creatividad, innovaci\u00f3n y amor por lo que se hace, es all\u00ed donde est\u00e1 la clave, amar lo que se hace\u201d.<\/span><\/span><\/p>\n<p align=\"justify\"><span style=\"font-family: Arial, sans-serif;\"><span style=\"font-size: x-large;\">En la actividad estuvieron presentes representantes del Ministerio de la Mujer (MinMujer), Instituto Regional de la Mujer (Iremu), Programa Turismo del Inces Falc\u00f3n y comunidad en general, quienes al culminar la actividad compartieron un rato agradable y de intercambio de experiencias.<\/span><\/span><\/p>\n","protected":false},"excerpt":{"rendered":"<p>** \u201cTenemos que ponernos a producir con creatividad, innovaci\u00f3n y amor por lo que se hace, es all\u00ed donde est\u00e1 la clave, amar lo que se hace\u201d, Milixa de Flores<\/p>\n","protected":false},"author":15,"featured_media":31005,"comment_status":"closed","ping_status":"closed","sticky":false,"template":"","format":"standard","meta":{"footnotes":""},"categories":[2],"tags":[],"class_list":["post-31004","post","type-post","status-publish","format-standard","has-post-thumbnail","hentry","category-blog"],"_links":{"self":[{"href":"https:\/\/inces.gob.ve\/index.php\/wp-json\/wp\/v2\/posts\/31004","targetHints":{"allow":["GET"]}}],"collection":[{"href":"https:\/\/inces.gob.ve\/index.php\/wp-json\/wp\/v2\/posts"}],"about":[{"href":"https:\/\/inces.gob.ve\/index.php\/wp-json\/wp\/v2\/types\/post"}],"author":[{"embeddable":true,"href":"https:\/\/inces.gob.ve\/index.php\/wp-json\/wp\/v2\/users\/15"}],"replies":[{"embeddable":true,"href":"https:\/\/inces.gob.ve\/index.php\/wp-json\/wp\/v2\/comments?post=31004"}],"version-history":[{"count":3,"href":"https:\/\/inces.gob.ve\/index.php\/wp-json\/wp\/v2\/posts\/31004\/revisions"}],"predecessor-version":[{"id":31018,"href":"https:\/\/inces.gob.ve\/index.php\/wp-json\/wp\/v2\/posts\/31004\/revisions\/31018"}],"wp:featuredmedia":[{"embeddable":true,"href":"https:\/\/inces.gob.ve\/index.php\/wp-json\/wp\/v2\/media\/31005"}],"wp:attachment":[{"href":"https:\/\/inces.gob.ve\/index.php\/wp-json\/wp\/v2\/media?parent=31004"}],"wp:term":[{"taxonomy":"category","embeddable":true,"href":"https:\/\/inces.gob.ve\/index.php\/wp-json\/wp\/v2\/categories?post=31004"},{"taxonomy":"post_tag","embeddable":true,"href":"https:\/\/inces.gob.ve\/index.php\/wp-json\/wp\/v2\/tags?post=31004"}],"curies":[{"name":"wp","href":"https:\/\/api.w.org\/{rel}","templated":true}]}}