{"id":31028,"date":"2019-09-09T13:12:35","date_gmt":"2019-09-09T19:12:35","guid":{"rendered":"http:\/\/www.inces.gob.ve\/?p=31028"},"modified":"2020-05-28T20:25:55","modified_gmt":"2020-05-29T00:25:55","slug":"formacion-y-produccion-actividades-que-consolida-alianzas-interinstitucionales-en-la-region","status":"publish","type":"post","link":"https:\/\/inces.gob.ve\/index.php\/2019\/09\/09\/formacion-y-produccion-actividades-que-consolida-alianzas-interinstitucionales-en-la-region\/","title":{"rendered":"Formaci\u00f3n y producci\u00f3n actividades que consolida alianzas interinstitucionales en la regi\u00f3n"},"content":{"rendered":"<p align=\"justify\"><span style=\"font-family: Arial, sans-serif;\"><span style=\"font-size: x-large;\"><b>**Con el vice Ministerio del Poder Popular para la Pesca y la Acuicultura realizaremos tareas en conjunto con el fin de fortalecer la productividad del Motor alimentario<\/b><\/span><\/span><!--more--><\/p>\n<p align=\"justify\">\n<p align=\"justify\"><span style=\"font-family: Arial, sans-serif;\"><span style=\"font-size: x-large;\"><b>ZUVALQUI DUARTE\/ La Guaira<\/b><\/span><\/span><\/p>\n<p align=\"justify\"><span style=\"font-family: Arial, sans-serif;\"><span style=\"font-size: x-large;\">Juan Laya viceministro de MPPP la pesca y la Acuicultura visit\u00f3 las instalaciones del Inces La Guaira respondiendo a una invitaci\u00f3n de Hern\u00e1n Garboza gerente regional, con el fin de realizar la reuni\u00f3n de la Comisi\u00f3n de Econom\u00eda Productiva y organizar junto a su equipo y el Inces la realizaci\u00f3n de un encuentro de innovadores de la regi\u00f3n. \u201cVamos a poner fecha y hora del inici\u00f3 de la preparaci\u00f3n de los distintos frentes de pescadores de la regi\u00f3n y tambi\u00e9n vamos a impulsar el trabajo que desde el Inces se esta haciendo por medio de los innovadores\u201d Expres\u00f3 Laya.<\/span><\/span><\/p>\n<p align=\"justify\"><span style=\"font-family: Arial, sans-serif;\"><span style=\"font-size: x-large;\">La visita fue propicia para compartir con los maestros t\u00e9cnicos productivos del \u00e1rea industrial e invitarlos a compartir esta experiencia que se ha realizado en otros estados del pa\u00eds, para mostrar como a trav\u00e9s de la organizaci\u00f3n y empoderando al Poder Popular las debilidades se convierten en potencialidades.<\/span><\/span><\/p>\n<p align=\"justify\"><span style=\"font-family: Arial, sans-serif;\"><span style=\"font-size: x-large;\"><img loading=\"lazy\" decoding=\"async\" class=\"aligncenter wp-image-31030 size-full\" src=\"http:\/\/www.inces.gob.ve\/wp-content\/uploads\/2019\/09\/Inces-alianzas-interinstitucionales-en-la-regi\u00f3n3-.jpg\" alt=\"\" width=\"800\" height=\"450\" srcset=\"https:\/\/inces.gob.ve\/wp-content\/uploads\/2019\/09\/Inces-alianzas-interinstitucionales-en-la-regi\u00f3n3-.jpg 800w, https:\/\/inces.gob.ve\/wp-content\/uploads\/2019\/09\/Inces-alianzas-interinstitucionales-en-la-regi\u00f3n3--300x169.jpg 300w, https:\/\/inces.gob.ve\/wp-content\/uploads\/2019\/09\/Inces-alianzas-interinstitucionales-en-la-regi\u00f3n3--768x432.jpg 768w\" sizes=\"auto, (max-width: 800px) 100vw, 800px\" \/><\/span><\/span><\/p>\n<p align=\"justify\"><span style=\"font-family: Arial, sans-serif;\"><span style=\"font-size: x-large;\">Garboza dispens\u00f3 al equipo integrado por voceros de diferentes frentes productivos, una visita guiada por los Laboratorios M\u00f3viles Bolivarianos del \u00e1rea industrial, mostrando la capacidad formativa del Inces regional y el alcance que a nivel productivo desde all\u00ed se puede impulsar.<\/span><\/span><\/p>\n<p align=\"justify\">\u201c<span style=\"font-family: Arial, sans-serif;\"><span style=\"font-size: x-large;\">Nuestra formaci\u00f3n se adapta a las necesidades productivas, es por ello que ofrecemos el curso de Reparaci\u00f3n de Motores Fuera de Borda, Seguridad Industrial, Soldadura Industrial y otros de este mismo tenor, con la finalidad de que los voceros nacionales de este organismo y los Consejos de Pescadores participen directamente en la reparaci\u00f3n de sus motores y la elaboraci\u00f3n de piezas y partes mec\u00e1nicas junto con nuestros innovadores.\u201d expres\u00f3 Garboza.<\/span><\/span><\/p>\n<p align=\"justify\"><span style=\"font-family: Arial, sans-serif;\"><span style=\"font-size: x-large;\"><img loading=\"lazy\" decoding=\"async\" class=\"aligncenter wp-image-31029 size-full\" src=\"http:\/\/www.inces.gob.ve\/wp-content\/uploads\/2019\/09\/Inces-alianzas-interinstitucionales-en-la-regi\u00f3n5-.jpg\" alt=\"\" width=\"800\" height=\"450\" srcset=\"https:\/\/inces.gob.ve\/wp-content\/uploads\/2019\/09\/Inces-alianzas-interinstitucionales-en-la-regi\u00f3n5-.jpg 800w, https:\/\/inces.gob.ve\/wp-content\/uploads\/2019\/09\/Inces-alianzas-interinstitucionales-en-la-regi\u00f3n5--300x169.jpg 300w, https:\/\/inces.gob.ve\/wp-content\/uploads\/2019\/09\/Inces-alianzas-interinstitucionales-en-la-regi\u00f3n5--768x432.jpg 768w\" sizes=\"auto, (max-width: 800px) 100vw, 800px\" \/><\/span><\/span><\/p>\n<p align=\"justify\"><span style=\"font-family: Arial, sans-serif;\"><span style=\"font-size: x-large;\">En este mismo orden de ideas Prisco Avila, Vocero Nacional de Pescadores mostr\u00f3 su satisfacci\u00f3n en la alianza que busca unir esfuerzo para dar soluciones a los pescadores que se han visto afectados ante el bloqueo econ\u00f3mico y la adquisici\u00f3n de piezas para la reparaci\u00f3n de los motores de las lanchas.<\/span><\/span><\/p>\n","protected":false},"excerpt":{"rendered":"<p>**Con el vice Ministerio del Poder Popular para la Pesca y la Acuicultura realizaremos tareas en conjunto con el fin de fortalecer la productividad del Motor alimentario<\/p>\n","protected":false},"author":15,"featured_media":31031,"comment_status":"closed","ping_status":"closed","sticky":false,"template":"","format":"standard","meta":{"footnotes":""},"categories":[2],"tags":[],"class_list":["post-31028","post","type-post","status-publish","format-standard","has-post-thumbnail","hentry","category-blog"],"_links":{"self":[{"href":"https:\/\/inces.gob.ve\/index.php\/wp-json\/wp\/v2\/posts\/31028","targetHints":{"allow":["GET"]}}],"collection":[{"href":"https:\/\/inces.gob.ve\/index.php\/wp-json\/wp\/v2\/posts"}],"about":[{"href":"https:\/\/inces.gob.ve\/index.php\/wp-json\/wp\/v2\/types\/post"}],"author":[{"embeddable":true,"href":"https:\/\/inces.gob.ve\/index.php\/wp-json\/wp\/v2\/users\/15"}],"replies":[{"embeddable":true,"href":"https:\/\/inces.gob.ve\/index.php\/wp-json\/wp\/v2\/comments?post=31028"}],"version-history":[{"count":1,"href":"https:\/\/inces.gob.ve\/index.php\/wp-json\/wp\/v2\/posts\/31028\/revisions"}],"predecessor-version":[{"id":31032,"href":"https:\/\/inces.gob.ve\/index.php\/wp-json\/wp\/v2\/posts\/31028\/revisions\/31032"}],"wp:featuredmedia":[{"embeddable":true,"href":"https:\/\/inces.gob.ve\/index.php\/wp-json\/wp\/v2\/media\/31031"}],"wp:attachment":[{"href":"https:\/\/inces.gob.ve\/index.php\/wp-json\/wp\/v2\/media?parent=31028"}],"wp:term":[{"taxonomy":"category","embeddable":true,"href":"https:\/\/inces.gob.ve\/index.php\/wp-json\/wp\/v2\/categories?post=31028"},{"taxonomy":"post_tag","embeddable":true,"href":"https:\/\/inces.gob.ve\/index.php\/wp-json\/wp\/v2\/tags?post=31028"}],"curies":[{"name":"wp","href":"https:\/\/api.w.org\/{rel}","templated":true}]}}