{"id":31071,"date":"2019-09-10T08:06:20","date_gmt":"2019-09-10T14:06:20","guid":{"rendered":"http:\/\/www.inces.gob.ve\/?p=31071"},"modified":"2020-05-28T20:25:55","modified_gmt":"2020-05-29T00:25:55","slug":"bolivariniciara-formacion-de-elaboracion-de-pan-de-jamon-en-las-comunidades","status":"publish","type":"post","link":"https:\/\/inces.gob.ve\/index.php\/2019\/09\/10\/bolivariniciara-formacion-de-elaboracion-de-pan-de-jamon-en-las-comunidades\/","title":{"rendered":"Bol\u00edvar|Iniciar\u00e1 formaci\u00f3n de elaboraci\u00f3n de pan de jam\u00f3n en las comunidades"},"content":{"rendered":"<p align=\"justify\"><span style=\"font-family: Arial, sans-serif;\"><span style=\"font-size: x-large;\"><i><b>** Con la finalidad de promover la formaci\u00f3n de la elaboraci\u00f3n de Pan de Jam\u00f3n en las comunidades del municipio Caroni, el Inces junto a los CLAP, iniciar\u00e1 los d\u00edas 12 y 13 de septiembre la capacitaci\u00f3n<\/b><\/i><\/span><\/span><!--more--><\/p>\n<p align=\"justify\">\n<p align=\"justify\"><span style=\"font-family: Arial, sans-serif;\"><span style=\"font-size: x-large;\"><b>JOS\u00c9 SU\u00c1REZ| Bol\u00edvar<\/b><\/span><\/span><\/p>\n<p align=\"justify\"><span style=\"font-family: Arial, sans-serif;\"><span style=\"font-size: x-large;\">El Inces Bol\u00edvar particip\u00f3 en el programa el \u201cSonido de la Revoluci\u00f3n\u201d transmitido por la emisora \u201cLa Voz de Guayana\u201d 89.7 FM, con la finalidad de promover la formaci\u00f3n de Elaboraci\u00f3n del Pan de Jam\u00f3n, en las comunidades y los Comit\u00e9s de Abastecimiento y Producci\u00f3n (CLAP) del municipio Caron\u00ed.<\/span><\/span><\/p>\n<p align=\"justify\"><span style=\"font-family: Arial, sans-serif;\"><span style=\"font-size: x-large;\">Esta capacitaci\u00f3n nace un sentido de formar a la colectividad organizada, mediante talleres te\u00f3ricos y pr\u00e1cticos, donde el Inces Bol\u00edvar brindar\u00e1 las t\u00e9cnicas adecuadas para ense\u00f1ar a las familias guayanesas de los sectores populares sobre la elaboraci\u00f3n del rico pan de jam\u00f3n que siempre est\u00e1 presente en las mesas navide\u00f1as.<\/span><\/span><\/p>\n<p align=\"justify\"><span style=\"font-family: Arial, sans-serif;\"><span style=\"font-size: x-large;\"><img loading=\"lazy\" decoding=\"async\" class=\"aligncenter wp-image-31073 size-full\" src=\"http:\/\/www.inces.gob.ve\/wp-content\/uploads\/2019\/09\/Inces-programa-elaboraci\u00f3n-de-pan-de-jam\u00f3n.jpg\" alt=\"\" width=\"800\" height=\"600\" srcset=\"https:\/\/inces.gob.ve\/wp-content\/uploads\/2019\/09\/Inces-programa-elaboraci\u00f3n-de-pan-de-jam\u00f3n.jpg 800w, https:\/\/inces.gob.ve\/wp-content\/uploads\/2019\/09\/Inces-programa-elaboraci\u00f3n-de-pan-de-jam\u00f3n-300x225.jpg 300w, https:\/\/inces.gob.ve\/wp-content\/uploads\/2019\/09\/Inces-programa-elaboraci\u00f3n-de-pan-de-jam\u00f3n-768x576.jpg 768w, https:\/\/inces.gob.ve\/wp-content\/uploads\/2019\/09\/Inces-programa-elaboraci\u00f3n-de-pan-de-jam\u00f3n-136x102.jpg 136w\" sizes=\"auto, (max-width: 800px) 100vw, 800px\" \/><\/span><\/span><\/p>\n<p align=\"justify\"><span style=\"font-family: Arial, sans-serif;\"><span style=\"font-size: x-large;\">Esta iniciativa fue presentada por la gerente regional del Inces Bol\u00edvar, Ruht Jim\u00e9nez, quien en su alocuci\u00f3n destac\u00f3 la ardua labor que realiza la instituci\u00f3n, en las comunidades, con las formaciones de la preparaci\u00f3n de comidas alternativas y procesamiento y conservaci\u00f3n de los alimentos.<\/span><\/span><\/p>\n<p align=\"justify\"><span style=\"font-family: Arial, sans-serif;\"><span style=\"font-size: x-large;\">De igual modo, Jim\u00e9nez, invit\u00f3 a la colectividad acercase al Inces, para realizar el abordaje dentro del sectores que deseen la formaci\u00f3n. \u201cSe requiere un espacio apropiado, una escuela o un vecino que ponga en disposici\u00f3n su casa para la preparaci\u00f3n del pan t\u00edpico navide\u00f1o\u201d.<\/span><\/span><\/p>\n<p align=\"justify\"><span style=\"font-family: Arial, sans-serif;\"><span style=\"font-size: x-large;\">Arranque formativo en las comunidades<\/span><\/span><\/p>\n<p align=\"justify\"><span style=\"font-family: Arial, sans-serif;\"><span style=\"font-size: x-large;\">Dando inicio a los preparativos navide\u00f1os los d\u00edas 12 y 13 de septiembre, se empezar\u00e1 esta formaci\u00f3n en la comunidad del Guamo y la urbanizaci\u00f3n Ventuaris, en compa\u00f1\u00eda de los comit\u00e9s de Abastecimiento y Producci\u00f3n (CLAP) de la parroquia Unare.<\/span><\/span><\/p>\n<p align=\"justify\">\n","protected":false},"excerpt":{"rendered":"<p>** Con la finalidad de promover la formaci\u00f3n de la elaboraci\u00f3n de Pan de Jam\u00f3n en las comunidades del municipio Caroni, el Inces junto a los CLAP, iniciar\u00e1 los d\u00edas 12 y 13 de septiembre la capacitaci\u00f3n<\/p>\n","protected":false},"author":15,"featured_media":31072,"comment_status":"closed","ping_status":"closed","sticky":false,"template":"","format":"standard","meta":{"footnotes":""},"categories":[2],"tags":[],"class_list":["post-31071","post","type-post","status-publish","format-standard","has-post-thumbnail","hentry","category-blog"],"_links":{"self":[{"href":"https:\/\/inces.gob.ve\/index.php\/wp-json\/wp\/v2\/posts\/31071","targetHints":{"allow":["GET"]}}],"collection":[{"href":"https:\/\/inces.gob.ve\/index.php\/wp-json\/wp\/v2\/posts"}],"about":[{"href":"https:\/\/inces.gob.ve\/index.php\/wp-json\/wp\/v2\/types\/post"}],"author":[{"embeddable":true,"href":"https:\/\/inces.gob.ve\/index.php\/wp-json\/wp\/v2\/users\/15"}],"replies":[{"embeddable":true,"href":"https:\/\/inces.gob.ve\/index.php\/wp-json\/wp\/v2\/comments?post=31071"}],"version-history":[{"count":2,"href":"https:\/\/inces.gob.ve\/index.php\/wp-json\/wp\/v2\/posts\/31071\/revisions"}],"predecessor-version":[{"id":31075,"href":"https:\/\/inces.gob.ve\/index.php\/wp-json\/wp\/v2\/posts\/31071\/revisions\/31075"}],"wp:featuredmedia":[{"embeddable":true,"href":"https:\/\/inces.gob.ve\/index.php\/wp-json\/wp\/v2\/media\/31072"}],"wp:attachment":[{"href":"https:\/\/inces.gob.ve\/index.php\/wp-json\/wp\/v2\/media?parent=31071"}],"wp:term":[{"taxonomy":"category","embeddable":true,"href":"https:\/\/inces.gob.ve\/index.php\/wp-json\/wp\/v2\/categories?post=31071"},{"taxonomy":"post_tag","embeddable":true,"href":"https:\/\/inces.gob.ve\/index.php\/wp-json\/wp\/v2\/tags?post=31071"}],"curies":[{"name":"wp","href":"https:\/\/api.w.org\/{rel}","templated":true}]}}