{"id":31076,"date":"2019-09-10T09:09:38","date_gmt":"2019-09-10T15:09:38","guid":{"rendered":"http:\/\/www.inces.gob.ve\/?p=31076"},"modified":"2020-05-28T20:34:43","modified_gmt":"2020-05-29T00:34:43","slug":"trujillola-cultura-presente-en-el-plan-nacional-joven-empinate","status":"publish","type":"post","link":"https:\/\/inces.gob.ve\/index.php\/2019\/09\/10\/trujillola-cultura-presente-en-el-plan-nacional-joven-empinate\/","title":{"rendered":"Trujillo|La cultura presente en el Plan Nacional \u201cJoven Emp\u00ednate\u201d"},"content":{"rendered":"<p align=\"justify\"><span style=\"color: #000000;\"><span style=\"font-family: Arial, sans-serif;\"><span style=\"font-size: x-large;\"><b>**<i> Los integrantes del Programa Nacional de Aprendizaje conocer\u00e1n distintas manifestaciones culturales en teatro, baile, canto, gastronom\u00eda de donde extraer\u00e1n conocimientos b\u00e1sicos que les servir\u00e1<\/i><i>n<\/i><i> para la presentaci\u00f3n de una muestra propia<\/i><\/b><\/span><\/span><\/span><!--more--><\/p>\n<p align=\"justify\">\n<p align=\"justify\"><span style=\"color: #000000;\"><span style=\"font-family: Arial, sans-serif;\"><span style=\"font-size: x-large;\"><b>MAR\u00cdA CABRERA| T<i>rujillo<\/i><\/b><\/span><\/span><\/span><\/p>\n<p align=\"justify\"><span style=\"color: #000000;\"><span style=\"font-family: Arial, sans-serif;\"><span style=\"font-size: x-large;\">El cronograma producci\u00f3n Plan Nacional Joven Emp\u00ednate presentado en el auditorio \u201cLuis Beltr\u00e1n Prieto Figueroa\u201d a los 73 aprendices de los oficios ventas y asistentes administrativos, sigue su rumbo normal pues la triada maestros t\u00e9cnicos productivos, facilitadores y aprendices garantizan el \u00e9xito de este desafi\u00f3 que se ensaya en tiempos de bloqueo econ\u00f3mico.<\/span><\/span><\/span><\/p>\n<p align=\"justify\">\n<p align=\"justify\"><span style=\"color: #000000;\"><span style=\"font-family: Arial, sans-serif;\"><span style=\"font-size: x-large;\">Esta semana con una alianza establecida con el programa de Venezuela Productiva y la Gran Misi\u00f3n Chamba Juvenil, se atendi\u00f3 a la parte concerniente a la identidad cultural que es otra de las \u00e1reas enmarcadas en este proyecto que vela por los j\u00f3venes integrantes del Programa Nacional de Aprendizaje de Trujillo.<\/span><\/span><\/span><\/p>\n<p align=\"justify\"><img loading=\"lazy\" decoding=\"async\" class=\"aligncenter wp-image-31079 size-full\" src=\"http:\/\/www.inces.gob.ve\/wp-content\/uploads\/2019\/09\/Inces-cultura-presente-en-Plan-Nacional1-.jpg\" alt=\"\" width=\"800\" height=\"600\" srcset=\"https:\/\/inces.gob.ve\/wp-content\/uploads\/2019\/09\/Inces-cultura-presente-en-Plan-Nacional1-.jpg 800w, https:\/\/inces.gob.ve\/wp-content\/uploads\/2019\/09\/Inces-cultura-presente-en-Plan-Nacional1--300x225.jpg 300w, https:\/\/inces.gob.ve\/wp-content\/uploads\/2019\/09\/Inces-cultura-presente-en-Plan-Nacional1--768x576.jpg 768w, https:\/\/inces.gob.ve\/wp-content\/uploads\/2019\/09\/Inces-cultura-presente-en-Plan-Nacional1--136x102.jpg 136w\" sizes=\"auto, (max-width: 800px) 100vw, 800px\" \/><\/p>\n<p align=\"justify\"><span style=\"color: #000000;\"><span style=\"font-family: Arial, sans-serif;\"><span style=\"font-size: x-large;\">Jose Araujo, coordinador de cultura, recreaci\u00f3n,deporte del organismo explic\u00f3 que luego de la informaci\u00f3n te\u00f3rico donde se aprendi\u00f3 informaci\u00f3n valiosa los aprendices en el Centro de Formaci\u00f3n Socialista \u201cAli Primera\u201d, extraer\u00e1n puntos b\u00e1sicos que les servir\u00e1n para internalizar aspectos de la cultura latinoamericana y mundial necesarias para su formaci\u00f3n y capacitaci\u00f3n que reciben en el Inces Trujillo.<\/span><\/span><\/span><\/p>\n<p align=\"justify\">\n<p align=\"justify\"><span style=\"color: #000000;\"><span style=\"font-family: Arial, sans-serif;\"><span style=\"font-size: x-large;\">Como se sabe el Plan Nacional \u201cJoven Emp\u00ednate\u201d obra del maestro Luis Beltr\u00e1n Prieto Figueroa, busca establecer los puentes entre los muchachos que ingresan al sistema educativo nacional que se motiven y se impulsen a trav\u00e9s de su propia experiencia, y se le brinden apoyo a todos aquellos que por alguna causa se sientan extraviados y sin direcci\u00f3n de manera que puedan retomar y contribuir con su esfuerzo a la preservaci\u00f3n de la cultura nacional y todos los elementos que conforman lo cultural del pa\u00eds\u201d Acot\u00f3 Araujo.<\/span><\/span><\/span><\/p>\n<p align=\"justify\"><img loading=\"lazy\" decoding=\"async\" class=\"aligncenter wp-image-31078 size-full\" src=\"http:\/\/www.inces.gob.ve\/wp-content\/uploads\/2019\/09\/Inces-cultura-presente-en-Plan-Nacional2-.jpg\" alt=\"\" width=\"800\" height=\"600\" srcset=\"https:\/\/inces.gob.ve\/wp-content\/uploads\/2019\/09\/Inces-cultura-presente-en-Plan-Nacional2-.jpg 800w, https:\/\/inces.gob.ve\/wp-content\/uploads\/2019\/09\/Inces-cultura-presente-en-Plan-Nacional2--300x225.jpg 300w, https:\/\/inces.gob.ve\/wp-content\/uploads\/2019\/09\/Inces-cultura-presente-en-Plan-Nacional2--768x576.jpg 768w, https:\/\/inces.gob.ve\/wp-content\/uploads\/2019\/09\/Inces-cultura-presente-en-Plan-Nacional2--136x102.jpg 136w\" sizes=\"auto, (max-width: 800px) 100vw, 800px\" \/><\/p>\n<p align=\"justify\"><span style=\"color: #000000;\"><span style=\"font-family: Arial, sans-serif;\"><span style=\"font-size: x-large;\">Este Plan Nacional \u201cJoven Emp\u00ednate\u201d, es parte de la gesti\u00f3n que viene ejecutando el Presidente del Inces Wuikelman Angel, quien junto al equipo del Ministerio de Educaci\u00f3n B\u00e1sica, consideran loable para la juventud venezolana tener presente el consejo del maestro Prieto Figueroa, en momento pol\u00edtico y social que vive la naci\u00f3n. <\/span><\/span><\/span><\/p>\n<p align=\"justify\"><span style=\"color: #000000;\"><span style=\"font-family: Arial, sans-serif;\"><span style=\"font-size: x-large;\">Jose Araujo, coordinador de cultura, recreaci\u00f3n y deporte del Inces Trujillo, sostuvo que para el 20 de septiembre, los aprendices Inces del PNA,<\/span><\/span><\/span><\/p>\n<p align=\"justify\"><span style=\"color: #000000;\"> <span style=\"font-family: Arial, sans-serif;\"><span style=\"font-size: x-large;\">realizar\u00e1n una muestra cultural, donde se ense\u00f1ar\u00e1n el valor del teatro y la acrobacia, as\u00ed como otras manifestaciones art\u00edsticas que se refleje la cultura popular. <\/span><\/span><\/span><\/p>\n","protected":false},"excerpt":{"rendered":"<p>** Los integrantes del Programa Nacional de Aprendizaje conocer\u00e1n distintas manifestaciones culturales en teatro, baile, canto, gastronom\u00eda de donde extraer\u00e1n conocimientos b\u00e1sicos que les servir\u00e1n para la presentaci\u00f3n de una muestra propia<\/p>\n","protected":false},"author":15,"featured_media":31077,"comment_status":"closed","ping_status":"closed","sticky":false,"template":"","format":"standard","meta":{"footnotes":""},"categories":[2],"tags":[],"class_list":["post-31076","post","type-post","status-publish","format-standard","has-post-thumbnail","hentry","category-blog"],"_links":{"self":[{"href":"https:\/\/inces.gob.ve\/index.php\/wp-json\/wp\/v2\/posts\/31076","targetHints":{"allow":["GET"]}}],"collection":[{"href":"https:\/\/inces.gob.ve\/index.php\/wp-json\/wp\/v2\/posts"}],"about":[{"href":"https:\/\/inces.gob.ve\/index.php\/wp-json\/wp\/v2\/types\/post"}],"author":[{"embeddable":true,"href":"https:\/\/inces.gob.ve\/index.php\/wp-json\/wp\/v2\/users\/15"}],"replies":[{"embeddable":true,"href":"https:\/\/inces.gob.ve\/index.php\/wp-json\/wp\/v2\/comments?post=31076"}],"version-history":[{"count":1,"href":"https:\/\/inces.gob.ve\/index.php\/wp-json\/wp\/v2\/posts\/31076\/revisions"}],"predecessor-version":[{"id":31080,"href":"https:\/\/inces.gob.ve\/index.php\/wp-json\/wp\/v2\/posts\/31076\/revisions\/31080"}],"wp:featuredmedia":[{"embeddable":true,"href":"https:\/\/inces.gob.ve\/index.php\/wp-json\/wp\/v2\/media\/31077"}],"wp:attachment":[{"href":"https:\/\/inces.gob.ve\/index.php\/wp-json\/wp\/v2\/media?parent=31076"}],"wp:term":[{"taxonomy":"category","embeddable":true,"href":"https:\/\/inces.gob.ve\/index.php\/wp-json\/wp\/v2\/categories?post=31076"},{"taxonomy":"post_tag","embeddable":true,"href":"https:\/\/inces.gob.ve\/index.php\/wp-json\/wp\/v2\/tags?post=31076"}],"curies":[{"name":"wp","href":"https:\/\/api.w.org\/{rel}","templated":true}]}}