{"id":31081,"date":"2019-09-10T09:43:28","date_gmt":"2019-09-10T15:43:28","guid":{"rendered":"http:\/\/www.inces.gob.ve\/?p=31081"},"modified":"2020-05-28T20:34:43","modified_gmt":"2020-05-29T00:34:43","slug":"trujillo-forma-a-jovenes-en-el-area-de-electrodomesticos","status":"publish","type":"post","link":"https:\/\/inces.gob.ve\/index.php\/2019\/09\/10\/trujillo-forma-a-jovenes-en-el-area-de-electrodomesticos\/","title":{"rendered":"Trujillo| Formamos  j\u00f3venes en el \u00e1rea de electrodom\u00e9sticos"},"content":{"rendered":"<p align=\"justify\"><span style=\"font-family: Arial, sans-serif;\"><span style=\"font-size: x-large;\"><b>**La reparaci\u00f3n de <i>licuadoras, secadores, planchas <\/i><i>y <\/i><i>ventiladores <\/i><i>son<\/i><i> en su funcionamiento entre otros son solucionados en el taller de electricidad del Inces-Trujillo.<\/i><\/b><\/span><\/span><\/p>\n<p align=\"justify\"><!--more--><\/p>\n<p align=\"justify\"><span style=\"font-family: Arial, sans-serif;\"><span style=\"font-size: x-large;\"><b>Mar\u00eda Cabrera|Inces Trujillo<\/b><\/span><\/span><\/p>\n<p align=\"justify\">\n<p align=\"justify\">\u201c<span style=\"font-family: Arial, sans-serif;\"><span style=\"font-size: x-large;\">El duro panorama econ\u00f3mico que enfrentan los venezolanos d\u00eda a d\u00eda por la severa crisis econ\u00f3mica que atraviesa el pa\u00eds y que afecta el bolsillo del venezolano com\u00fan, es visto por el Instituto Nacional de Capacitaci\u00f3n y Educaci\u00f3n Socialista de Trujillo como la oportunidad. As\u00ed lo dio a conocer H\u00e9ctor Simancas, quien es el encargado de impartir la formaci\u00f3n que en estos d\u00edas de vacaciones escolares.<\/span><\/span><\/p>\n<p align=\"justify\">\u201c<span style=\"font-family: Arial, sans-serif;\"><span style=\"font-size: x-large;\">Estos cursos que impartimos es para adiestrar a la poblaci\u00f3n en oficios que sean de beneficios tanto para su n\u00facleo familiar como la comunidad\u201d.<\/span><\/span><\/p>\n<p align=\"justify\">\n<img loading=\"lazy\" decoding=\"async\" class=\"aligncenter wp-image-31083 size-full\" src=\"http:\/\/www.inces.gob.ve\/wp-content\/uploads\/2019\/09\/INCES-forma-\u00e1rea-de-electrodom\u00e9sticos-4-.jpg\" alt=\"\" width=\"800\" height=\"600\" srcset=\"https:\/\/inces.gob.ve\/wp-content\/uploads\/2019\/09\/INCES-forma-\u00e1rea-de-electrodom\u00e9sticos-4-.jpg 800w, https:\/\/inces.gob.ve\/wp-content\/uploads\/2019\/09\/INCES-forma-\u00e1rea-de-electrodom\u00e9sticos-4--300x225.jpg 300w, https:\/\/inces.gob.ve\/wp-content\/uploads\/2019\/09\/INCES-forma-\u00e1rea-de-electrodom\u00e9sticos-4--768x576.jpg 768w, https:\/\/inces.gob.ve\/wp-content\/uploads\/2019\/09\/INCES-forma-\u00e1rea-de-electrodom\u00e9sticos-4--136x102.jpg 136w\" sizes=\"auto, (max-width: 800px) 100vw, 800px\" \/><\/p>\n<p align=\"justify\"><span style=\"font-family: Arial, sans-serif;\"><span style=\"font-size: x-large;\">Ejemplo de ello, es el caso del curso de reparaci\u00f3n de electrodom\u00e9sticos menores, donde los aprendices se les ense\u00f1a a solucionar esos inconvenientes y las fallas de aparatos <\/span><\/span><\/p>\n<p align=\"justify\"><span style=\"font-family: Arial, sans-serif;\"><span style=\"font-size: x-large;\">En el taller de electricidad con ayuda de los probadores de corrientes, los aprendices realizan sus practicas para medir la diferencia de potencial entre dos puntos de un circuito el\u00e9ctrico, en cada uno de los aparatos que emplean para desarrollar sus conocimientos seg\u00fan la orientaci\u00f3n que el veterano docente les indica.<\/span><\/span><\/p>\n<p align=\"justify\"><span style=\"font-family: Arial, sans-serif;\"><span style=\"font-size: x-large;\"><img loading=\"lazy\" decoding=\"async\" class=\"aligncenter wp-image-31084 size-full\" src=\"http:\/\/www.inces.gob.ve\/wp-content\/uploads\/2019\/09\/INCES-forma-\u00e1rea-de-electrodom\u00e9sticos-2-.jpg\" alt=\"\" width=\"800\" height=\"600\" srcset=\"https:\/\/inces.gob.ve\/wp-content\/uploads\/2019\/09\/INCES-forma-\u00e1rea-de-electrodom\u00e9sticos-2-.jpg 800w, https:\/\/inces.gob.ve\/wp-content\/uploads\/2019\/09\/INCES-forma-\u00e1rea-de-electrodom\u00e9sticos-2--300x225.jpg 300w, https:\/\/inces.gob.ve\/wp-content\/uploads\/2019\/09\/INCES-forma-\u00e1rea-de-electrodom\u00e9sticos-2--768x576.jpg 768w, https:\/\/inces.gob.ve\/wp-content\/uploads\/2019\/09\/INCES-forma-\u00e1rea-de-electrodom\u00e9sticos-2--136x102.jpg 136w\" sizes=\"auto, (max-width: 800px) 100vw, 800px\" \/><\/span><\/span><\/p>\n<p align=\"justify\"><span style=\"font-family: Arial, sans-serif;\"><span style=\"font-size: x-large;\">Finalmente explic\u00f3 Simancas, que estos tiempos de crisis el CFS \u201cAli Primera\u201d, forma y produce conocimiento aprender a cuidar m\u00e1s los aparatos el\u00e9ctricos que se encuentran en los hogares para que tengan m\u00e1s larga vida los electrod\u00f3smeticos.<\/span><\/span><\/p>\n<p align=\"justify\"><img loading=\"lazy\" decoding=\"async\" class=\"aligncenter wp-image-31085 size-full\" src=\"http:\/\/www.inces.gob.ve\/wp-content\/uploads\/2019\/09\/INCES-forma-\u00e1rea-de-electrodom\u00e9sticos-1-.jpg\" alt=\"\" width=\"800\" height=\"600\" srcset=\"https:\/\/inces.gob.ve\/wp-content\/uploads\/2019\/09\/INCES-forma-\u00e1rea-de-electrodom\u00e9sticos-1-.jpg 800w, https:\/\/inces.gob.ve\/wp-content\/uploads\/2019\/09\/INCES-forma-\u00e1rea-de-electrodom\u00e9sticos-1--300x225.jpg 300w, https:\/\/inces.gob.ve\/wp-content\/uploads\/2019\/09\/INCES-forma-\u00e1rea-de-electrodom\u00e9sticos-1--768x576.jpg 768w, https:\/\/inces.gob.ve\/wp-content\/uploads\/2019\/09\/INCES-forma-\u00e1rea-de-electrodom\u00e9sticos-1--136x102.jpg 136w\" sizes=\"auto, (max-width: 800px) 100vw, 800px\" \/><\/p>\n","protected":false},"excerpt":{"rendered":"<p>**La reparaci\u00f3n de licuadoras, secadores, planchas y ventiladores son en su funcionamiento entre otros son solucionados en el taller de electricidad del Inces-Trujillo.<\/p>\n","protected":false},"author":15,"featured_media":31082,"comment_status":"closed","ping_status":"closed","sticky":false,"template":"","format":"standard","meta":{"footnotes":""},"categories":[2],"tags":[],"class_list":["post-31081","post","type-post","status-publish","format-standard","has-post-thumbnail","hentry","category-blog"],"_links":{"self":[{"href":"https:\/\/inces.gob.ve\/index.php\/wp-json\/wp\/v2\/posts\/31081","targetHints":{"allow":["GET"]}}],"collection":[{"href":"https:\/\/inces.gob.ve\/index.php\/wp-json\/wp\/v2\/posts"}],"about":[{"href":"https:\/\/inces.gob.ve\/index.php\/wp-json\/wp\/v2\/types\/post"}],"author":[{"embeddable":true,"href":"https:\/\/inces.gob.ve\/index.php\/wp-json\/wp\/v2\/users\/15"}],"replies":[{"embeddable":true,"href":"https:\/\/inces.gob.ve\/index.php\/wp-json\/wp\/v2\/comments?post=31081"}],"version-history":[{"count":3,"href":"https:\/\/inces.gob.ve\/index.php\/wp-json\/wp\/v2\/posts\/31081\/revisions"}],"predecessor-version":[{"id":31088,"href":"https:\/\/inces.gob.ve\/index.php\/wp-json\/wp\/v2\/posts\/31081\/revisions\/31088"}],"wp:featuredmedia":[{"embeddable":true,"href":"https:\/\/inces.gob.ve\/index.php\/wp-json\/wp\/v2\/media\/31082"}],"wp:attachment":[{"href":"https:\/\/inces.gob.ve\/index.php\/wp-json\/wp\/v2\/media?parent=31081"}],"wp:term":[{"taxonomy":"category","embeddable":true,"href":"https:\/\/inces.gob.ve\/index.php\/wp-json\/wp\/v2\/categories?post=31081"},{"taxonomy":"post_tag","embeddable":true,"href":"https:\/\/inces.gob.ve\/index.php\/wp-json\/wp\/v2\/tags?post=31081"}],"curies":[{"name":"wp","href":"https:\/\/api.w.org\/{rel}","templated":true}]}}