{"id":31129,"date":"2019-09-12T07:27:55","date_gmt":"2019-09-12T13:27:55","guid":{"rendered":"http:\/\/www.inces.gob.ve\/?p=31129"},"modified":"2020-05-28T20:25:54","modified_gmt":"2020-05-29T00:25:54","slug":"carabobo-inicio-diplomado-para-cuadros-de-direccion-del-psuv","status":"publish","type":"post","link":"https:\/\/inces.gob.ve\/index.php\/2019\/09\/12\/carabobo-inicio-diplomado-para-cuadros-de-direccion-del-psuv\/","title":{"rendered":"Carabobo| Inici\u00f3 Diplomado para Cuadros de Direcci\u00f3n del PSUV"},"content":{"rendered":"<p align=\"justify\"><span style=\"font-family: Arial, sans-serif;\"><span style=\"font-size: x-large;\"><i><b>**El Gobernador de Carabobo, Rafael Lacava dio la bienvenida a los participantes de esta formaci\u00f3n que se realiza en los espacios del Auditorio del CFS Luis Beltr\u00e1n de Valencia y contar\u00e1 como facilitador con Guyen Soto gerente regional de Inces Carabobo<\/b><\/i><\/span><\/span><\/p>\n<p align=\"justify\"><!--more--><\/p>\n<p align=\"justify\"><span style=\"font-family: Arial, sans-serif;\"><span style=\"font-size: x-large;\"><b>Atilia Cortez \/Carabobo<\/b><\/span><\/span><\/p>\n<p align=\"justify\">\n<p align=\"justify\"><span style=\"font-family: Arial, sans-serif;\"><span style=\"font-size: x-large;\">Este diplomado est\u00e1 dirigido a Cuadros de Direcci\u00f3n del Partido Socialista Unido de Venezuela (PSUV), actividad que se llev\u00f3 a cabo en el Auditorio del CFS Luis Beltr\u00e1n Prieto de Valencia la cual estuvo presidida por el Jefe Pol\u00edtico y Gobernador de la entidad, Rafael Lacava<\/span><\/span><\/p>\n<p align=\"justify\"><span style=\"font-family: Arial, sans-serif;\"><span style=\"font-size: x-large;\">En este sentido el gobernador Rafael Lacava, manifest\u00f3 que este diplomado forma parte de los cursos de formaci\u00f3n que realiza el Psuv cuyo prop\u00f3sito es \u201cfortalecer a todos los funcionarios y cuadros pol\u00edticos locales, municipales y regionales en diferentes \u00e1reas y seminarios acerca de gerencia p\u00fablica, administraci\u00f3n, pensamiento bolivariano y econ\u00f3mico\u201d, expres\u00f3.<\/span><\/span><\/p>\n<p align=\"justify\"><span style=\"font-family: Arial, sans-serif;\"><span style=\"font-size: x-large;\"><img loading=\"lazy\" decoding=\"async\" class=\"aligncenter wp-image-31133 size-full\" src=\"http:\/\/www.inces.gob.ve\/wp-content\/uploads\/2019\/09\/Inces-Diplomado1-.jpeg\" alt=\"\" width=\"800\" height=\"450\" srcset=\"https:\/\/inces.gob.ve\/wp-content\/uploads\/2019\/09\/Inces-Diplomado1-.jpeg 800w, https:\/\/inces.gob.ve\/wp-content\/uploads\/2019\/09\/Inces-Diplomado1--300x169.jpeg 300w, https:\/\/inces.gob.ve\/wp-content\/uploads\/2019\/09\/Inces-Diplomado1--768x432.jpeg 768w\" sizes=\"auto, (max-width: 800px) 100vw, 800px\" \/><\/span><\/span><\/p>\n<p align=\"justify\"><span style=\"font-family: Arial, sans-serif;\"><span style=\"font-size: x-large;\">Se pudo conocer que entre los facilitadores al Diplomado est\u00e1 el ingeniero Guyen Soto gerente regional del Instituto Nacional de Capacitaci\u00f3n Socialista (Inces) Carabobo y entre los asistentes destacan los Jefes de los Centros de Formaci\u00f3n Socialista (CFS) de la regi\u00f3n carabobe\u00f1a.<\/span><\/span><\/p>\n<p align=\"justify\"><span style=\"font-family: Arial, sans-serif;\"><span style=\"font-size: x-large;\">Asistentes al Diplomado expresaron \u201cFelicitamos el compromiso de nuestro Partido en su labor con el diplomado, toda Venezuela una escuela es nuestro eslogan, este importante paso lo sumamos al diplomado que hicimos con los lideres de bases\u201d.<\/span><\/span><\/p>\n<p align=\"justify\"><span style=\"font-family: Arial, sans-serif;\"><span style=\"font-size: x-large;\"><img loading=\"lazy\" decoding=\"async\" class=\"aligncenter wp-image-31131 size-full\" src=\"http:\/\/www.inces.gob.ve\/wp-content\/uploads\/2019\/09\/Inces-Diplomado3-.jpeg\" alt=\"\" width=\"800\" height=\"450\" srcset=\"https:\/\/inces.gob.ve\/wp-content\/uploads\/2019\/09\/Inces-Diplomado3-.jpeg 800w, https:\/\/inces.gob.ve\/wp-content\/uploads\/2019\/09\/Inces-Diplomado3--300x169.jpeg 300w, https:\/\/inces.gob.ve\/wp-content\/uploads\/2019\/09\/Inces-Diplomado3--768x432.jpeg 768w\" sizes=\"auto, (max-width: 800px) 100vw, 800px\" \/><\/span><\/span><\/p>\n<p align=\"justify\"><span style=\"font-family: Arial, sans-serif;\"><span style=\"font-size: x-large;\">Adem\u00e1s destacaron que esta formaci\u00f3n pol\u00edtica contribuir\u00e1 a tener un mejor Partido y a ejercer una mejor gesti\u00f3n de gobierno, \u201cHemos instalado la Universidad para Ciencias pol\u00edticas y le damos inicio a este diplomado, con menos burocratismo, menos vicios y m\u00e1s cercano al poder popular, todos vamos en la construcci\u00f3n del socialismo como forma de vida\u201d.<\/span><\/span><\/p>\n<p align=\"justify\"><span style=\"font-family: Arial, sans-serif;\"><span style=\"font-size: x-large;\"><img loading=\"lazy\" decoding=\"async\" class=\"aligncenter wp-image-31132 size-full\" src=\"http:\/\/www.inces.gob.ve\/wp-content\/uploads\/2019\/09\/Inces-Diplomado2-.jpeg\" alt=\"\" width=\"800\" height=\"462\" srcset=\"https:\/\/inces.gob.ve\/wp-content\/uploads\/2019\/09\/Inces-Diplomado2-.jpeg 800w, https:\/\/inces.gob.ve\/wp-content\/uploads\/2019\/09\/Inces-Diplomado2--300x173.jpeg 300w, https:\/\/inces.gob.ve\/wp-content\/uploads\/2019\/09\/Inces-Diplomado2--768x444.jpeg 768w\" sizes=\"auto, (max-width: 800px) 100vw, 800px\" \/><\/span><\/span><\/p>\n","protected":false},"excerpt":{"rendered":"<p>**El Gobernador de Carabobo, Rafael Lacava dio la bienvenida a los participantes de esta formaci\u00f3n que se realiza en los espacios del Auditorio del CFS Luis Beltr\u00e1n de Valencia y contar\u00e1 como facilitador con Guyen Soto gerente regional de Inces Carabobo<\/p>\n","protected":false},"author":15,"featured_media":31130,"comment_status":"closed","ping_status":"closed","sticky":false,"template":"","format":"standard","meta":{"footnotes":""},"categories":[2],"tags":[],"class_list":["post-31129","post","type-post","status-publish","format-standard","has-post-thumbnail","hentry","category-blog"],"_links":{"self":[{"href":"https:\/\/inces.gob.ve\/index.php\/wp-json\/wp\/v2\/posts\/31129","targetHints":{"allow":["GET"]}}],"collection":[{"href":"https:\/\/inces.gob.ve\/index.php\/wp-json\/wp\/v2\/posts"}],"about":[{"href":"https:\/\/inces.gob.ve\/index.php\/wp-json\/wp\/v2\/types\/post"}],"author":[{"embeddable":true,"href":"https:\/\/inces.gob.ve\/index.php\/wp-json\/wp\/v2\/users\/15"}],"replies":[{"embeddable":true,"href":"https:\/\/inces.gob.ve\/index.php\/wp-json\/wp\/v2\/comments?post=31129"}],"version-history":[{"count":1,"href":"https:\/\/inces.gob.ve\/index.php\/wp-json\/wp\/v2\/posts\/31129\/revisions"}],"predecessor-version":[{"id":31134,"href":"https:\/\/inces.gob.ve\/index.php\/wp-json\/wp\/v2\/posts\/31129\/revisions\/31134"}],"wp:featuredmedia":[{"embeddable":true,"href":"https:\/\/inces.gob.ve\/index.php\/wp-json\/wp\/v2\/media\/31130"}],"wp:attachment":[{"href":"https:\/\/inces.gob.ve\/index.php\/wp-json\/wp\/v2\/media?parent=31129"}],"wp:term":[{"taxonomy":"category","embeddable":true,"href":"https:\/\/inces.gob.ve\/index.php\/wp-json\/wp\/v2\/categories?post=31129"},{"taxonomy":"post_tag","embeddable":true,"href":"https:\/\/inces.gob.ve\/index.php\/wp-json\/wp\/v2\/tags?post=31129"}],"curies":[{"name":"wp","href":"https:\/\/api.w.org\/{rel}","templated":true}]}}