{"id":31140,"date":"2019-09-12T12:02:50","date_gmt":"2019-09-12T18:02:50","guid":{"rendered":"http:\/\/www.inces.gob.ve\/?p=31140"},"modified":"2020-05-28T20:25:54","modified_gmt":"2020-05-29T00:25:54","slug":"aragua-desde-los-espacios-del-salon-wadaka-se-realizo-el-cierre-de-servicio-de-bar","status":"publish","type":"post","link":"https:\/\/inces.gob.ve\/index.php\/2019\/09\/12\/aragua-desde-los-espacios-del-salon-wadaka-se-realizo-el-cierre-de-servicio-de-bar\/","title":{"rendered":"Aragua| Desde los espacios del Sal\u00f3n Wad\u00e4ka se realiz\u00f3 el cierre de Servicio de Bar."},"content":{"rendered":"<p align=\"justify\"><span style=\"font-family: Arial, sans-serif;\"><span style=\"font-size: x-large;\"><b>**<span style=\"color: #000000;\"><i> Junto al Inces seguimos apostando \u00abProducir Formando\u00bb y de esta manera impulsamos el desarrollo econ\u00f3mico de la Naci\u00f3n por medio del crecimiento integral de la poblaci\u00f3n, as\u00ed se manifestaron los participantes en compa\u00f1\u00eda de familiares, amigos y trabajadores Inces en el cierre de Servicio de Bar<\/i><\/span><\/b><\/span><\/span><!--more--><\/p>\n<p align=\"justify\">\n<p align=\"justify\"><span style=\"font-family: Arial, sans-serif;\"><span style=\"font-size: x-large;\"><b>NINOSKA PATRIZ | Aragua<\/b><\/span><\/span><\/p>\n<p align=\"justify\"><span style=\"font-family: Arial, sans-serif;\"><span style=\"font-size: x-large;\">Los 21 participantes que iniciaron en el mes de junio, hoy ven materializada una de sus muchas metas y con agrado les felicitamos e invitamos a continuar junto a nosotros en nuevas formaciones pues el aprendizaje es un proceso para toda la vida\u00bb, fueron algunas de las palabras de la Jefe del Programa Turismo, Neyda Medina.<\/span><\/span><\/p>\n<p align=\"justify\"><span style=\"font-family: Arial, sans-serif;\"><span style=\"font-size: x-large;\">Sin embargo, la apertura del evento fue compartido por la Profesora Nancy Mes\u00edas y la Licenciada Adela Ramos Coordinadora de Cultura, como oradoras de orden. Por su parte el Profesor Alexis Mijares, agradeci\u00f3 la presencia de todos los asistentes y en especial de Emilio Navarro como representante de la Presidencia de la Rep\u00fablica y del Profesor Chef Luis Flores, quienes certificaron los saberes demostrados por lo participantes, entre algunas de las autoridades presentes.<\/span><\/span><\/p>\n<p align=\"justify\"><span style=\"font-family: Arial, sans-serif;\"><span style=\"font-size: x-large;\"> <img loading=\"lazy\" decoding=\"async\" class=\"aligncenter wp-image-31145 size-full\" src=\"http:\/\/www.inces.gob.ve\/wp-content\/uploads\/2019\/09\/INCES-Wad\u00e4ka-Servicio-de-Bar1-.jpg\" alt=\"\" width=\"800\" height=\"450\" srcset=\"https:\/\/inces.gob.ve\/wp-content\/uploads\/2019\/09\/INCES-Wad\u00e4ka-Servicio-de-Bar1-.jpg 800w, https:\/\/inces.gob.ve\/wp-content\/uploads\/2019\/09\/INCES-Wad\u00e4ka-Servicio-de-Bar1--300x169.jpg 300w, https:\/\/inces.gob.ve\/wp-content\/uploads\/2019\/09\/INCES-Wad\u00e4ka-Servicio-de-Bar1--768x432.jpg 768w\" sizes=\"auto, (max-width: 800px) 100vw, 800px\" \/> <\/span><\/span><\/p>\n<p align=\"justify\"><span style=\"font-family: Arial, sans-serif;\"><span style=\"font-size: x-large;\">Durante este cierre los participantes disfrutaron de la buena m\u00fasica y la mejor ambientaci\u00f3n, quienes construyeron diferentes c\u00f3cteles secos y tropicales, dentro de la gama de: s\u00f3lidos,flameados, refrescados, colados y en frozen. Algunos de los nombres manejados en esta ocasi\u00f3n fueron: Chuao Sesations y Costas de Aragua en homenaje a la combinaci\u00f3n de los mejores elementos con los que cuenta nuestra regi\u00f3n.<\/span><\/span><\/p>\n<p align=\"justify\"><span style=\"font-family: Arial, sans-serif;\"><span style=\"font-size: x-large;\"><img loading=\"lazy\" decoding=\"async\" class=\"aligncenter wp-image-31141 size-full\" src=\"http:\/\/www.inces.gob.ve\/wp-content\/uploads\/2019\/09\/INCES-Wad\u00e4ka-Servicio-de-Bar6-.jpg\" alt=\"\" width=\"800\" height=\"450\" srcset=\"https:\/\/inces.gob.ve\/wp-content\/uploads\/2019\/09\/INCES-Wad\u00e4ka-Servicio-de-Bar6-.jpg 800w, https:\/\/inces.gob.ve\/wp-content\/uploads\/2019\/09\/INCES-Wad\u00e4ka-Servicio-de-Bar6--300x169.jpg 300w, https:\/\/inces.gob.ve\/wp-content\/uploads\/2019\/09\/INCES-Wad\u00e4ka-Servicio-de-Bar6--768x432.jpg 768w\" sizes=\"auto, (max-width: 800px) 100vw, 800px\" \/><\/span><\/span><\/p>\n<p align=\"justify\"><span style=\"font-family: Arial, sans-serif;\"><span style=\"font-size: x-large;\">De igual manera otros nombres utilizados para los C\u00f3cteles fueron: Mi felicidad y Coco Caf\u00e9 Carnaval pensado para recordar siempre al ni\u00f1o interno que jamas debemos olvidar, y Guacamaya y Ave del Para\u00edso en consideraci\u00f3n a la fauna en extinci\u00f3n, reflejando en los tragos su esencia colorida.<\/span><\/span><\/p>\n<p align=\"justify\"><span style=\"font-family: Arial, sans-serif;\"><span style=\"font-size: x-large;\">Cabe destacar que para algunos, este curso fue la primera experiencia formativa dentro del Inces. \u00abAgradecido por esta hermosa experiencia y sorteando las diferentes circunstancias situaci\u00f3n pa\u00eds, me siento complacido por los los aprendizajes\u00bb, expres\u00f3 Adelso Labarca.<\/span><\/span><\/p>\n<p align=\"justify\"><span style=\"font-family: Arial, sans-serif;\"><span style=\"font-size: x-large;\"><img loading=\"lazy\" decoding=\"async\" class=\"aligncenter wp-image-31142 size-full\" src=\"http:\/\/www.inces.gob.ve\/wp-content\/uploads\/2019\/09\/INCES-Wad\u00e4ka-Servicio-de-Bar5-.jpg\" alt=\"\" width=\"800\" height=\"450\" srcset=\"https:\/\/inces.gob.ve\/wp-content\/uploads\/2019\/09\/INCES-Wad\u00e4ka-Servicio-de-Bar5-.jpg 800w, https:\/\/inces.gob.ve\/wp-content\/uploads\/2019\/09\/INCES-Wad\u00e4ka-Servicio-de-Bar5--300x169.jpg 300w, https:\/\/inces.gob.ve\/wp-content\/uploads\/2019\/09\/INCES-Wad\u00e4ka-Servicio-de-Bar5--768x432.jpg 768w\" sizes=\"auto, (max-width: 800px) 100vw, 800px\" \/><\/span><\/span><\/p>\n<p align=\"justify\"><span style=\"font-family: Arial, sans-serif;\"><span style=\"font-size: x-large;\">Por su parte, Lizzie Prospert tambi\u00e9n participante, destac\u00f3 que parte de los aprendizajes que se lleva es la calidad humana ante todo, el profesionalismo y el rescate de los valores de la Patria, por medio del empe\u00f1o y el ejemplo de la labor diaria.<\/span><\/span><\/p>\n<p align=\"justify\"><span style=\"font-family: Arial, sans-serif;\"><span style=\"font-size: x-large;\"><img loading=\"lazy\" decoding=\"async\" class=\"aligncenter wp-image-31143 size-full\" src=\"http:\/\/www.inces.gob.ve\/wp-content\/uploads\/2019\/09\/INCES-Wad\u00e4ka-Servicio-de-Bar4-.jpg\" alt=\"\" width=\"800\" height=\"450\" srcset=\"https:\/\/inces.gob.ve\/wp-content\/uploads\/2019\/09\/INCES-Wad\u00e4ka-Servicio-de-Bar4-.jpg 800w, https:\/\/inces.gob.ve\/wp-content\/uploads\/2019\/09\/INCES-Wad\u00e4ka-Servicio-de-Bar4--300x169.jpg 300w, https:\/\/inces.gob.ve\/wp-content\/uploads\/2019\/09\/INCES-Wad\u00e4ka-Servicio-de-Bar4--768x432.jpg 768w\" sizes=\"auto, (max-width: 800px) 100vw, 800px\" \/><\/span><\/span><\/p>\n<p align=\"justify\">\u201c<span style=\"font-family: Arial, sans-serif;\"><span style=\"font-size: x-large;\">Hablando en l\u00edneas generales, podemos decir que nos sentimos parte de la gran familia Inces y llevaremos con nosotros fuertes lazos de amistad, compa\u00f1erismo y trabajo en equipo para el futuro\u201d, acot\u00f3 Adriana Rever\u00f3n, participante.<\/span><\/span><\/p>\n<p align=\"justify\"><span style=\"font-family: Arial, sans-serif;\"><span style=\"font-size: x-large;\">\u00abLa innovaci\u00f3n y el trabajo impecable de cada uno es la mejor carta de presentaci\u00f3n que llevaremos siempre presente, gracias al Inces\u00bb, coment\u00f3 Laudis Guevara, quien tambi\u00e9n cuenta con la experiencia de ser aprendiz Inces desde lo 16 a\u00f1os.<\/span><\/span><\/p>\n<p align=\"justify\"><span style=\"font-family: Arial, sans-serif;\"><span style=\"font-size: x-large;\">Igualmente, Ozmar Maic\u00e1n afirma que gracias a estas semanas hoy tiene mas seguridad en si mismo y cuenta con las t\u00e9cnicas m\u00e1s eficientes para el manejo del miedo esc\u00e9nico\u00bb.<\/span><\/span><\/p>\n<p align=\"justify\"><span style=\"font-family: Arial, sans-serif;\"><span style=\"font-size: x-large;\">A su vez, Maic\u00e1n asegura que cuenta con el dominio y manejo pr\u00e1ctico y te\u00f3rico, de todo lo relacionado al Servicio de Bar, Atenci\u00f3n al P\u00fablico, Protocolo, Organizaci\u00f3n de Banquetes y Sensibilizaci\u00f3n al P\u00fablico entre otras.<\/span><\/span><\/p>\n<p align=\"justify\"><span style=\"font-family: Arial, sans-serif;\"><span style=\"font-size: x-large;\">\u00abJunto al Inces seguimos apostando al \u00abProducir Formando\u00bb y de esta manera impulsamos el desarrollo econ\u00f3mico de la Naci\u00f3n por medio del crecimiento integral de la poblaci\u00f3n\u00bb manifest\u00f3 la Chef \u00c1ngela Barrios, tambi\u00e9n invitada especial.<\/span><\/span><\/p>\n","protected":false},"excerpt":{"rendered":"<p>** Junto al Inces seguimos apostando \u00abProducir Formando\u00bb y de esta manera impulsamos el desarrollo econ\u00f3mico de la Naci\u00f3n por medio del crecimiento integral de la poblaci\u00f3n, as\u00ed se manifestaron los participantes en compa\u00f1\u00eda de familiares, amigos y trabajadores Inces en el cierre de Servicio de Bar<\/p>\n","protected":false},"author":15,"featured_media":31144,"comment_status":"closed","ping_status":"closed","sticky":false,"template":"","format":"standard","meta":{"footnotes":""},"categories":[2],"tags":[],"class_list":["post-31140","post","type-post","status-publish","format-standard","has-post-thumbnail","hentry","category-blog"],"_links":{"self":[{"href":"https:\/\/inces.gob.ve\/index.php\/wp-json\/wp\/v2\/posts\/31140","targetHints":{"allow":["GET"]}}],"collection":[{"href":"https:\/\/inces.gob.ve\/index.php\/wp-json\/wp\/v2\/posts"}],"about":[{"href":"https:\/\/inces.gob.ve\/index.php\/wp-json\/wp\/v2\/types\/post"}],"author":[{"embeddable":true,"href":"https:\/\/inces.gob.ve\/index.php\/wp-json\/wp\/v2\/users\/15"}],"replies":[{"embeddable":true,"href":"https:\/\/inces.gob.ve\/index.php\/wp-json\/wp\/v2\/comments?post=31140"}],"version-history":[{"count":2,"href":"https:\/\/inces.gob.ve\/index.php\/wp-json\/wp\/v2\/posts\/31140\/revisions"}],"predecessor-version":[{"id":31147,"href":"https:\/\/inces.gob.ve\/index.php\/wp-json\/wp\/v2\/posts\/31140\/revisions\/31147"}],"wp:featuredmedia":[{"embeddable":true,"href":"https:\/\/inces.gob.ve\/index.php\/wp-json\/wp\/v2\/media\/31144"}],"wp:attachment":[{"href":"https:\/\/inces.gob.ve\/index.php\/wp-json\/wp\/v2\/media?parent=31140"}],"wp:term":[{"taxonomy":"category","embeddable":true,"href":"https:\/\/inces.gob.ve\/index.php\/wp-json\/wp\/v2\/categories?post=31140"},{"taxonomy":"post_tag","embeddable":true,"href":"https:\/\/inces.gob.ve\/index.php\/wp-json\/wp\/v2\/tags?post=31140"}],"curies":[{"name":"wp","href":"https:\/\/api.w.org\/{rel}","templated":true}]}}