{"id":31179,"date":"2019-09-16T06:58:40","date_gmt":"2019-09-16T12:58:40","guid":{"rendered":"http:\/\/www.inces.gob.ve\/?p=31179"},"modified":"2020-05-28T20:34:42","modified_gmt":"2020-05-29T00:34:42","slug":"trujillo-se-efectuo-primera-muestra-de-produccion-en-el-plan-joven-empinate","status":"publish","type":"post","link":"https:\/\/inces.gob.ve\/index.php\/2019\/09\/16\/trujillo-se-efectuo-primera-muestra-de-produccion-en-el-plan-joven-empinate\/","title":{"rendered":"Trujillo | Se efectu\u00f3 primera muestra de producci\u00f3n en el Plan Joven Emp\u00ednate"},"content":{"rendered":"<p align=\"justify\"><span style=\"font-family: Arial, sans-serif;\"><span style=\"font-size: x-large;\"><b>**<i>Primera muestra escolar-artesanal Plan Nacional Joven Emp\u00ednate, exhibi\u00f3 chemises, camisas, morrales, monos escolares, cartucheras, ropa interior, que fueron dise\u00f1ados y confeccionados por aprendices del PNA en los talleres de textil del Inces Trujillo, quienes desde hace ya varios meses est\u00e1n conformados en diferentes brigadas productivas como textil, Serigrafia, gastronom\u00eda, panader\u00eda, y carpinter\u00eda donde aprenden varios oficios seg\u00fan sea el cronograma previsto.<\/i><\/b><\/span><\/span><!--more--><\/p>\n<p align=\"justify\">\n<p align=\"justify\"><span style=\"font-family: Arial, sans-serif;\"><span style=\"font-size: x-large;\"><b>Mar\u00eda Cabrera<\/b><\/span><\/span><\/p>\n<p align=\"justify\"><span style=\"font-family: Arial, sans-serif;\"><span style=\"font-size: x-large;\">Primera muestra escolar-artesanal de Plan Nacional Joven Emp\u00ednate cumpli\u00f3 con las expectativas del p\u00fablico tanto interno como externo del Instituto Nacional de Capacitaci\u00f3n Socialista de Trujillo como tambi\u00e9n de las diferentes comunidades que hicieron acto de presencia en la Plaza Bol\u00edvar de Valera, donde tuvo lugar el evento para adquirir los productos exhibidos.<\/span><\/span><\/p>\n<p align=\"justify\"><span style=\"font-family: Arial, sans-serif;\"><span style=\"font-size: x-large;\">All\u00ed los aprendices del Programa Nacional de Aprendizaje, dirigidos por la ing Evelin Segovia se apersonaron en su totalidad para apoyar una actividad donde se muestra y se visualiza lo que est\u00e1n desarrollando los j\u00f3venes tanto de nuevo ingreso como regulares dentro de este Plan Nacional Joven Emp\u00ednate, que es una directriz que el presidente Wuikelman Angel dio a los diferentes n\u00facleos en ocasi\u00f3n la convocatoria gerencial nacional efectuada muy recientemente en Caracas.<\/span><\/span><\/p>\n<p align=\"justify\"><span style=\"font-family: Arial, sans-serif;\"><span style=\"font-size: x-large;\"><img loading=\"lazy\" decoding=\"async\" class=\"aligncenter wp-image-31202 size-full\" src=\"http:\/\/www.inces.gob.ve\/wp-content\/uploads\/2019\/09\/INCES-trijillo-exp3-.jpg\" alt=\"\" width=\"800\" height=\"600\" srcset=\"https:\/\/inces.gob.ve\/wp-content\/uploads\/2019\/09\/INCES-trijillo-exp3-.jpg 800w, https:\/\/inces.gob.ve\/wp-content\/uploads\/2019\/09\/INCES-trijillo-exp3--300x225.jpg 300w, https:\/\/inces.gob.ve\/wp-content\/uploads\/2019\/09\/INCES-trijillo-exp3--768x576.jpg 768w, https:\/\/inces.gob.ve\/wp-content\/uploads\/2019\/09\/INCES-trijillo-exp3--136x102.jpg 136w\" sizes=\"auto, (max-width: 800px) 100vw, 800px\" \/><\/span><\/span><\/p>\n<p align=\"justify\"><span style=\"font-family: Arial, sans-serif;\"><span style=\"font-size: x-large;\">Ang\u00e9lica Mor\u00f3n, Gerente Regional sostuvo que esta muestra ser\u00e1 la \u201cprimera de muchas que vendr\u00e1n de ahora en adelante. Esperamos con el favor de Dios dentro de un mes venir, para que la comunidad pueda acceder a la compra de estos productos\u201d, dijo.<img loading=\"lazy\" decoding=\"async\" class=\"aligncenter wp-image-31203 size-full\" src=\"http:\/\/www.inces.gob.ve\/wp-content\/uploads\/2019\/09\/INCES-trijillo-exp2-.jpg\" alt=\"\" width=\"800\" height=\"600\" srcset=\"https:\/\/inces.gob.ve\/wp-content\/uploads\/2019\/09\/INCES-trijillo-exp2-.jpg 800w, https:\/\/inces.gob.ve\/wp-content\/uploads\/2019\/09\/INCES-trijillo-exp2--300x225.jpg 300w, https:\/\/inces.gob.ve\/wp-content\/uploads\/2019\/09\/INCES-trijillo-exp2--768x576.jpg 768w, https:\/\/inces.gob.ve\/wp-content\/uploads\/2019\/09\/INCES-trijillo-exp2--136x102.jpg 136w\" sizes=\"auto, (max-width: 800px) 100vw, 800px\" \/><\/span><\/span><\/p>\n<p align=\"justify\"><span style=\"font-family: Arial, sans-serif;\"><span style=\"font-size: x-large;\">Tambi\u00e9n algunos de los trabajadores del Inces pudieron mostrar parte de sus confecciones hechas por sus empresas de producci\u00f3n familiar que inclu\u00eda helados, ropa interior y morrales y carteras para damas.<\/span><\/span><\/p>\n<p align=\"justify\"><span style=\"font-family: Arial, sans-serif;\"><span style=\"font-size: x-large;\">La ocasi\u00f3n se desarroll\u00f3 en un ambiente de camarader\u00eda y entusiasmo que se pod\u00eda sentir por lo pr\u00e1ctico y positivo con que se asume estos retos, en especial en esta coyuntura econ\u00f3mica y pol\u00edtica donde el Inces Trujillo a trav\u00e9s de su tropa estudiantil y de trabajadores demuestran que pese a las circunstancia dif\u00edciles por la que atraviesa la naci\u00f3n, hay razones para seguir construyendo \u201chaciendo patria\u201d aun cuando muchos se anoten en la idea de seguir mellando la psiquis del venezolano.<\/span><\/span><\/p>\n<p align=\"justify\"><span style=\"font-family: Arial, sans-serif;\"><span style=\"font-size: x-large;\">Hubo juegos infantiles, bailes, pinta caritas y sobre todo, mucho acompa\u00f1amiento de ni\u00f1os y ni\u00f1as que ya en la recta final del Plan Vacacional Comunitario disfrutaron de las sorpresas que el movimiento de recreadores nacionales les preparo en la Plaza Bol\u00edvar de Valera. No obstante, los adultos aprovecharon el momento para comprar lo que se necesitaban en la muestra.<\/span><\/span><\/p>\n<p align=\"justify\"><span style=\"font-family: Arial, sans-serif;\"><span style=\"font-size: x-large;\">Como punto resaltante se destaca que esta experiencia, la primeras de otras muestras mensuales, es que la actividad es una abre bocas para este 20 de Septiembre donde habr\u00e1 gastronom\u00eda, teatro, canto, m\u00fasica y baile con los integrantes del Programa Nacional de Aprendizaje quienes est\u00e1n llamados a contribuir en la reactivaci\u00f3n del motores de producci\u00f3n y a quien Luis Beltr\u00e1n Prieto Figueroa, formul\u00f3 un llamado para que se involucrara \u201cen el camino de su propia liberaci\u00f3n y estimulo suficiente para el trabajo comprometido de la Venezuela del futuro\u201d.<\/span><\/span><\/p>\n","protected":false},"excerpt":{"rendered":"<p>**Primera muestra escolar-artesanal Plan Nacional Joven Emp\u00ednate, exhibi\u00f3 chemises, camisas, morrales, monos escolares, cartucheras, ropa interior, que fueron dise\u00f1ados y confeccionados por aprendices del PNA en los talleres de textil del Inces Trujillo, quienes desde hace ya varios meses est\u00e1n conformados en diferentes brigadas productivas como textil, Serigrafia, gastronom\u00eda, panader\u00eda, y carpinter\u00eda donde aprenden varios [&hellip;]<\/p>\n","protected":false},"author":15,"featured_media":31204,"comment_status":"closed","ping_status":"closed","sticky":false,"template":"","format":"standard","meta":{"footnotes":""},"categories":[2],"tags":[],"class_list":["post-31179","post","type-post","status-publish","format-standard","has-post-thumbnail","hentry","category-blog"],"_links":{"self":[{"href":"https:\/\/inces.gob.ve\/index.php\/wp-json\/wp\/v2\/posts\/31179","targetHints":{"allow":["GET"]}}],"collection":[{"href":"https:\/\/inces.gob.ve\/index.php\/wp-json\/wp\/v2\/posts"}],"about":[{"href":"https:\/\/inces.gob.ve\/index.php\/wp-json\/wp\/v2\/types\/post"}],"author":[{"embeddable":true,"href":"https:\/\/inces.gob.ve\/index.php\/wp-json\/wp\/v2\/users\/15"}],"replies":[{"embeddable":true,"href":"https:\/\/inces.gob.ve\/index.php\/wp-json\/wp\/v2\/comments?post=31179"}],"version-history":[{"count":2,"href":"https:\/\/inces.gob.ve\/index.php\/wp-json\/wp\/v2\/posts\/31179\/revisions"}],"predecessor-version":[{"id":31205,"href":"https:\/\/inces.gob.ve\/index.php\/wp-json\/wp\/v2\/posts\/31179\/revisions\/31205"}],"wp:featuredmedia":[{"embeddable":true,"href":"https:\/\/inces.gob.ve\/index.php\/wp-json\/wp\/v2\/media\/31204"}],"wp:attachment":[{"href":"https:\/\/inces.gob.ve\/index.php\/wp-json\/wp\/v2\/media?parent=31179"}],"wp:term":[{"taxonomy":"category","embeddable":true,"href":"https:\/\/inces.gob.ve\/index.php\/wp-json\/wp\/v2\/categories?post=31179"},{"taxonomy":"post_tag","embeddable":true,"href":"https:\/\/inces.gob.ve\/index.php\/wp-json\/wp\/v2\/tags?post=31179"}],"curies":[{"name":"wp","href":"https:\/\/api.w.org\/{rel}","templated":true}]}}