{"id":31294,"date":"2019-09-18T12:28:14","date_gmt":"2019-09-18T18:28:14","guid":{"rendered":"http:\/\/www.inces.gob.ve\/?p=31294"},"modified":"2020-05-28T20:25:53","modified_gmt":"2020-05-29T00:25:53","slug":"merida-inicia-inscripcion-para-el-bachillerato-productivo","status":"publish","type":"post","link":"https:\/\/inces.gob.ve\/index.php\/2019\/09\/18\/merida-inicia-inscripcion-para-el-bachillerato-productivo\/","title":{"rendered":"M\u00e9rida| Inicia inscripci\u00f3n para el Bachillerato Productivo"},"content":{"rendered":"<p align=\"justify\"><span style=\"font-family: Arial, sans-serif;\"><span style=\"font-size: x-large;\">** <i><b>Uno de los requisitos para el proceso de inscripci\u00f3n del a\u00f1o escolar 2019-2020, es tener m\u00e1s de un a\u00f1o desvinculados del sistema escolar tradicional<\/b><\/i><\/span><\/span><\/p>\n<p align=\"justify\"><!--more--><\/p>\n<p align=\"justify\"><span style=\"font-family: Arial, sans-serif;\"><span style=\"font-size: x-large;\"><strong>NADIA LOBO<\/strong>| M\u00e9rida<\/span><\/span><\/p>\n<p align=\"justify\"><span style=\"font-family: Arial, sans-serif;\"><span style=\"font-size: x-large;\">Una nueva modalidad de estudios, mas atractiva y pertinente, que reduce el tiempo para el egreso y consolida todas las asignaturas en componentes, el Instituto Nacional de Capacitaci\u00f3n y Educaci\u00f3n Socialista (Inces) a trav\u00e9s de la Unidad Educativa, inicia el proceso de inscripci\u00f3n para el Bachillerato Productivo que le permite al estudiante la certificaci\u00f3n en diversos oficios.<\/span><\/span><\/p>\n<p align=\"justify\">\n<p align=\"justify\"><span style=\"font-family: Arial, sans-serif;\"><span style=\"font-size: x-large;\">As\u00ed lo dio a conocer Nizza Salas, responsable de la Unidad Educativa del Inces-M\u00e9rida, quien hizo una invitaci\u00f3n extensiva a los adolescentes a partir de 15 a\u00f1os, as\u00ed como a la poblaci\u00f3n adulta que no culminaron sus estudios de educaci\u00f3n media y tienen m\u00e1s de un a\u00f1o desvinculados del sistema escolar tradicional, a incorporase al bachillerato productivo.<\/span><\/span><\/p>\n<p align=\"justify\">\n<p align=\"justify\"><span style=\"font-family: Arial, sans-serif;\"><span style=\"font-size: x-large;\">De igual manera explic\u00f3 que los estudiantes egresar\u00e1n como bachilleres con un perfil productivo que depender\u00e1 de las experiencias obtenidas emp\u00edrica y acad\u00e9mica, adem\u00e1s se realiza un proceso de acompa\u00f1amiento para el egreso por acreditaci\u00f3n para aquellos estudiantes adultos y adultas que tienen un c\u00famulo de conocimientos ancestrales, formales y no formales que son reconocidos y validados por la Unidad Educativa del Inces y el Ministerio del Poder Popular para la Educaci\u00f3n (MPPE), a trav\u00e9s de la Zona Educativa N\u00b0 14 del estado M\u00e9rida.<\/span><\/span><\/p>\n<p align=\"justify\"><span style=\"font-family: Arial, sans-serif;\"><span style=\"font-size: x-large;\"><img loading=\"lazy\" decoding=\"async\" class=\"aligncenter wp-image-31295 size-full\" src=\"http:\/\/www.inces.gob.ve\/wp-content\/uploads\/2019\/09\/Inces-inscripci\u00f3n-Bachillerato-Productivo2-.jpg\" alt=\"\" width=\"750\" height=\"422\" srcset=\"https:\/\/inces.gob.ve\/wp-content\/uploads\/2019\/09\/Inces-inscripci\u00f3n-Bachillerato-Productivo2-.jpg 750w, https:\/\/inces.gob.ve\/wp-content\/uploads\/2019\/09\/Inces-inscripci\u00f3n-Bachillerato-Productivo2--300x169.jpg 300w\" sizes=\"auto, (max-width: 750px) 100vw, 750px\" \/><\/span><\/span><\/p>\n<p align=\"justify\">\n<p align=\"justify\">\u201c<span style=\"font-family: Arial, sans-serif;\"><span style=\"font-size: x-large;\">Desde el d\u00eda lunes 16 de septiembre del a\u00f1o 2019, la Unidad Educativa del Inces, ubicada en el centro de formaci\u00f3n socialista (CFS) Eli\u00e9zer Otaiza, Av Los Pr\u00f3ceres de la ciudad de M\u00e9rida, estar\u00e1 desarrollando el proceso de inscripciones para la prosecuci\u00f3n de estudios de bachillerato\u201d, se\u00f1al\u00f3 Salas.<\/span><\/span><\/p>\n<p align=\"justify\">\n<p align=\"justify\"><span style=\"font-family: Arial, sans-serif;\"><span style=\"font-size: x-large;\">En este sentido, y para poder formalizar la inscripci\u00f3n las personas deber\u00e1n consignar los siguientes requisitos: tres copias de c\u00e9dula; dos fotos tipo carnet; original y copia de la partida de nacimiento; original y copia de las notas certificadas del \u00faltimo liceo en el que realiz\u00f3 estudios, en caso de haber estudiado hasta sexto grado, debe consignar original y copia de la certificaci\u00f3n de sexto grado; diez hojas blancas tama\u00f1o oficio; una carpeta amarilla tama\u00f1o oficio y un resumen curricular en el caso de la poblaci\u00f3n adulta.<\/span><\/span><\/p>\n<p align=\"justify\"><span style=\"font-family: Arial, sans-serif;\"><span style=\"font-size: x-large;\">Finalmente destac\u00f3 que tambi\u00e9n est\u00e1 a disposici\u00f3n de los estudiantes, la programaci\u00f3n en cursos y talleres que les ofrece el Inces, siendo otra oportunidad de especializarse en uno o varios oficios mientras realiza su formaci\u00f3n, y puede poner en pr\u00e1ctica en sus jornadas de clases por la programaci\u00f3n en proyectos que ofrece nuestra unidad educativa del Inces.<\/span><\/span><\/p>\n<p align=\"justify\">\n","protected":false},"excerpt":{"rendered":"<p>** Uno de los requisitos para el proceso de inscripci\u00f3n del a\u00f1o escolar 2019-2020, es tener m\u00e1s de un a\u00f1o desvinculados del sistema escolar tradicional<\/p>\n","protected":false},"author":15,"featured_media":31296,"comment_status":"closed","ping_status":"closed","sticky":false,"template":"","format":"standard","meta":{"footnotes":""},"categories":[2],"tags":[],"class_list":["post-31294","post","type-post","status-publish","format-standard","has-post-thumbnail","hentry","category-blog"],"_links":{"self":[{"href":"https:\/\/inces.gob.ve\/index.php\/wp-json\/wp\/v2\/posts\/31294","targetHints":{"allow":["GET"]}}],"collection":[{"href":"https:\/\/inces.gob.ve\/index.php\/wp-json\/wp\/v2\/posts"}],"about":[{"href":"https:\/\/inces.gob.ve\/index.php\/wp-json\/wp\/v2\/types\/post"}],"author":[{"embeddable":true,"href":"https:\/\/inces.gob.ve\/index.php\/wp-json\/wp\/v2\/users\/15"}],"replies":[{"embeddable":true,"href":"https:\/\/inces.gob.ve\/index.php\/wp-json\/wp\/v2\/comments?post=31294"}],"version-history":[{"count":1,"href":"https:\/\/inces.gob.ve\/index.php\/wp-json\/wp\/v2\/posts\/31294\/revisions"}],"predecessor-version":[{"id":31297,"href":"https:\/\/inces.gob.ve\/index.php\/wp-json\/wp\/v2\/posts\/31294\/revisions\/31297"}],"wp:featuredmedia":[{"embeddable":true,"href":"https:\/\/inces.gob.ve\/index.php\/wp-json\/wp\/v2\/media\/31296"}],"wp:attachment":[{"href":"https:\/\/inces.gob.ve\/index.php\/wp-json\/wp\/v2\/media?parent=31294"}],"wp:term":[{"taxonomy":"category","embeddable":true,"href":"https:\/\/inces.gob.ve\/index.php\/wp-json\/wp\/v2\/categories?post=31294"},{"taxonomy":"post_tag","embeddable":true,"href":"https:\/\/inces.gob.ve\/index.php\/wp-json\/wp\/v2\/tags?post=31294"}],"curies":[{"name":"wp","href":"https:\/\/api.w.org\/{rel}","templated":true}]}}