{"id":31320,"date":"2019-09-18T13:39:37","date_gmt":"2019-09-18T19:39:37","guid":{"rendered":"http:\/\/www.inces.gob.ve\/?p=31320"},"modified":"2020-05-28T20:25:53","modified_gmt":"2020-05-29T00:25:53","slug":"sede-jornada-deportiva-y-recreativa-organiza-juventud-productiva","status":"publish","type":"post","link":"https:\/\/inces.gob.ve\/index.php\/2019\/09\/18\/sede-jornada-deportiva-y-recreativa-organiza-juventud-productiva\/","title":{"rendered":"Sede| Jornada Deportiva y Recreativa organiza Juventud Productiva"},"content":{"rendered":"<p align=\"justify\"><span style=\"font-family: Arial, sans-serif;\"><span style=\"font-size: x-large;\">** <i><b>50 aprendices del Instituto de Acci\u00f3n Docente Delegada, compitieron en la disciplinas de F\u00fatbol Sala, Baloncesto, voleibol y recreaciones, para el desarrollo deportivo de los aprendices, esta instituci\u00f3n forma a los j\u00f3venes en oficio productivo y va acompa\u00f1ado con el deporte y la recreaci\u00f3n<\/b><\/i><\/span><\/span><\/p>\n<p align=\"justify\"><!--more--><\/p>\n<p align=\"justify\"><span style=\"font-family: Arial, sans-serif;\"><span style=\"font-size: x-large;\">DIMAS P\u00c1EZ \/ Inces Sede<\/span><\/span><\/p>\n<p align=\"justify\"><span style=\"font-family: Arial, sans-serif;\"><span style=\"font-size: x-large;\">Fotos: Jos\u00e9 Rosario<\/span><\/span><\/p>\n<p align=\"justify\">\n<p align=\"justify\"><span style=\"font-family: Arial, sans-serif;\"><span style=\"font-size: x-large;\">En las instalaciones de las canchas de edificio anexo del Inces se realiz\u00f3 la Jornada Deportiva y Recreativa, con los aprendices de los Instituto de Acci\u00f3n Docente Delegadas (IADD), Cedeka y Cedictra, quienes participaron en esta jornada organizada por Oliver Guzm\u00e1n, coordinador nacional de Juventud Productiva y Christofer Castillos coordinador de Deporte de Juventud Productiva, cont\u00f3 con el apoyo del personal de la Gerencia General de Cultura, Deporte, Recreaci\u00f3n y Participaci\u00f3n Comunal.<\/span><\/span><\/p>\n<p align=\"justify\"><span style=\"font-family: Arial, sans-serif;\"><span style=\"font-size: x-large;\"><img loading=\"lazy\" decoding=\"async\" class=\"aligncenter wp-image-31323 size-full\" src=\"http:\/\/www.inces.gob.ve\/wp-content\/uploads\/2019\/09\/Jornada-Deportiva-y-Recreativa2-.jpg\" alt=\"\" width=\"800\" height=\"805\" srcset=\"https:\/\/inces.gob.ve\/wp-content\/uploads\/2019\/09\/Jornada-Deportiva-y-Recreativa2-.jpg 800w, https:\/\/inces.gob.ve\/wp-content\/uploads\/2019\/09\/Jornada-Deportiva-y-Recreativa2--150x150.jpg 150w, https:\/\/inces.gob.ve\/wp-content\/uploads\/2019\/09\/Jornada-Deportiva-y-Recreativa2--298x300.jpg 298w, https:\/\/inces.gob.ve\/wp-content\/uploads\/2019\/09\/Jornada-Deportiva-y-Recreativa2--768x773.jpg 768w\" sizes=\"auto, (max-width: 800px) 100vw, 800px\" \/><\/span><\/span><\/p>\n<p align=\"justify\"><span style=\"font-family: Arial, sans-serif;\"><span style=\"font-size: x-large;\">Revel\u00f3 Christofer Castillo que la intenci\u00f3n de la jornada, tiene el fin que los pasantes terminen de prepararse en otras actividades, el cual con estas jornadas, los muchachos pueden tener unas horas de esparcimiento y recreaci\u00f3n fuera de sus instituciones.\u201dLos sacamos de la rutina continua que tienen ellos todos los d\u00edas, de esta manera estamos formando acad\u00e9micamente y deportivamente\u201d. A punt\u00f3 Castillo.<\/span><\/span><\/p>\n<p align=\"justify\">\n<p align=\"justify\"><span style=\"font-family: Arial, sans-serif;\"><span style=\"font-size: x-large;\">Explic\u00f3 Castillo, que el Inces los ense\u00f1a a realizar teatro, sancos y otras recreaciones, el Inces tiene muchas oportunidades para ofrecerle a los j\u00f3venes, que adem\u00e1s de la ense\u00f1anza de la parte te\u00f3rica y practica puedan dedicarse a otra actividades. \u201cAdem\u00e1s de aportarle a las herramientas para impulsarlos como seres productivos, por ejemplo en la producci\u00f3n agr\u00edcola, el Inces tiene una gama de oportunidades para ofrecer a los j\u00f3venes, para asegurar su futuro\u201d. Puntualiz\u00f3 Castillo.<\/span><\/span><\/p>\n<p align=\"justify\"><span style=\"font-family: Arial, sans-serif;\"><span style=\"font-size: x-large;\"><img loading=\"lazy\" decoding=\"async\" class=\"aligncenter wp-image-31322 size-full\" src=\"http:\/\/www.inces.gob.ve\/wp-content\/uploads\/2019\/09\/Jornada-Deportiva-y-Recreativa4-.jpg\" alt=\"\" width=\"800\" height=\"600\" srcset=\"https:\/\/inces.gob.ve\/wp-content\/uploads\/2019\/09\/Jornada-Deportiva-y-Recreativa4-.jpg 800w, https:\/\/inces.gob.ve\/wp-content\/uploads\/2019\/09\/Jornada-Deportiva-y-Recreativa4--300x225.jpg 300w, https:\/\/inces.gob.ve\/wp-content\/uploads\/2019\/09\/Jornada-Deportiva-y-Recreativa4--768x576.jpg 768w, https:\/\/inces.gob.ve\/wp-content\/uploads\/2019\/09\/Jornada-Deportiva-y-Recreativa4--136x102.jpg 136w\" sizes=\"auto, (max-width: 800px) 100vw, 800px\" \/><\/span><\/span><\/p>\n<p align=\"justify\">\n<p align=\"justify\"><span style=\"font-family: Arial, sans-serif;\"><span style=\"font-size: x-large;\">El Inces a trav\u00e9s del Programa de Emprendimiento Juvenil, ofrece las herramientas necesarias para emprenderse hacia un oficio, y a partir de los 14 o 15 a\u00f1os en adelante pueden tener participar en una micro empresa, una cooperativa para desarrollar lo que le guste, en sus m\u00faltiples oficios y motores productivos con la que cuenta para formar a los j\u00f3venes. <img loading=\"lazy\" decoding=\"async\" class=\"aligncenter wp-image-31324 size-full\" src=\"http:\/\/www.inces.gob.ve\/wp-content\/uploads\/2019\/09\/Jornada-Deportiva-y-Recreativa1-.jpg\" alt=\"\" width=\"800\" height=\"600\" srcset=\"https:\/\/inces.gob.ve\/wp-content\/uploads\/2019\/09\/Jornada-Deportiva-y-Recreativa1-.jpg 800w, https:\/\/inces.gob.ve\/wp-content\/uploads\/2019\/09\/Jornada-Deportiva-y-Recreativa1--300x225.jpg 300w, https:\/\/inces.gob.ve\/wp-content\/uploads\/2019\/09\/Jornada-Deportiva-y-Recreativa1--768x576.jpg 768w, https:\/\/inces.gob.ve\/wp-content\/uploads\/2019\/09\/Jornada-Deportiva-y-Recreativa1--136x102.jpg 136w\" sizes=\"auto, (max-width: 800px) 100vw, 800px\" \/><\/span><\/span><\/p>\n<p align=\"justify\">\n","protected":false},"excerpt":{"rendered":"<p>** 50 aprendices del Instituto de Acci\u00f3n Docente Delegada, compitieron en la disciplinas de F\u00fatbol Sala, Baloncesto, voleibol y recreaciones, para el desarrollo deportivo de los aprendices, esta instituci\u00f3n forma a los j\u00f3venes en oficio productivo y va acompa\u00f1ado con el deporte y la recreaci\u00f3n<\/p>\n","protected":false},"author":15,"featured_media":31321,"comment_status":"closed","ping_status":"closed","sticky":false,"template":"","format":"standard","meta":{"footnotes":""},"categories":[2],"tags":[],"class_list":["post-31320","post","type-post","status-publish","format-standard","has-post-thumbnail","hentry","category-blog"],"_links":{"self":[{"href":"https:\/\/inces.gob.ve\/index.php\/wp-json\/wp\/v2\/posts\/31320","targetHints":{"allow":["GET"]}}],"collection":[{"href":"https:\/\/inces.gob.ve\/index.php\/wp-json\/wp\/v2\/posts"}],"about":[{"href":"https:\/\/inces.gob.ve\/index.php\/wp-json\/wp\/v2\/types\/post"}],"author":[{"embeddable":true,"href":"https:\/\/inces.gob.ve\/index.php\/wp-json\/wp\/v2\/users\/15"}],"replies":[{"embeddable":true,"href":"https:\/\/inces.gob.ve\/index.php\/wp-json\/wp\/v2\/comments?post=31320"}],"version-history":[{"count":3,"href":"https:\/\/inces.gob.ve\/index.php\/wp-json\/wp\/v2\/posts\/31320\/revisions"}],"predecessor-version":[{"id":31360,"href":"https:\/\/inces.gob.ve\/index.php\/wp-json\/wp\/v2\/posts\/31320\/revisions\/31360"}],"wp:featuredmedia":[{"embeddable":true,"href":"https:\/\/inces.gob.ve\/index.php\/wp-json\/wp\/v2\/media\/31321"}],"wp:attachment":[{"href":"https:\/\/inces.gob.ve\/index.php\/wp-json\/wp\/v2\/media?parent=31320"}],"wp:term":[{"taxonomy":"category","embeddable":true,"href":"https:\/\/inces.gob.ve\/index.php\/wp-json\/wp\/v2\/categories?post=31320"},{"taxonomy":"post_tag","embeddable":true,"href":"https:\/\/inces.gob.ve\/index.php\/wp-json\/wp\/v2\/tags?post=31320"}],"curies":[{"name":"wp","href":"https:\/\/api.w.org\/{rel}","templated":true}]}}