{"id":31332,"date":"2019-09-19T07:33:46","date_gmt":"2019-09-19T13:33:46","guid":{"rendered":"http:\/\/www.inces.gob.ve\/?p=31332"},"modified":"2020-05-28T20:25:53","modified_gmt":"2020-05-29T00:25:53","slug":"sede-el-regreso-a-clases-se-inicia-con-alegria-y-entusiasmo","status":"publish","type":"post","link":"https:\/\/inces.gob.ve\/index.php\/2019\/09\/19\/sede-el-regreso-a-clases-se-inicia-con-alegria-y-entusiasmo\/","title":{"rendered":"Sede| El Regreso a clases se inicia con alegr\u00eda y entusiasmo"},"content":{"rendered":"<p class=\"western\" align=\"justify\"><a name=\"more-16153\"><\/a><span style=\"font-family: Arial, sans-serif;\"><span style=\"font-size: x-large;\"><i><b>** En la emisi\u00f3n del programa radial La Movida n\u00famero(26) transmitido por RNV , en vivo desde dial 103.9 FM, y acompa\u00f1ado por la moderadora Indyra Torregrosa, disert\u00f3 sobre el tema de este nuevo a\u00f1o escolar, donde inici\u00f3 con un llamado a clase. \u201cDebemos unir esfuerzos para que todos contribuyamos con la buena educaci\u00f3n de la patria\u201d <\/b><\/i><\/span><\/span><\/p>\n<p class=\"western\" align=\"justify\"><!--more--><\/p>\n<p align=\"justify\">\n<p class=\"western\" align=\"justify\"><span style=\"font-family: Arial, sans-serif;\"><span style=\"font-size: x-large;\"><b>TRINA PINEDA<\/b><\/span><\/span><\/p>\n<p class=\"western\" align=\"justify\"><span style=\"font-family: Arial, sans-serif;\"><span style=\"font-size: x-large;\">Durante la transmisi\u00f3n hizo un balance sobre los ocho millones de estudiantes que iniciaron este a\u00f1o escolar, de igual manera los seis millones de Canaimitas entregadas y un mill\u00f3n de libros se ha entregado a trav\u00e9s del Gobierno Nacional, dentro de este balance se hizo una reflexi\u00f3n sobre la sistematizaci\u00f3n de las misiones educativas y sociales, impulsadas por el comandante <b>Hugo Ch\u00e1vez<\/b> y que prosigue con el presidente <b>Nicol\u00e1s Maduro<\/b>, que permiti\u00f3 y continua profundizando los procesos de inclusi\u00f3n.<\/span><\/span><\/p>\n<p class=\"western\" align=\"justify\"><span style=\"font-family: Arial, sans-serif;\"><span style=\"font-size: x-large;\">Asimismo inform\u00f3 sobre la importancia que deben asumir todos y todas los vzlanos y vzlanas en estos momentos de guerra, tener un esp\u00edritu de de superaci\u00f3n y reflexiona sobre las ideas de Nuestro Libertador Sim\u00f3n Bol\u00edvar. dijo\u201c <span lang=\"es-ES\"><b>Un ser sin estudio es un ser incompleto\u201d. <\/b><\/span><\/span><\/span><\/p>\n<p class=\"western\" align=\"justify\">\n<p class=\"western\" align=\"justify\"><span style=\"font-family: Arial, sans-serif;\"><span style=\"font-size: x-large;\"><span lang=\"es-ES\">La moderadora Indyra Torregrosa, en el Programa radial<\/span> <span lang=\"es-ES\">La Movida n\u00famero(26) transmitido por RNV , en vivo desde dial 103.9 FM, nos present\u00f3 como invitada<\/span> <span lang=\"es-ES\">la Coordinadora del N\u00facleo de Formaci\u00f3n \u201c<\/span><span lang=\"es-ES\"><b>Rafael Angulo\u201d <\/b><\/span><span lang=\"es-ES\">Profesora <\/span><span lang=\"es-ES\"><b>Auxiliadora Mejias,<\/b><\/span> <span lang=\"es-ES\">quien en su intervenci\u00f3n hizo un balance del N\u00facleo de Educci\u00f3n Productiva a partir del a\u00f1o 2017, donde se comenzaron<\/span> <span lang=\"es-ES\">a incursionar en la parroquia la Vega, todos los programas y opciones formativas que desarrolla la instituci\u00f3n, por ejemplo: El Programa Nacional de Aprendizaje,(PNA), el Programa de Proceso de Acreditaci\u00f3n de Saberes Emp\u00edricos. \u201cNosotros valoramos todos los<\/span> <span lang=\"es-ES\">saberes que tienen todas esas personas que de una u otra manera, han desarrollado un conocimiento sin ir a una universidad o a un instituto educativo, a esas personas le hacemos un reconocimiento de<\/span> <span lang=\"es-ES\">acreditaci\u00f3n, le<\/span> <span lang=\"es-ES\">evaluamos sus saberes, le damos un t\u00edtulo, para que<\/span> <span lang=\"es-ES\">ellos avancen<\/span> <span lang=\"es-ES\">en su trabajo\u201d.<\/span><\/span><\/span><\/p>\n<p class=\"western\" align=\"justify\"><span style=\"font-family: Arial, sans-serif;\"><span style=\"font-size: x-large;\"><span lang=\"es-ES\"><img loading=\"lazy\" decoding=\"async\" class=\"aligncenter wp-image-31339 size-full\" src=\"http:\/\/www.inces.gob.ve\/wp-content\/uploads\/2019\/09\/INCES-LA-MOVIDA-rnv9-.jpg\" alt=\"\" width=\"800\" height=\"600\" srcset=\"https:\/\/inces.gob.ve\/wp-content\/uploads\/2019\/09\/INCES-LA-MOVIDA-rnv9-.jpg 800w, https:\/\/inces.gob.ve\/wp-content\/uploads\/2019\/09\/INCES-LA-MOVIDA-rnv9--300x225.jpg 300w, https:\/\/inces.gob.ve\/wp-content\/uploads\/2019\/09\/INCES-LA-MOVIDA-rnv9--768x576.jpg 768w, https:\/\/inces.gob.ve\/wp-content\/uploads\/2019\/09\/INCES-LA-MOVIDA-rnv9--136x102.jpg 136w\" sizes=\"auto, (max-width: 800px) 100vw, 800px\" \/><\/span><\/span><\/span><\/p>\n<p class=\"western\" align=\"justify\"><span style=\"font-family: Arial, sans-serif;\"><span style=\"font-size: x-large;\"><span lang=\"es-ES\">De igual manera Mej\u00edas, inform\u00f3 la importancia que tiene el Bachillerato Productivo para los j\u00f3venes vzlanos. \u201cTenemos el bachillerato productivo que en este momento es un bum, para todas las personas que no han podido lograr y culminar sus estudios, el Inces les ofrece la posibilidad no solamente de salir como bachilleres, sino con un perfil productivo, esto es lo que ha sido la novedad para los muchachos mayores de 15 a\u00f1os, y para los adultos mayores de 60, 70 a\u00f1os que est\u00e1n estudiando con el Inces\u201d. Acot\u00f3 Mej\u00edas.<\/span><\/span><\/span><\/p>\n<p class=\"western\" align=\"justify\"><span style=\"font-family: Arial, sans-serif;\"><span style=\"font-size: x-large;\"><span lang=\"es-ES\">En su intervenci\u00f3n la profesora Mar\u00eda Auxiliadora Mej\u00edas, jefa del N\u00facleo de Formaci\u00f3n \u201c<\/span><span lang=\"es-ES\"><b>Rafael Angulo\u201d, <\/b><\/span><span lang=\"es-ES\">inform\u00f3 que dentro de las unidades program\u00e1ticas de la esta instituci\u00f3n se atienden cursos ordinarios, bas\u00e1ndose en los 15 motores que viene implementado el Gobierno Nacional. \u201cEn este caso espec\u00edfico en la poblaci\u00f3n de La Vega, nos enfocamos<\/span> <span lang=\"es-ES\">en el motor<\/span> <span lang=\"es-ES\">Industrial,<\/span> <span lang=\"es-ES\">Telecomunicaciones, Gastronom\u00eda y Agr\u00edcola, sabiendo que nuestra parroquia tiene un potencial grande en lo que es agr\u00edcola\u201d. Puntualiz\u00f3 Mej\u00edas.<\/span><\/span><\/span><\/p>\n<p class=\"western\" align=\"justify\"><span style=\"font-family: Arial, sans-serif;\"><span style=\"font-size: x-large;\"><span lang=\"es-ES\">Mej\u00edas, hizo \u00e9nfasis de la Pedagog\u00eda Productiva que viene implementado el presidente del Inces Wuikelman Angel, en formar a los ciudadanos y ciudadanas bajo el perfil y filosof\u00eda Robinsoniana en \u201cAprender Haciendo\u201d. \u201cNosotros como n\u00facleo de<\/span> <span lang=\"es-ES\">educaci\u00f3n productiva, la formaci\u00f3n se da en las comunidades\u201d. <\/span><\/span><\/span><\/p>\n<p class=\"western\" align=\"justify\"><span style=\"font-family: Arial, sans-serif;\"><span style=\"font-size: x-large;\"><span lang=\"es-ES\"><img loading=\"lazy\" decoding=\"async\" class=\"aligncenter wp-image-31333 size-full\" src=\"http:\/\/www.inces.gob.ve\/wp-content\/uploads\/2019\/09\/INCES-LA-MOVIDA-RNV-4.jpg\" alt=\"\" width=\"800\" height=\"566\" srcset=\"https:\/\/inces.gob.ve\/wp-content\/uploads\/2019\/09\/INCES-LA-MOVIDA-RNV-4.jpg 800w, https:\/\/inces.gob.ve\/wp-content\/uploads\/2019\/09\/INCES-LA-MOVIDA-RNV-4-300x212.jpg 300w, https:\/\/inces.gob.ve\/wp-content\/uploads\/2019\/09\/INCES-LA-MOVIDA-RNV-4-768x543.jpg 768w\" sizes=\"auto, (max-width: 800px) 100vw, 800px\" \/><\/span><\/span><\/span><\/p>\n<p class=\"western\" align=\"justify\"><span style=\"font-family: Arial, sans-serif;\"><span style=\"font-size: x-large;\"><span lang=\"es-ES\">Uno de estos ejemplos explica Mej\u00edas, es la participaci\u00f3n popular que a trav\u00e9s de la organizaci\u00f3n cultural, deportiva, pol\u00edtica y social, se han incorporado al N\u00facleo de Formaci\u00f3n \u201c<\/span><span lang=\"es-ES\"><b>Rafael Angulo\u201d. <\/b><\/span><span lang=\"es-ES\">\u201cHemos logrado llevar la formaci\u00f3n a todos los espacios, no necesitamos un sal\u00f3n de clase para dar la formaci\u00f3n, lo hacemos en la comunidad, en el consejo Comuna, lo hacemos en el propio conuco, lo hacemos en el mercadito, en las escuelas y en todos los espacios de la comunidad, all\u00ed est\u00e1 el Inces\u201d.<\/span><\/span><\/span><\/p>\n<p class=\"western\" align=\"justify\"><span style=\"font-family: Arial, sans-serif;\"><span style=\"font-size: x-large;\"><span lang=\"es-ES\"><img loading=\"lazy\" decoding=\"async\" class=\"aligncenter wp-image-31335 size-full\" src=\"http:\/\/www.inces.gob.ve\/wp-content\/uploads\/2019\/09\/Inces-la-movida-radiornv-1.jpg\" alt=\"\" width=\"800\" height=\"699\" srcset=\"https:\/\/inces.gob.ve\/wp-content\/uploads\/2019\/09\/Inces-la-movida-radiornv-1.jpg 800w, https:\/\/inces.gob.ve\/wp-content\/uploads\/2019\/09\/Inces-la-movida-radiornv-1-300x262.jpg 300w, https:\/\/inces.gob.ve\/wp-content\/uploads\/2019\/09\/Inces-la-movida-radiornv-1-768x671.jpg 768w\" sizes=\"auto, (max-width: 800px) 100vw, 800px\" \/> <\/span><\/span><\/span><\/p>\n<p class=\"western\" align=\"justify\"><span style=\"color: #000000;\"><span style=\"font-family: Arial, sans-serif;\"><span style=\"font-size: x-large;\"><span lang=\"es-ES\">Durante la transmisi\u00f3n del programa radial<\/span><\/span><\/span><\/span><span style=\"color: #000000;\"><span style=\"font-family: Arial, sans-serif;\"><span style=\"font-size: x-large;\"> \u201c<\/span><\/span><\/span><span style=\"color: #000000;\"><span style=\"font-family: Arial, sans-serif;\"><span style=\"font-size: x-large;\"><span lang=\"es-ES\">La Movida\u201d n\u00famero(26) transmitido por RNV , en vivo desde dial 103.9 FM, tambi\u00e9n estuvo como invitada<\/span><\/span><\/span><\/span> <span style=\"color: #000000;\"><span style=\"font-family: Arial, sans-serif;\"><span style=\"font-size: x-large;\"><span lang=\"es-ES\">Mar\u00eda Rond\u00f3n, estudiante de Bachillerato <\/span><\/span><\/span><\/span><em><span style=\"color: #000000;\"><span style=\"font-family: Arial, sans-serif;\"><span style=\"font-size: x-large;\"><span lang=\"es-ES\">Productivo en el tercer <\/span><\/span><\/span><\/span><\/em><span style=\"color: #000000;\"><span style=\"font-family: Arial, sans-serif;\"><span style=\"font-size: x-large;\"><span lang=\"es-ES\">periodo con perfil productivo en Panader\u00eda, quien explic\u00f3 su experiencia en este proceso de formaci\u00f3n. \u201cEs mucho mejor que en el liceo regular, porque en el Inces salimos con un perfil productivo con dos t\u00edtulos, el de bachiller y el productivo, puedes emprender en<\/span><\/span><\/span><\/span> <span style=\"color: #000000;\"><span style=\"font-family: Arial, sans-serif;\"><span style=\"font-size: x-large;\"><span lang=\"es-ES\">un oficio y<\/span><\/span><\/span><\/span> <span style=\"color: #000000;\"><span style=\"font-family: Arial, sans-serif;\"><span style=\"font-size: x-large;\"><span lang=\"es-ES\">estudio desde hace un a\u00f1o y medio, hasta ahora<\/span><\/span><\/span><\/span> <span style=\"color: #000000;\"><span style=\"font-family: Arial, sans-serif;\"><span style=\"font-size: x-large;\"><span lang=\"es-ES\">el motivo de ingreso al Inces, fue una amiga que me invit\u00f3 a estudiar y all\u00ed comenz\u00f3<\/span><\/span><\/span><\/span> <span style=\"color: #000000;\"><span style=\"font-family: Arial, sans-serif;\"><span style=\"font-size: x-large;\"><span lang=\"es-ES\">mi motivaci\u00f3n, he aprendido a hacer todo tipo de pan y dulces, yo invito<\/span><\/span><\/span><\/span> <span style=\"color: #000000;\"><span style=\"font-family: Arial, sans-serif;\"><span style=\"font-size: x-large;\"><span lang=\"es-ES\">a todo el que quiera ingresar a estudiar al Inces,<\/span><\/span><\/span><\/span> <span style=\"color: #000000;\"><span style=\"font-family: Arial, sans-serif;\"><span style=\"font-size: x-large;\"><span lang=\"es-ES\">es una experiencia extraordinaria, voy a continuar realizando cursos de pasa palos y comida alternativa\u201d. Acot\u00f3 Rond\u00f3n.<\/span><\/span><\/span><\/span><\/p>\n<p class=\"western\" align=\"justify\"><span style=\"font-family: Arial, sans-serif;\"><span style=\"font-size: x-large;\"><span lang=\"es-ES\">Luis Rub\u00e9n Villazana, vocero Comunal de La Vega, invitado al programa radial \u201cLa Movida\u201d n\u00famero(26) transmitido por RNV, en vivo desde dial 103.9 FM, manifest\u00f3 la dura lucha que se viene logrando en la instalaci\u00f3n de este Centro Educativo para la Formaci\u00f3n Productiva. \u201cLogramos al fin despu\u00e9s de mucho tiempo, acreditar al rededor de 300 personas de la comunidad, y tener un N\u00facleo propio dentro del sector, que nos fortalezcan los conocimientos en la parroquia a trav\u00e9s de las comunas y sectores organizados, donde a trav\u00e9s de estos proyectos program\u00e1ticos podemos construir proyectos socioproductivos para el pueblo, como por ejemplo: \u201cUna Gota de Amor Para Mi Escuela en Resistencia\u201d, dando el inicio el a\u00f1o escolar 2019 2020, donde el Inces y la comunidad est\u00e1n aportando un grano de arena para el futuro nuestros ni\u00f1os , ni\u00f1as y adolescente.<img loading=\"lazy\" decoding=\"async\" class=\"aligncenter wp-image-31334 size-full\" src=\"http:\/\/www.inces.gob.ve\/wp-content\/uploads\/2019\/09\/INCES-lamovida-rnv-2.jpg\" alt=\"\" width=\"800\" height=\"450\" srcset=\"https:\/\/inces.gob.ve\/wp-content\/uploads\/2019\/09\/INCES-lamovida-rnv-2.jpg 800w, https:\/\/inces.gob.ve\/wp-content\/uploads\/2019\/09\/INCES-lamovida-rnv-2-300x169.jpg 300w, https:\/\/inces.gob.ve\/wp-content\/uploads\/2019\/09\/INCES-lamovida-rnv-2-768x432.jpg 768w\" sizes=\"auto, (max-width: 800px) 100vw, 800px\" \/><\/span><\/span><\/span><\/p>\n","protected":false},"excerpt":{"rendered":"<p>** En la emisi\u00f3n del programa radial La Movida n\u00famero(26) transmitido por RNV , en vivo desde dial 103.9 FM, y acompa\u00f1ado por la moderadora Indyra Torregrosa, disert\u00f3 sobre el tema de este nuevo a\u00f1o escolar, donde inici\u00f3 con un llamado a clase. \u201cDebemos unir esfuerzos para que todos contribuyamos con la buena educaci\u00f3n de [&hellip;]<\/p>\n","protected":false},"author":15,"featured_media":31336,"comment_status":"closed","ping_status":"closed","sticky":false,"template":"","format":"standard","meta":{"footnotes":""},"categories":[2],"tags":[],"class_list":["post-31332","post","type-post","status-publish","format-standard","has-post-thumbnail","hentry","category-blog"],"_links":{"self":[{"href":"https:\/\/inces.gob.ve\/index.php\/wp-json\/wp\/v2\/posts\/31332","targetHints":{"allow":["GET"]}}],"collection":[{"href":"https:\/\/inces.gob.ve\/index.php\/wp-json\/wp\/v2\/posts"}],"about":[{"href":"https:\/\/inces.gob.ve\/index.php\/wp-json\/wp\/v2\/types\/post"}],"author":[{"embeddable":true,"href":"https:\/\/inces.gob.ve\/index.php\/wp-json\/wp\/v2\/users\/15"}],"replies":[{"embeddable":true,"href":"https:\/\/inces.gob.ve\/index.php\/wp-json\/wp\/v2\/comments?post=31332"}],"version-history":[{"count":5,"href":"https:\/\/inces.gob.ve\/index.php\/wp-json\/wp\/v2\/posts\/31332\/revisions"}],"predecessor-version":[{"id":31344,"href":"https:\/\/inces.gob.ve\/index.php\/wp-json\/wp\/v2\/posts\/31332\/revisions\/31344"}],"wp:featuredmedia":[{"embeddable":true,"href":"https:\/\/inces.gob.ve\/index.php\/wp-json\/wp\/v2\/media\/31336"}],"wp:attachment":[{"href":"https:\/\/inces.gob.ve\/index.php\/wp-json\/wp\/v2\/media?parent=31332"}],"wp:term":[{"taxonomy":"category","embeddable":true,"href":"https:\/\/inces.gob.ve\/index.php\/wp-json\/wp\/v2\/categories?post=31332"},{"taxonomy":"post_tag","embeddable":true,"href":"https:\/\/inces.gob.ve\/index.php\/wp-json\/wp\/v2\/tags?post=31332"}],"curies":[{"name":"wp","href":"https:\/\/api.w.org\/{rel}","templated":true}]}}