{"id":31345,"date":"2019-09-19T11:07:46","date_gmt":"2019-09-19T17:07:46","guid":{"rendered":"http:\/\/www.inces.gob.ve\/?p=31345"},"modified":"2020-05-28T20:25:53","modified_gmt":"2020-05-29T00:25:53","slug":"la-guaira-brigadas-productivas-reparan-pulmon-de-agua-en-cdi","status":"publish","type":"post","link":"https:\/\/inces.gob.ve\/index.php\/2019\/09\/19\/la-guaira-brigadas-productivas-reparan-pulmon-de-agua-en-cdi\/","title":{"rendered":"La Guaira| Brigadas Productivas reparan Pulm\u00f3n de Agua en CDI"},"content":{"rendered":"<p class=\"western\" align=\"justify\"><span style=\"font-family: Arial, sans-serif;\"><span style=\"font-size: x-large;\"><b>** La Divisi\u00f3n de Mantenimiento e Infraestructura de la instituci\u00f3n asume la reparaci\u00f3n aplicando conocimientos t\u00e9cnicos de hidro neum\u00e1tica y de soldadura industrial<\/b><\/span><\/span><\/p>\n<p align=\"justify\"><!--more--><\/p>\n<p align=\"justify\">\n<p class=\"western\" align=\"justify\"><span style=\"font-family: Arial, sans-serif;\"><span style=\"font-size: x-large;\"><b>ZUVALQUI DUARTE\/La Guaira<\/b><\/span><\/span><\/p>\n<p class=\"western\" align=\"justify\"><span style=\"font-family: Arial, sans-serif;\"><span style=\"font-size: x-large;\">Como parte del trabajo realizado por las Brigadas Productivas conformadas por los maestros, trabajadores y obreros de la gerencia regional de La Guaira, est\u00e1 la reparaci\u00f3n del pulm\u00f3n que surte de agua a trav\u00e9s del bombeado del Centro de Diagnostico Integral de Macuto.<\/span><\/span><\/p>\n<p class=\"western\" align=\"justify\"><span style=\"font-family: Arial, sans-serif;\"><span style=\"font-size: x-large;\">Esta alianza nace de las buenas relaciones con el punto y circulo de la instituci\u00f3n educativa que prev\u00e9 dar respuesta a reparaciones en el \u00e1mbito de la herrer\u00eda, soldadura industrial, alba\u00f1iler\u00eda, plomer\u00eda entre otras y que beneficia a pobladores de la parroquia que asisten a este centro asistencial de las tres parroquia mas cercanas.<\/span><\/span><\/p>\n<p class=\"western\" align=\"justify\"><span style=\"font-family: Arial, sans-serif;\"><span style=\"font-size: x-large;\"><img loading=\"lazy\" decoding=\"async\" class=\"aligncenter wp-image-31348 size-full\" src=\"http:\/\/www.inces.gob.ve\/wp-content\/uploads\/2019\/09\/INCES-Brigadas-Productivas-reparan.1.jpg\" alt=\"\" width=\"800\" height=\"450\" srcset=\"https:\/\/inces.gob.ve\/wp-content\/uploads\/2019\/09\/INCES-Brigadas-Productivas-reparan.1.jpg 800w, https:\/\/inces.gob.ve\/wp-content\/uploads\/2019\/09\/INCES-Brigadas-Productivas-reparan.1-300x169.jpg 300w, https:\/\/inces.gob.ve\/wp-content\/uploads\/2019\/09\/INCES-Brigadas-Productivas-reparan.1-768x432.jpg 768w\" sizes=\"auto, (max-width: 800px) 100vw, 800px\" \/><\/span><\/span><\/p>\n<p class=\"western\" align=\"justify\"><span style=\"font-family: Arial, sans-serif;\"><span style=\"font-size: x-large;\">Hern\u00e1n Garboza gerente regional expres\u00f3: \u201cEl trabajo realizado por las Brigadas Productivas fue la reconstrucci\u00f3n de la base del pulm\u00f3n por medio de soldadura especializada y la colocaci\u00f3n del mismo con la respectiva colocaci\u00f3n de la bomba hidro-neum\u00e1tica con su puesta en funcionamiento, hemos estado apoyando al CDI de Macuto uniendo alianzas\u201d.<\/span><\/span><\/p>\n<p class=\"western\" align=\"justify\"><span style=\"font-family: Arial, sans-serif;\"><span style=\"font-size: x-large;\">Se\u00f1al\u00f3 que este centro de salud p\u00fablica prestan servicio m\u00e9dico al personal de Inces guaire\u00f1o. \u201cAll\u00ed asisten un gran numero de personas del pueblo para exponer temas de salud, raz\u00f3n que nos lleva a dar respuesta de manera inmediata al tema de reparaci\u00f3n de equipos y apoyo en otras \u00e1reas\u201d Acot\u00f3 Garboza.<img loading=\"lazy\" decoding=\"async\" class=\"aligncenter wp-image-31346 \" src=\"http:\/\/www.inces.gob.ve\/wp-content\/uploads\/2019\/09\/INCES-Brigadas-Productivas-reparan.3.jpg\" alt=\"\" width=\"556\" height=\"836\" srcset=\"https:\/\/inces.gob.ve\/wp-content\/uploads\/2019\/09\/INCES-Brigadas-Productivas-reparan.3.jpg 600w, https:\/\/inces.gob.ve\/wp-content\/uploads\/2019\/09\/INCES-Brigadas-Productivas-reparan.3-200x300.jpg 200w, https:\/\/inces.gob.ve\/wp-content\/uploads\/2019\/09\/INCES-Brigadas-Productivas-reparan.3-400x600.jpg 400w\" sizes=\"auto, (max-width: 556px) 100vw, 556px\" \/><\/span><\/span><\/p>\n<p class=\"western\" align=\"justify\"><span style=\"font-family: Arial, sans-serif;\"><span style=\"font-size: x-large;\">Es importante mencionar que las Brigadas Productivas han realizado mantenimiento y reparaci\u00f3n en el sistema el\u00e9ctrico, reparaci\u00f3n de equipos, puertas, ventanas, sillas de espera entre otros.<\/span><\/span><\/p>\n","protected":false},"excerpt":{"rendered":"<p>** La Divisi\u00f3n de Mantenimiento e Infraestructura de la instituci\u00f3n asume la reparaci\u00f3n aplicando conocimientos t\u00e9cnicos de hidro neum\u00e1tica y de soldadura industrial<\/p>\n","protected":false},"author":15,"featured_media":31347,"comment_status":"closed","ping_status":"closed","sticky":false,"template":"","format":"standard","meta":{"footnotes":""},"categories":[2],"tags":[],"class_list":["post-31345","post","type-post","status-publish","format-standard","has-post-thumbnail","hentry","category-blog"],"_links":{"self":[{"href":"https:\/\/inces.gob.ve\/index.php\/wp-json\/wp\/v2\/posts\/31345","targetHints":{"allow":["GET"]}}],"collection":[{"href":"https:\/\/inces.gob.ve\/index.php\/wp-json\/wp\/v2\/posts"}],"about":[{"href":"https:\/\/inces.gob.ve\/index.php\/wp-json\/wp\/v2\/types\/post"}],"author":[{"embeddable":true,"href":"https:\/\/inces.gob.ve\/index.php\/wp-json\/wp\/v2\/users\/15"}],"replies":[{"embeddable":true,"href":"https:\/\/inces.gob.ve\/index.php\/wp-json\/wp\/v2\/comments?post=31345"}],"version-history":[{"count":1,"href":"https:\/\/inces.gob.ve\/index.php\/wp-json\/wp\/v2\/posts\/31345\/revisions"}],"predecessor-version":[{"id":31349,"href":"https:\/\/inces.gob.ve\/index.php\/wp-json\/wp\/v2\/posts\/31345\/revisions\/31349"}],"wp:featuredmedia":[{"embeddable":true,"href":"https:\/\/inces.gob.ve\/index.php\/wp-json\/wp\/v2\/media\/31347"}],"wp:attachment":[{"href":"https:\/\/inces.gob.ve\/index.php\/wp-json\/wp\/v2\/media?parent=31345"}],"wp:term":[{"taxonomy":"category","embeddable":true,"href":"https:\/\/inces.gob.ve\/index.php\/wp-json\/wp\/v2\/categories?post=31345"},{"taxonomy":"post_tag","embeddable":true,"href":"https:\/\/inces.gob.ve\/index.php\/wp-json\/wp\/v2\/tags?post=31345"}],"curies":[{"name":"wp","href":"https:\/\/api.w.org\/{rel}","templated":true}]}}