{"id":31353,"date":"2019-09-19T13:25:54","date_gmt":"2019-09-19T19:25:54","guid":{"rendered":"http:\/\/www.inces.gob.ve\/?p=31353"},"modified":"2020-05-28T20:25:53","modified_gmt":"2020-05-29T00:25:53","slug":"sede-joven-no-pierdas-la-oportunidad-de-hacerte-bachiller-con-el-programa-bachillerato-productivo","status":"publish","type":"post","link":"https:\/\/inces.gob.ve\/index.php\/2019\/09\/19\/sede-joven-no-pierdas-la-oportunidad-de-hacerte-bachiller-con-el-programa-bachillerato-productivo\/","title":{"rendered":"Sede| Joven no pierdas la oportunidad de hacerte bachiller con el  \u201cPrograma Bachillerato Productivo\u201d"},"content":{"rendered":"<p align=\"justify\"><span style=\"font-family: Arial, sans-serif;\"><span style=\"font-size: x-large;\"><b>**<i>Como reza el eslogan del Inces \u201c\u00a0 Formar\u00a0 Produciendo y Producir Formando\u201d en el Programa de <\/i><i>Bachiller<\/i><i>ato <\/i><i> Productivo, <\/i><i>donde un <\/i><i>estudiante obtiene su titulo de bachiller avalado por el Ministerio del Poder Popular para la Educaci\u00f3n y la certificaci\u00f3n de sus conocimientos t\u00e9cnicos y profesionales mediante de cursos, talleres y seminarios facilitados por el Inces<\/i><\/b><\/span><\/span><!--more--><\/p>\n<p align=\"justify\"><span style=\"font-family: Arial, sans-serif;\"><span style=\"font-size: x-large;\"><b>DIMAS P\u00c1EZ \/ Inces Sede<\/b><\/span><\/span><\/p>\n<p align=\"justify\"><span style=\"font-family: Arial, sans-serif;\"><span style=\"font-size: x-large;\">Desde los estudios de Radio Miraflores con la conducci\u00f3n de Luis Angel Mart\u00ednez y teniendo como invitados al Lic. Eder Atencio Alarc\u00f3n, coordinador Nacional del Programa Educativo \u201cBachiller Productivo\u201d, Yessica V\u00e1zquez Aranguren, supervisora Docente de Bachiller Productivo y el enlace telef\u00f3nico con Yelitza Gordones estudiante de Bachillerato Productivo se llev\u00f3 a cabo el Programa Somos # 107 en el dial 95.9 F.M. <\/span><\/span><\/p>\n<p align=\"justify\"><span style=\"font-family: Arial, sans-serif;\"><span style=\"font-size: x-large;\">El coordinador de Bachillerato Productivo Atencio Alarc\u00f3n inform\u00f3 que con la transformaci\u00f3n curricular que viene impulsando el Ministerio del Poder Popular para la de Educaci\u00f3n, en la ense\u00f1anza y aprendizaje se ha cambiado el modelo de educaci\u00f3n en Venezuela. \u201cEn el Programa Bachillerato Productivo los participantes se autoevaluan, como se va a instruir la ense\u00f1anza entre el instructor y el alumno, y es bien interesante porque es el joven y el adulto quienes forman su portafolio, no es una clases magistral, se va aprendiendo desde el hacer\u201d. Acot\u00f3 Atencio.<\/span><\/span><\/p>\n<p align=\"justify\"><span style=\"font-family: Arial, sans-serif;\"><span style=\"font-size: x-large;\"><img loading=\"lazy\" decoding=\"async\" class=\"aligncenter wp-image-31356 size-full\" src=\"http:\/\/www.inces.gob.ve\/wp-content\/uploads\/2019\/09\/Inces-Programa-Bachillerato-Productivo2-.jpg\" alt=\"\" width=\"800\" height=\"600\" srcset=\"https:\/\/inces.gob.ve\/wp-content\/uploads\/2019\/09\/Inces-Programa-Bachillerato-Productivo2-.jpg 800w, https:\/\/inces.gob.ve\/wp-content\/uploads\/2019\/09\/Inces-Programa-Bachillerato-Productivo2--300x225.jpg 300w, https:\/\/inces.gob.ve\/wp-content\/uploads\/2019\/09\/Inces-Programa-Bachillerato-Productivo2--768x576.jpg 768w, https:\/\/inces.gob.ve\/wp-content\/uploads\/2019\/09\/Inces-Programa-Bachillerato-Productivo2--136x102.jpg 136w\" sizes=\"auto, (max-width: 800px) 100vw, 800px\" \/><\/span><\/span><\/p>\n<p align=\"justify\"><span style=\"font-family: Arial, sans-serif;\"><span style=\"font-size: x-large;\">Se\u00f1al\u00f3 Atencio que la educaci\u00f3n es liberadora y Robinsoniana basada desde el \u201cAprender Haciendo\u201d, el estudiante o participante entra a su formaci\u00f3n acad\u00e9mica desde un perfil productivo y el brindamos formaci\u00f3n para que inicie proyectos socioecon\u00f3micos, para que ellos elaboren sus propios planes y as\u00ed lograr a trav\u00e9s de la banca p\u00fablica ser financiados, tambi\u00e9n elegir ambas cosas, es decir, se ense\u00f1an como elaborar un proyecto y seguir un emprendimiento\u201d.<\/span><\/span><\/p>\n<p align=\"justify\"><span style=\"font-family: Arial, sans-serif;\"><span style=\"font-size: x-large;\">En el Programa Luisa C\u00e1ceres que va dirigido a los privados de libertad informo Eder atencio con respecto a este programa \u201cnosotros estamos llegando a todas las partes que se necesite formar a las personas en bachillerato productivo hasta los momentos tenemos 536 privados de libertad est\u00e1n en la formaci\u00f3n, no solo ellos tambi\u00e9n llegamos a las comunidades ind\u00edgenas donde se est\u00e1n formando 152 personas y personas con discapacidad 179 form\u00e1ndose en el Programa Bachillerato productivo, este es un programa que esta en franco crecimiento\u201d Culmino Eder Atencio. <\/span><\/span><\/p>\n<p align=\"justify\"><span style=\"font-family: Arial, sans-serif;\"><span style=\"font-size: x-large;\">Por su parte Yessica V\u00e1zquez Aranguren, manifest\u00f3 como los j\u00f3venes pueden entusiasmarse para inscribirse en el Programa bachillerato Productivo. \u201cEstamos interesados que los j\u00f3venes mayores de 15 a\u00f1os que a trav\u00e9s del Bachiller Productivo, podamos crear hombres y mujeres empoderados y los invito a visitar los 140 Centros de Formaci\u00f3n socialista (CFS) del Inces, donde deber\u00e1n llevar las notas certificadas de la ultima instituci\u00f3n que estudiaron, dos fotos tama\u00f1o carnet, fotocopia de la partida de nacimiento, y deben tener un a\u00f1o desvinculado a los estudios de bachillerato regular\u201d.<\/span><\/span><\/p>\n<p align=\"justify\"><span style=\"font-family: Arial, sans-serif;\"><span style=\"font-size: x-large;\"><img loading=\"lazy\" decoding=\"async\" class=\"aligncenter wp-image-31354 size-full\" src=\"http:\/\/www.inces.gob.ve\/wp-content\/uploads\/2019\/09\/Inces-Programa-Bachillerato-Productivo8-.jpg\" alt=\"\" width=\"800\" height=\"821\" srcset=\"https:\/\/inces.gob.ve\/wp-content\/uploads\/2019\/09\/Inces-Programa-Bachillerato-Productivo8-.jpg 800w, https:\/\/inces.gob.ve\/wp-content\/uploads\/2019\/09\/Inces-Programa-Bachillerato-Productivo8--292x300.jpg 292w, https:\/\/inces.gob.ve\/wp-content\/uploads\/2019\/09\/Inces-Programa-Bachillerato-Productivo8--768x788.jpg 768w\" sizes=\"auto, (max-width: 800px) 100vw, 800px\" \/><\/span><\/span><\/p>\n<p align=\"justify\"><span style=\"font-family: Arial, sans-serif;\"><span style=\"font-size: x-large;\">Por su parte Yelitza Gordones estudiante de Bachillerato Productivo, explic\u00f3 como ha ido aprendiendo. \u201cYo ten\u00eda tercer a\u00f1o aprobado, sin embargo empec\u00e9 desde el primer a\u00f1o, me encanta mis estudios, disfruto haciendo las tareas, quiero superarme y en estos momentos soy secretaria\u201d.<\/span><\/span><\/p>\n<p align=\"justify\"><span style=\"font-family: Arial, sans-serif;\"><span style=\"font-size: x-large;\">Durante esta entrevista se\u00f1alo Gordones que durante sus estudios de Bachillerato Productivo, el Inces le ha brindado oportunidades de trabajo y de estudio. \u201cGracias a mis estudios con el bachillerato productivo yo empec\u00e9 como asistente de oficina, archivaba y desempe\u00f1aba labores de acuerdo al cargo,y gracias a la autoridades del Inces que me brindaron la oportunidad de trabajo y hoy soy lo que soy por mi voluntad propia y desempe\u00f1o\u201d.<\/span><\/span><\/p>\n<p align=\"justify\"><span style=\"font-family: Arial, sans-serif;\"><span style=\"font-size: x-large;\">Inform\u00f3 Gordones que durante sus estudios de Bachillerato Productivo, le han ense\u00f1ado en formular un proyecto de perfil productivo, donde ha tenido elaborar un proyecto. \u201cTenemos que evaluar y visualizar al futuro, porque tenemos que elaborar un proyecto que nos sirva para socializar a las personas, el proyecto no es para nosotros, sino para el bien de la comunidad\u201d. Tambi\u00e9n nos informo Gordones que a trav\u00e9s de la.<\/span><\/span><\/p>\n<p align=\"justify\"><span style=\"font-family: Arial, sans-serif;\"><span style=\"font-size: x-large;\"><img loading=\"lazy\" decoding=\"async\" class=\"aligncenter wp-image-31355 size-full\" src=\"http:\/\/www.inces.gob.ve\/wp-content\/uploads\/2019\/09\/Inces-Programa-Bachillerato-Productivo4-.jpg\" alt=\"\" width=\"800\" height=\"600\" srcset=\"https:\/\/inces.gob.ve\/wp-content\/uploads\/2019\/09\/Inces-Programa-Bachillerato-Productivo4-.jpg 800w, https:\/\/inces.gob.ve\/wp-content\/uploads\/2019\/09\/Inces-Programa-Bachillerato-Productivo4--300x225.jpg 300w, https:\/\/inces.gob.ve\/wp-content\/uploads\/2019\/09\/Inces-Programa-Bachillerato-Productivo4--768x576.jpg 768w, https:\/\/inces.gob.ve\/wp-content\/uploads\/2019\/09\/Inces-Programa-Bachillerato-Productivo4--136x102.jpg 136w\" sizes=\"auto, (max-width: 800px) 100vw, 800px\" \/><\/span><\/span><\/p>\n","protected":false},"excerpt":{"rendered":"<p>**Como reza el eslogan del Inces \u201c\u00a0 Formar\u00a0 Produciendo y Producir Formando\u201d en el Programa de Bachillerato Productivo, donde un estudiante obtiene su titulo de bachiller avalado por el Ministerio del Poder Popular para la Educaci\u00f3n y la certificaci\u00f3n de sus conocimientos t\u00e9cnicos y profesionales mediante de cursos, talleres y seminarios facilitados por el Inces<\/p>\n","protected":false},"author":15,"featured_media":31357,"comment_status":"closed","ping_status":"closed","sticky":false,"template":"","format":"standard","meta":{"footnotes":""},"categories":[2],"tags":[],"class_list":["post-31353","post","type-post","status-publish","format-standard","has-post-thumbnail","hentry","category-blog"],"_links":{"self":[{"href":"https:\/\/inces.gob.ve\/index.php\/wp-json\/wp\/v2\/posts\/31353","targetHints":{"allow":["GET"]}}],"collection":[{"href":"https:\/\/inces.gob.ve\/index.php\/wp-json\/wp\/v2\/posts"}],"about":[{"href":"https:\/\/inces.gob.ve\/index.php\/wp-json\/wp\/v2\/types\/post"}],"author":[{"embeddable":true,"href":"https:\/\/inces.gob.ve\/index.php\/wp-json\/wp\/v2\/users\/15"}],"replies":[{"embeddable":true,"href":"https:\/\/inces.gob.ve\/index.php\/wp-json\/wp\/v2\/comments?post=31353"}],"version-history":[{"count":2,"href":"https:\/\/inces.gob.ve\/index.php\/wp-json\/wp\/v2\/posts\/31353\/revisions"}],"predecessor-version":[{"id":31362,"href":"https:\/\/inces.gob.ve\/index.php\/wp-json\/wp\/v2\/posts\/31353\/revisions\/31362"}],"wp:featuredmedia":[{"embeddable":true,"href":"https:\/\/inces.gob.ve\/index.php\/wp-json\/wp\/v2\/media\/31357"}],"wp:attachment":[{"href":"https:\/\/inces.gob.ve\/index.php\/wp-json\/wp\/v2\/media?parent=31353"}],"wp:term":[{"taxonomy":"category","embeddable":true,"href":"https:\/\/inces.gob.ve\/index.php\/wp-json\/wp\/v2\/categories?post=31353"},{"taxonomy":"post_tag","embeddable":true,"href":"https:\/\/inces.gob.ve\/index.php\/wp-json\/wp\/v2\/tags?post=31353"}],"curies":[{"name":"wp","href":"https:\/\/api.w.org\/{rel}","templated":true}]}}