{"id":31386,"date":"2019-09-20T12:22:59","date_gmt":"2019-09-20T18:22:59","guid":{"rendered":"http:\/\/www.inces.gob.ve\/?p=31386"},"modified":"2020-05-28T20:25:53","modified_gmt":"2020-05-29T00:25:53","slug":"guarico-egresa-maestros-panaderos-y-reposteros-innovadores-de-la-patria","status":"publish","type":"post","link":"https:\/\/inces.gob.ve\/index.php\/2019\/09\/20\/guarico-egresa-maestros-panaderos-y-reposteros-innovadores-de-la-patria\/","title":{"rendered":"Gu\u00e1rico| Egresa maestros panaderos y reposteros innovadores de la patria"},"content":{"rendered":"<p align=\"justify\"><span style=\"font-family: Arial, sans-serif;\"><span style=\"font-size: x-large;\">**<i><b> El Instituto Nacional de Capacitaci\u00f3n y Educaci\u00f3n Socialista (Inces), a trav\u00e9s del Programa de Turismo Inces Gu\u00e1rico, brinda formaci\u00f3n a los ciudadanos venezolanos para la elaboraci\u00f3n de pasta de boller\u00eda artesanal, la instituci\u00f3n contin\u00faa dispuesto a formar al pueblo venezolano para impulsar los proyectos de innovaci\u00f3n para contrarrestar la guerra econ\u00f3mica impuesta por el imperio norteamericano<\/b><\/i><\/span><\/span><\/p>\n<p align=\"justify\"><!--more--><\/p>\n<p align=\"justify\"><span style=\"font-family: Arial, sans-serif;\"><span style=\"font-size: x-large;\"><strong>MAR\u00cdA SANTIAGO<\/strong> | Gu\u00e1rico<\/span><\/span><\/p>\n<p align=\"justify\"><span style=\"font-family: Arial, sans-serif;\"><span style=\"font-size: x-large;\">Participantes de los cursos de pasta de boller\u00eda artesanal, los cuales tras culminar los 5 m\u00f3dulos que componen la formaci\u00f3n brindada por los Maestros T\u00e9cnicos Productivos(MTP) en el \u00e1rea de panader\u00eda y reposter\u00eda, realizaron cierre de actividades donde expusieron una muestra de los conocimientos adquiridos, explicando el proceso de elaboraci\u00f3n del pan y el vino artesanal que viene siendo el m\u00f3dulo m\u00e1s solicitado por los participantes de diferentes partes del estado, donde se imparte la formaci\u00f3n.<\/span><\/span><\/p>\n<p><img loading=\"lazy\" decoding=\"async\" class=\"wp-image-31389 size-full\" src=\"http:\/\/www.inces.gob.ve\/wp-content\/uploads\/2019\/09\/INCES-panaderos-reposteros-innovadores-1-.jpg\" alt=\"\" width=\"800\" height=\"600\" srcset=\"https:\/\/inces.gob.ve\/wp-content\/uploads\/2019\/09\/INCES-panaderos-reposteros-innovadores-1-.jpg 800w, https:\/\/inces.gob.ve\/wp-content\/uploads\/2019\/09\/INCES-panaderos-reposteros-innovadores-1--300x225.jpg 300w, https:\/\/inces.gob.ve\/wp-content\/uploads\/2019\/09\/INCES-panaderos-reposteros-innovadores-1--768x576.jpg 768w, https:\/\/inces.gob.ve\/wp-content\/uploads\/2019\/09\/INCES-panaderos-reposteros-innovadores-1--136x102.jpg 136w\" sizes=\"auto, (max-width: 800px) 100vw, 800px\" \/><\/p>\n<p align=\"justify\"><span style=\"font-family: Arial, sans-serif;\"><span style=\"font-size: x-large;\">La gerente regional de Inces Gu\u00e1rico, Arisela Medina felicit\u00f3 a los participantes por la calidad de los productos elaborados y la creatividad demostrada en la elaboraci\u00f3n y presentaci\u00f3n de sus muestras y destac\u00f3 que estas opciones formativas surgen de las orientaciones del Presidente de la Rep\u00fablica; Nicol\u00e1s Maduro, para la consolidaci\u00f3n del desarrollo integral y productivo del pa\u00eds, las cuales son direccionadas por el presidente del Inces Wuikelman Angel, para su cumplimiento.<\/span><\/span><\/p>\n<p align=\"justify\">\n<p align=\"justify\"><span style=\"font-family: Arial, sans-serif;\"><span style=\"font-size: x-large;\">El participante Luis Mart\u00ednez expres\u00f3 su agradecimiento al Inces por su iniciativa para el ejercicio de las potencialidades de los participantes y la oportunidad de continuar cultivando el conocimiento en el \u00e1rea, esto como un incentivo para combatir la especulaci\u00f3n y el bloqueo econ\u00f3mico, con el que entes externos quieren someter al pueblo Venezolano; \u201cEstamos aprendiendo y queremos continuar con esta formaci\u00f3n para lograr hacer productos de calidad en beneficio de nuestra familia y nuestra comunidad\u201d.<\/span><\/span><\/p>\n<p align=\"justify\">\n<p align=\"justify\"><span style=\"font-family: Arial, sans-serif;\"><span style=\"font-size: x-large;\">Por otra parte el MTP Leonel Su\u00e1rez afirm\u00f3 sentirse complacido de ver el producto del esfuerzo de los participantes para realizar las delicias presentadas, en especial los dulces hechos con harinas alternativas de ma\u00edz, yuca y arroz, productos exhibidos en las muestras did\u00e1cticas Inces, donde se demostr\u00f3 el avance de la instituci\u00f3n en el campo de la elaboraci\u00f3n de pan y postres a base de estas harinas experimentales; \u201cEstamos creando cosas nuevas que surgen del conocimiento que traen nuestros participantes y logramos generar nuevos productos, eso es lo maravilloso de este proceso de formaci\u00f3n y auto formaci\u00f3n\u201d.<\/span><\/span><\/p>\n<p><img loading=\"lazy\" decoding=\"async\" class=\"wp-image-31387 size-full\" src=\"http:\/\/www.inces.gob.ve\/wp-content\/uploads\/2019\/09\/INCES-panaderos-reposteros-innovadores-5-.jpg\" alt=\"\" width=\"800\" height=\"600\" srcset=\"https:\/\/inces.gob.ve\/wp-content\/uploads\/2019\/09\/INCES-panaderos-reposteros-innovadores-5-.jpg 800w, https:\/\/inces.gob.ve\/wp-content\/uploads\/2019\/09\/INCES-panaderos-reposteros-innovadores-5--300x225.jpg 300w, https:\/\/inces.gob.ve\/wp-content\/uploads\/2019\/09\/INCES-panaderos-reposteros-innovadores-5--768x576.jpg 768w, https:\/\/inces.gob.ve\/wp-content\/uploads\/2019\/09\/INCES-panaderos-reposteros-innovadores-5--136x102.jpg 136w\" sizes=\"auto, (max-width: 800px) 100vw, 800px\" \/><\/p>\n<p align=\"justify\"><span style=\"font-family: Arial, sans-serif;\"><span style=\"font-size: x-large;\">El Inces contin\u00faa dispuesto a formar al pueblo venezolano para impulsar los proyectos de innovaci\u00f3n de los participantes, en este sentido, los maestros de la instituci\u00f3n est\u00e1n capacitados y certificados para continuar sembrando el conocimiento pertinente y desarrollar las habilidades de los participantes en el campo laboral proporcion\u00e1ndoles las herramientas para que contin\u00faen batallando contra las dificultades generadas por acciones que atentan contra el bienestar social del pueblo venezolano<\/span><\/span><\/p>\n<p align=\"justify\">\n","protected":false},"excerpt":{"rendered":"<p>** El Instituto Nacional de Capacitaci\u00f3n y Educaci\u00f3n Socialista (Inces), a trav\u00e9s del Programa de Turismo Inces Gu\u00e1rico, brinda formaci\u00f3n a los ciudadanos venezolanos para la elaboraci\u00f3n de pasta de boller\u00eda artesanal, la instituci\u00f3n contin\u00faa dispuesto a formar al pueblo venezolano para impulsar los proyectos de innovaci\u00f3n para contrarrestar la guerra econ\u00f3mica impuesta por el [&hellip;]<\/p>\n","protected":false},"author":15,"featured_media":31388,"comment_status":"closed","ping_status":"closed","sticky":false,"template":"","format":"standard","meta":{"footnotes":""},"categories":[2],"tags":[],"class_list":["post-31386","post","type-post","status-publish","format-standard","has-post-thumbnail","hentry","category-blog"],"_links":{"self":[{"href":"https:\/\/inces.gob.ve\/index.php\/wp-json\/wp\/v2\/posts\/31386","targetHints":{"allow":["GET"]}}],"collection":[{"href":"https:\/\/inces.gob.ve\/index.php\/wp-json\/wp\/v2\/posts"}],"about":[{"href":"https:\/\/inces.gob.ve\/index.php\/wp-json\/wp\/v2\/types\/post"}],"author":[{"embeddable":true,"href":"https:\/\/inces.gob.ve\/index.php\/wp-json\/wp\/v2\/users\/15"}],"replies":[{"embeddable":true,"href":"https:\/\/inces.gob.ve\/index.php\/wp-json\/wp\/v2\/comments?post=31386"}],"version-history":[{"count":2,"href":"https:\/\/inces.gob.ve\/index.php\/wp-json\/wp\/v2\/posts\/31386\/revisions"}],"predecessor-version":[{"id":31391,"href":"https:\/\/inces.gob.ve\/index.php\/wp-json\/wp\/v2\/posts\/31386\/revisions\/31391"}],"wp:featuredmedia":[{"embeddable":true,"href":"https:\/\/inces.gob.ve\/index.php\/wp-json\/wp\/v2\/media\/31388"}],"wp:attachment":[{"href":"https:\/\/inces.gob.ve\/index.php\/wp-json\/wp\/v2\/media?parent=31386"}],"wp:term":[{"taxonomy":"category","embeddable":true,"href":"https:\/\/inces.gob.ve\/index.php\/wp-json\/wp\/v2\/categories?post=31386"},{"taxonomy":"post_tag","embeddable":true,"href":"https:\/\/inces.gob.ve\/index.php\/wp-json\/wp\/v2\/tags?post=31386"}],"curies":[{"name":"wp","href":"https:\/\/api.w.org\/{rel}","templated":true}]}}