{"id":31401,"date":"2019-09-23T07:55:30","date_gmt":"2019-09-23T13:55:30","guid":{"rendered":"http:\/\/www.inces.gob.ve\/?p=31401"},"modified":"2020-05-28T20:25:53","modified_gmt":"2020-05-29T00:25:53","slug":"amazonas-trabajadores-del-cfs-cacique-aramare-recibieron-expendio-de-sardina-por-parte-de-inso-pesca","status":"publish","type":"post","link":"https:\/\/inces.gob.ve\/index.php\/2019\/09\/23\/amazonas-trabajadores-del-cfs-cacique-aramare-recibieron-expendio-de-sardina-por-parte-de-inso-pesca\/","title":{"rendered":"Amazonas|Trabajadores recibieron expendio de sardina por parte INSOPESCA"},"content":{"rendered":"<p align=\"justify\"><span style=\"font-family: Arial, sans-serif;\"><span style=\"font-size: x-large;\">&nbsp;<\/span><\/span><\/p>\n<p align=\"justify\"><span style=\"font-family: Arial, sans-serif;\"><span style=\"font-size: x-large;\"><b>Trabajadores del Instituto Nacional de Capacitaci\u00f3n y Educaci\u00f3n Socialista Inces, se mostraron satisfecho y agradecieron por este beneficio a la nueva gerencia.<\/b><\/span><\/span><\/p>\n<p align=\"justify\"><!--more--><\/p>\n<p align=\"justify\">\n<p align=\"justify\"><b>Inces Amazonas<\/b><\/p>\n<p align=\"justify\"><span style=\"font-family: Arial, sans-serif;\"><span style=\"font-size: x-large;\">Trabajadores de Inces Regi\u00f3n Amazonas lograron adquirir el rubro de la sardina a un precio econ\u00f3mico. La gesti\u00f3n fue articulada por la nueva gerente de Inces Regi\u00f3n Amazonas Adriana Medina, el profesor Alberto Heredia y el encargado de bienes nacionales Oscar Olivo, que a trav\u00e9s del Instituto Socialista de la Pesca y Acuicultura (Insopesca), adquirieron 150 kilos de sardina.<\/span><\/span><\/p>\n<p align=\"justify\"><span style=\"font-family: Arial, sans-serif;\"><span style=\"font-size: x-large;\">Manifest\u00f3 Medina, que gracias a la alianza que ha venido gestionando el Inces Amazonas con otras instituciones, para que los trabajadores del \u201cCentro de Formaci\u00f3n Cacique Aramare\u201d obtengan sus beneficios. \u201cHoy iniciamos gracias a Dios con la sardina, y continuaremos haciendo el trabajo para obtener otros beneficios, as\u00ed lo sostuvo la nueva gerente Adriana Medina Ortega\u201d<\/span><\/span><\/p>\n<p align=\"justify\"><span style=\"font-family: Arial, sans-serif;\"><span style=\"font-size: x-large;\"><img loading=\"lazy\" decoding=\"async\" class=\"aligncenter wp-image-31403 size-full\" src=\"http:\/\/www.inces.gob.ve\/wp-content\/uploads\/2019\/09\/inces-expendio-de-sardina5-.jpg\" alt=\"\" width=\"800\" height=\"628\" srcset=\"https:\/\/inces.gob.ve\/wp-content\/uploads\/2019\/09\/inces-expendio-de-sardina5-.jpg 800w, https:\/\/inces.gob.ve\/wp-content\/uploads\/2019\/09\/inces-expendio-de-sardina5--300x236.jpg 300w, https:\/\/inces.gob.ve\/wp-content\/uploads\/2019\/09\/inces-expendio-de-sardina5--768x603.jpg 768w\" sizes=\"auto, (max-width: 800px) 100vw, 800px\" \/><\/span><\/span><\/p>\n<p align=\"justify\"><span style=\"font-family: Arial, sans-serif;\"><span style=\"font-size: x-large;\">As\u00ed mismo el nuevo jefe del centro de formaci\u00f3n \u201cCacique Aramare\u201d Jhony Beja expres\u00f3 su agradecimiento a Insopesca, \u201cEsto es el brazo ejecutor institucional del Decreto con Rango, Valor y Fuerza de Ley de Pesca y Acuicultura, cuyos pilares son los principios del desarrollo sustentable con una visi\u00f3n socialista enmarcada en el modelo que impuls\u00f3 el Comandante Presidente de la Rep\u00fablica Bolivariana de Venezuela, Hugo Ch\u00e1vez Fr\u00edas\u201d. Acot\u00f3 Beja.<\/span><\/span><\/p>\n<p align=\"justify\"><span style=\"font-family: Arial, sans-serif;\"><span style=\"font-size: x-large;\"><img loading=\"lazy\" decoding=\"async\" class=\"aligncenter wp-image-31402 size-full\" src=\"http:\/\/www.inces.gob.ve\/wp-content\/uploads\/2019\/09\/Inces-expendio-de-sardina3-.jpg\" alt=\"\" width=\"800\" height=\"600\" srcset=\"https:\/\/inces.gob.ve\/wp-content\/uploads\/2019\/09\/Inces-expendio-de-sardina3-.jpg 800w, https:\/\/inces.gob.ve\/wp-content\/uploads\/2019\/09\/Inces-expendio-de-sardina3--300x225.jpg 300w, https:\/\/inces.gob.ve\/wp-content\/uploads\/2019\/09\/Inces-expendio-de-sardina3--768x576.jpg 768w, https:\/\/inces.gob.ve\/wp-content\/uploads\/2019\/09\/Inces-expendio-de-sardina3--136x102.jpg 136w\" sizes=\"auto, (max-width: 800px) 100vw, 800px\" \/><\/span><\/span><\/p>\n","protected":false},"excerpt":{"rendered":"<p>&nbsp; Trabajadores del Instituto Nacional de Capacitaci\u00f3n y Educaci\u00f3n Socialista Inces, se mostraron satisfecho y agradecieron por este beneficio a la nueva gerencia.<\/p>\n","protected":false},"author":15,"featured_media":31404,"comment_status":"closed","ping_status":"closed","sticky":false,"template":"","format":"standard","meta":{"footnotes":""},"categories":[2],"tags":[],"class_list":["post-31401","post","type-post","status-publish","format-standard","has-post-thumbnail","hentry","category-blog"],"_links":{"self":[{"href":"https:\/\/inces.gob.ve\/index.php\/wp-json\/wp\/v2\/posts\/31401","targetHints":{"allow":["GET"]}}],"collection":[{"href":"https:\/\/inces.gob.ve\/index.php\/wp-json\/wp\/v2\/posts"}],"about":[{"href":"https:\/\/inces.gob.ve\/index.php\/wp-json\/wp\/v2\/types\/post"}],"author":[{"embeddable":true,"href":"https:\/\/inces.gob.ve\/index.php\/wp-json\/wp\/v2\/users\/15"}],"replies":[{"embeddable":true,"href":"https:\/\/inces.gob.ve\/index.php\/wp-json\/wp\/v2\/comments?post=31401"}],"version-history":[{"count":2,"href":"https:\/\/inces.gob.ve\/index.php\/wp-json\/wp\/v2\/posts\/31401\/revisions"}],"predecessor-version":[{"id":31407,"href":"https:\/\/inces.gob.ve\/index.php\/wp-json\/wp\/v2\/posts\/31401\/revisions\/31407"}],"wp:featuredmedia":[{"embeddable":true,"href":"https:\/\/inces.gob.ve\/index.php\/wp-json\/wp\/v2\/media\/31404"}],"wp:attachment":[{"href":"https:\/\/inces.gob.ve\/index.php\/wp-json\/wp\/v2\/media?parent=31401"}],"wp:term":[{"taxonomy":"category","embeddable":true,"href":"https:\/\/inces.gob.ve\/index.php\/wp-json\/wp\/v2\/categories?post=31401"},{"taxonomy":"post_tag","embeddable":true,"href":"https:\/\/inces.gob.ve\/index.php\/wp-json\/wp\/v2\/tags?post=31401"}],"curies":[{"name":"wp","href":"https:\/\/api.w.org\/{rel}","templated":true}]}}