{"id":31446,"date":"2019-09-23T11:44:15","date_gmt":"2019-09-23T17:44:15","guid":{"rendered":"http:\/\/www.inces.gob.ve\/?p=31446"},"modified":"2020-05-28T20:25:52","modified_gmt":"2020-05-29T00:25:52","slug":"sede-se-firmo-alianza-con-fedeindustria-fundacite-e-inapymi","status":"publish","type":"post","link":"https:\/\/inces.gob.ve\/index.php\/2019\/09\/23\/sede-se-firmo-alianza-con-fedeindustria-fundacite-e-inapymi\/","title":{"rendered":"Sede| Se firm\u00f3 alianza con FEDEINDUSTRIA y FUNDACITE"},"content":{"rendered":"<p align=\"justify\"><span style=\"font-family: Arial, sans-serif;\"><span style=\"font-size: x-large;\">** <i><b>El Instituto Nacional de Capacitaci\u00f3n y Educaci\u00f3n Socialista (Inces) Carabobo firm\u00f3 alianza estrat\u00e9gica con Fedeindustria y\u00a0 Fundacite , para potenciar la formaci\u00f3n, producci\u00f3n emprendimiento y financiamiento de los participantes en materia de procesamiento de alimentos.<\/b><\/i><\/span><\/span><!--more--><\/p>\n<p align=\"justify\">\n<p align=\"justify\"><span style=\"font-family: Arial, sans-serif;\"><span style=\"font-size: x-large;\"><b>RODIN BUSTILLOS<\/b><\/span><\/span><\/p>\n<p align=\"justify\"><span style=\"font-family: Arial, sans-serif;\"><span style=\"font-size: x-large;\">As\u00ed lo dio a conocer Wuikelman Angel, presidente del Inces quien manifest\u00f3 que la instituci\u00f3n une esfuerzo para la producci\u00f3n del pa\u00eds. \u201cUnimos esfuerzos para la producci\u00f3n bienes y servicios que tributen a la soberan\u00eda alimentaria a trav\u00e9s de la innovaci\u00f3n y emprendimiento\u201d. Acot\u00f3 Angel.<\/span><\/span><\/p>\n<p align=\"justify\"><span style=\"font-family: Arial, sans-serif;\"><span style=\"font-size: x-large;\"><img loading=\"lazy\" decoding=\"async\" class=\"aligncenter wp-image-31447 size-full\" src=\"http:\/\/www.inces.gob.ve\/wp-content\/uploads\/2019\/09\/INCES-FEDEINDUSTRIA-FUNDACITE-E-INAPYMI1-.jpeg\" alt=\"\" width=\"750\" height=\"355\" srcset=\"https:\/\/inces.gob.ve\/wp-content\/uploads\/2019\/09\/INCES-FEDEINDUSTRIA-FUNDACITE-E-INAPYMI1-.jpeg 750w, https:\/\/inces.gob.ve\/wp-content\/uploads\/2019\/09\/INCES-FEDEINDUSTRIA-FUNDACITE-E-INAPYMI1--300x142.jpeg 300w\" sizes=\"auto, (max-width: 750px) 100vw, 750px\" \/><\/span><\/span><\/p>\n<p align=\"justify\"><span style=\"font-family: Arial, sans-serif;\"><span style=\"font-size: x-large;\">Se\u00f1alo Angel que la alta demanda en materia de formaci\u00f3n ser\u00e1 para el procesamiento de alimentos, y el crecimiento del pueblo venezolano como pertinencia de la formaci\u00f3n, y con esta alianza se cristaliza un esfuerzo conjunto con Fedeindustria y\u00a0 Fundacite .<\/span><\/span><\/p>\n<p align=\"justify\"><span style=\"font-family: Arial, sans-serif;\"><span style=\"font-size: x-large;\"><img loading=\"lazy\" decoding=\"async\" class=\"aligncenter wp-image-31448 size-full\" src=\"http:\/\/www.inces.gob.ve\/wp-content\/uploads\/2019\/09\/Inces-FEDEINDUSTRIA-FUNDACITE-E-INAPYMI2-.jpeg\" alt=\"\" width=\"750\" height=\"355\" srcset=\"https:\/\/inces.gob.ve\/wp-content\/uploads\/2019\/09\/Inces-FEDEINDUSTRIA-FUNDACITE-E-INAPYMI2-.jpeg 750w, https:\/\/inces.gob.ve\/wp-content\/uploads\/2019\/09\/Inces-FEDEINDUSTRIA-FUNDACITE-E-INAPYMI2--300x142.jpeg 300w\" sizes=\"auto, (max-width: 750px) 100vw, 750px\" \/><\/span><\/span><\/p>\n<p align=\"justify\"><span style=\"font-family: Arial, sans-serif;\"><span style=\"font-size: x-large;\"><span lang=\"es-ES\">El presidente del Inces se\u00f1al\u00f3 que la educaci\u00f3n venezolana debe ser colectiva, solidaria, robinsoniana y transformadora lo que garantizar\u00e1 que sea protagonista del cambio social en Venezuela.<\/span><\/span><\/span><\/p>\n","protected":false},"excerpt":{"rendered":"<p>** El Instituto Nacional de Capacitaci\u00f3n y Educaci\u00f3n Socialista (Inces) Carabobo firm\u00f3 alianza estrat\u00e9gica con Fedeindustria y\u00a0 Fundacite , para potenciar la formaci\u00f3n, producci\u00f3n emprendimiento y financiamiento de los participantes en materia de procesamiento de alimentos.<\/p>\n","protected":false},"author":15,"featured_media":31454,"comment_status":"closed","ping_status":"closed","sticky":false,"template":"","format":"standard","meta":{"footnotes":""},"categories":[2],"tags":[],"class_list":["post-31446","post","type-post","status-publish","format-standard","has-post-thumbnail","hentry","category-blog"],"_links":{"self":[{"href":"https:\/\/inces.gob.ve\/index.php\/wp-json\/wp\/v2\/posts\/31446","targetHints":{"allow":["GET"]}}],"collection":[{"href":"https:\/\/inces.gob.ve\/index.php\/wp-json\/wp\/v2\/posts"}],"about":[{"href":"https:\/\/inces.gob.ve\/index.php\/wp-json\/wp\/v2\/types\/post"}],"author":[{"embeddable":true,"href":"https:\/\/inces.gob.ve\/index.php\/wp-json\/wp\/v2\/users\/15"}],"replies":[{"embeddable":true,"href":"https:\/\/inces.gob.ve\/index.php\/wp-json\/wp\/v2\/comments?post=31446"}],"version-history":[{"count":5,"href":"https:\/\/inces.gob.ve\/index.php\/wp-json\/wp\/v2\/posts\/31446\/revisions"}],"predecessor-version":[{"id":31468,"href":"https:\/\/inces.gob.ve\/index.php\/wp-json\/wp\/v2\/posts\/31446\/revisions\/31468"}],"wp:featuredmedia":[{"embeddable":true,"href":"https:\/\/inces.gob.ve\/index.php\/wp-json\/wp\/v2\/media\/31454"}],"wp:attachment":[{"href":"https:\/\/inces.gob.ve\/index.php\/wp-json\/wp\/v2\/media?parent=31446"}],"wp:term":[{"taxonomy":"category","embeddable":true,"href":"https:\/\/inces.gob.ve\/index.php\/wp-json\/wp\/v2\/categories?post=31446"},{"taxonomy":"post_tag","embeddable":true,"href":"https:\/\/inces.gob.ve\/index.php\/wp-json\/wp\/v2\/tags?post=31446"}],"curies":[{"name":"wp","href":"https:\/\/api.w.org\/{rel}","templated":true}]}}