{"id":31521,"date":"2019-09-25T12:19:27","date_gmt":"2019-09-25T18:19:27","guid":{"rendered":"http:\/\/www.inces.gob.ve\/?p=31521"},"modified":"2020-05-28T20:25:52","modified_gmt":"2020-05-29T00:25:52","slug":"falcon-culmino-curso-de-asistencia-al-adulto-mayor","status":"publish","type":"post","link":"https:\/\/inces.gob.ve\/index.php\/2019\/09\/25\/falcon-culmino-curso-de-asistencia-al-adulto-mayor\/","title":{"rendered":"Falc\u00f3n| Culmin\u00f3 curso de Asistencia al Adulto Mayor"},"content":{"rendered":"<p align=\"justify\"><span style=\"font-family: Arial, sans-serif;\"><span style=\"font-size: x-large;\"><i><b>**Dieciseis participantes realizaron las pr\u00e1cticas profesionales en el Geri\u00e1trico \u201cDolores Beauj\u00f3n\u201d en Coro, poniendo al servicio de los abuelos los conocimientos adquiridos durante cuatro meses de formaci\u00f3n<\/b><\/i><\/span><\/span><\/p>\n<p align=\"justify\"><!--more--><\/p>\n<p align=\"justify\"><span style=\"font-family: Arial, sans-serif;\"><span style=\"font-size: x-large;\"><b>MIRIAM GONZ\u00c1LEZ VILLARROEL | Inces Falc\u00f3n<\/b><\/span><\/span><\/p>\n<p align=\"justify\">\n<p align=\"justify\">\u201c<span style=\"font-family: Arial, sans-serif;\"><span style=\"font-size: x-large;\">Las batallas de la vida son continuas, y no las gana el m\u00e1s fuerte, sino el que no duda en ning\u00fan momento, que es Dios quien da la victoria\u201d, as\u00ed se expres\u00f3 el ni\u00f1o Carlos Hern\u00e1ndez, quien se dirigi\u00f3 a los abuelos en el acto de entrega de constancias a los participantes del curso: <b>Asistencia al Adulto Mayor.<\/b><\/span><\/span><\/p>\n<p align=\"justify\"><span style=\"font-family: Arial, sans-serif;\"><span style=\"font-size: x-large;\">La actividad de cierre se desarroll\u00f3 en los espacios del centro gerontol\u00f3gico \u201cDr. Jos\u00e9 Dolores Beaujon\u201d de Coro, tras culminar 424 horas de aprendizajes productivos. Explic\u00f3 la maestra t\u00e9cnico productivo (MTP) Eva Mar\u00eda Mart\u00ednez, del Programa Salud del Inces Falc\u00f3n, que los 16 participantes realizaron presentaciones sobre las patolog\u00edas m\u00e1s frecuentes en los adultos mayores, artritis, artrosis, di\u00e1betes, desnutrici\u00f3n, enfermedades neurodegenerativas, de igual forma, sobre primeros auxilios, h\u00e1bitos saludables y cuidado del adulto mayor, entre otras importantes, para luego dar paso a las actividades culturales, presentaciones de obras de teatro, bailes y dramatizaciones.<\/span><\/span><\/p>\n<p align=\"justify\"><span style=\"font-family: Arial, sans-serif;\"><span style=\"font-size: x-large;\"><img loading=\"lazy\" decoding=\"async\" class=\"aligncenter wp-image-31524 size-full\" src=\"http:\/\/www.inces.gob.ve\/wp-content\/uploads\/2019\/09\/Inces-curso-de-Asistencia-al-Adulto3-.jpg\" alt=\"\" width=\"800\" height=\"600\" srcset=\"https:\/\/inces.gob.ve\/wp-content\/uploads\/2019\/09\/Inces-curso-de-Asistencia-al-Adulto3-.jpg 800w, https:\/\/inces.gob.ve\/wp-content\/uploads\/2019\/09\/Inces-curso-de-Asistencia-al-Adulto3--300x225.jpg 300w, https:\/\/inces.gob.ve\/wp-content\/uploads\/2019\/09\/Inces-curso-de-Asistencia-al-Adulto3--768x576.jpg 768w, https:\/\/inces.gob.ve\/wp-content\/uploads\/2019\/09\/Inces-curso-de-Asistencia-al-Adulto3--136x102.jpg 136w\" sizes=\"auto, (max-width: 800px) 100vw, 800px\" \/><\/span><\/span><\/p>\n<p align=\"justify\"><span style=\"font-family: Arial, sans-serif;\"><span style=\"font-size: x-large;\">En esta actividad dijo, Mart\u00ednez, se involucraron los Clubes de Adultos Mayores: Disfrutar la Vida y el Arca de la Nueva Alianza; con la obra teatral: \u201cEl Testamento de Prudencio\u201d y el mon\u00f3logo: El Adulto Mayor, respectivamente.<\/span><\/span><\/p>\n<p align=\"justify\"><span style=\"font-family: Arial, sans-serif;\"><span style=\"font-size: x-large;\"><b>Personal calificado<\/b><\/span><\/span><\/p>\n<p align=\"justify\"><span style=\"font-family: Arial, sans-serif;\"><span style=\"font-size: x-large;\">Por su parte la gerente regional del Inces Falc\u00f3n, Eneyda Mart\u00ednez, consider\u00f3 que la formaci\u00f3n profesional estuvo dirigida a j\u00f3venes, quienes ahora est\u00e1n aptos para incursionar en el mundo laboral atendiendo a personas sanas y enfermas.\u201dEste grupo de participantes, realizaron las pr\u00e1cticas profesionales durante tres semanas en el geri\u00e1trico de Coro, tiempo en el cual, tuvieron la oportunidad de efectuar actividades f\u00edsicas, recreativas, culturales, ofreci\u00e9ndoles a los abuelos atenci\u00f3n b\u00e1sica y apoyo emocional en las tareas cotidianas.<\/span><\/span><\/p>\n<p align=\"justify\"><span style=\"font-family: Arial, sans-serif;\"><span style=\"font-size: x-large;\"><img loading=\"lazy\" decoding=\"async\" class=\"aligncenter wp-image-31525 size-full\" src=\"http:\/\/www.inces.gob.ve\/wp-content\/uploads\/2019\/09\/Inces-curso-de-Asistencia-al-Adulto2-.jpg\" alt=\"\" width=\"800\" height=\"718\" srcset=\"https:\/\/inces.gob.ve\/wp-content\/uploads\/2019\/09\/Inces-curso-de-Asistencia-al-Adulto2-.jpg 800w, https:\/\/inces.gob.ve\/wp-content\/uploads\/2019\/09\/Inces-curso-de-Asistencia-al-Adulto2--300x269.jpg 300w, https:\/\/inces.gob.ve\/wp-content\/uploads\/2019\/09\/Inces-curso-de-Asistencia-al-Adulto2--768x689.jpg 768w\" sizes=\"auto, (max-width: 800px) 100vw, 800px\" \/><\/span><\/span><\/p>\n<p align=\"justify\">\u201c<span style=\"font-family: Arial, sans-serif;\"><span style=\"font-size: x-large;\">Los abuelos necesitan estar motivados y este personal est\u00e1 capacitado para trabajar en hospitales, centros de diagn\u00f3stico integral (CDI) y unidades geri\u00e1tricas, ya que est\u00e1n formados para resolver los principales problemas referentes a la promoci\u00f3n, protecci\u00f3n, recuperaci\u00f3n y rehabilitaci\u00f3n de la salud de los pacientes de la tercera edad de forma integral\u201d, expres\u00f3 Mart\u00ednez.<\/span><\/span><\/p>\n<p align=\"justify\"><span style=\"font-family: Arial, sans-serif;\"><span style=\"font-size: x-large;\"><b>Experiencias<\/b><\/span><\/span><\/p>\n<p align=\"justify\"><span style=\"font-family: Arial, sans-serif;\"><span style=\"font-size: x-large;\">Para Josefina Pimentel, el respeto debe prevalecer cuando se cuida de personas de la tercera edad, \u201cla edad no limita, pero hay que mantenerlos motivados, es una experiencia muy bonita y hay que hacerlos sentir que ellos valen mucho\u201d.<\/span><\/span><\/p>\n<p align=\"justify\"><span style=\"font-family: Arial, sans-serif;\"><span style=\"font-size: x-large;\"><img loading=\"lazy\" decoding=\"async\" class=\"aligncenter wp-image-31526 size-full\" src=\"http:\/\/www.inces.gob.ve\/wp-content\/uploads\/2019\/09\/Inces-curso-de-Asistencia-al-Adulto1-.jpg\" alt=\"\" width=\"800\" height=\"516\" srcset=\"https:\/\/inces.gob.ve\/wp-content\/uploads\/2019\/09\/Inces-curso-de-Asistencia-al-Adulto1-.jpg 800w, https:\/\/inces.gob.ve\/wp-content\/uploads\/2019\/09\/Inces-curso-de-Asistencia-al-Adulto1--300x194.jpg 300w, https:\/\/inces.gob.ve\/wp-content\/uploads\/2019\/09\/Inces-curso-de-Asistencia-al-Adulto1--768x495.jpg 768w\" sizes=\"auto, (max-width: 800px) 100vw, 800px\" \/><\/span><\/span><\/p>\n<p align=\"justify\"><span style=\"font-family: Arial, sans-serif;\"><span style=\"font-size: x-large;\">De igual forma Cruz Capiello de Montilla, present\u00f3 la obra: \u201cLa Guerra de los Precios\u201d, quien manifest\u00f3 que la situaci\u00f3n que vive actualmente el pa\u00eds, lo ha puesto creativos. \u201cCada quien se las ha ingeniado para que nuestro pa\u00eds salga adelante, pong\u00e1monos a producir y a disfrutar de la vida y estamos muy agradecidos con el Programa Salud del Inces, quien se ha esmerado en impartir este curso, cuyos conocimientos son vitales para atender a los adultos mayores\u201d.<\/span><\/span><\/p>\n<p align=\"justify\"><span style=\"font-family: Arial, sans-serif;\"><span style=\"font-size: x-large;\"><img loading=\"lazy\" decoding=\"async\" class=\"aligncenter wp-image-31523 size-full\" src=\"http:\/\/www.inces.gob.ve\/wp-content\/uploads\/2019\/09\/Inces-curso-de-Asistencia-al-Adulto4-.jpg\" alt=\"\" width=\"800\" height=\"450\" srcset=\"https:\/\/inces.gob.ve\/wp-content\/uploads\/2019\/09\/Inces-curso-de-Asistencia-al-Adulto4-.jpg 800w, https:\/\/inces.gob.ve\/wp-content\/uploads\/2019\/09\/Inces-curso-de-Asistencia-al-Adulto4--300x169.jpg 300w, https:\/\/inces.gob.ve\/wp-content\/uploads\/2019\/09\/Inces-curso-de-Asistencia-al-Adulto4--768x432.jpg 768w\" sizes=\"auto, (max-width: 800px) 100vw, 800px\" \/><\/span><\/span><\/p>\n","protected":false},"excerpt":{"rendered":"<p>**Dieciseis participantes realizaron las pr\u00e1cticas profesionales en el Geri\u00e1trico \u201cDolores Beauj\u00f3n\u201d en Coro, poniendo al servicio de los abuelos los conocimientos adquiridos durante cuatro meses de formaci\u00f3n<\/p>\n","protected":false},"author":15,"featured_media":31522,"comment_status":"closed","ping_status":"closed","sticky":false,"template":"","format":"standard","meta":{"footnotes":""},"categories":[2],"tags":[],"class_list":["post-31521","post","type-post","status-publish","format-standard","has-post-thumbnail","hentry","category-blog"],"_links":{"self":[{"href":"https:\/\/inces.gob.ve\/index.php\/wp-json\/wp\/v2\/posts\/31521","targetHints":{"allow":["GET"]}}],"collection":[{"href":"https:\/\/inces.gob.ve\/index.php\/wp-json\/wp\/v2\/posts"}],"about":[{"href":"https:\/\/inces.gob.ve\/index.php\/wp-json\/wp\/v2\/types\/post"}],"author":[{"embeddable":true,"href":"https:\/\/inces.gob.ve\/index.php\/wp-json\/wp\/v2\/users\/15"}],"replies":[{"embeddable":true,"href":"https:\/\/inces.gob.ve\/index.php\/wp-json\/wp\/v2\/comments?post=31521"}],"version-history":[{"count":1,"href":"https:\/\/inces.gob.ve\/index.php\/wp-json\/wp\/v2\/posts\/31521\/revisions"}],"predecessor-version":[{"id":31527,"href":"https:\/\/inces.gob.ve\/index.php\/wp-json\/wp\/v2\/posts\/31521\/revisions\/31527"}],"wp:featuredmedia":[{"embeddable":true,"href":"https:\/\/inces.gob.ve\/index.php\/wp-json\/wp\/v2\/media\/31522"}],"wp:attachment":[{"href":"https:\/\/inces.gob.ve\/index.php\/wp-json\/wp\/v2\/media?parent=31521"}],"wp:term":[{"taxonomy":"category","embeddable":true,"href":"https:\/\/inces.gob.ve\/index.php\/wp-json\/wp\/v2\/categories?post=31521"},{"taxonomy":"post_tag","embeddable":true,"href":"https:\/\/inces.gob.ve\/index.php\/wp-json\/wp\/v2\/tags?post=31521"}],"curies":[{"name":"wp","href":"https:\/\/api.w.org\/{rel}","templated":true}]}}