{"id":31528,"date":"2019-09-25T12:31:47","date_gmt":"2019-09-25T18:31:47","guid":{"rendered":"http:\/\/www.inces.gob.ve\/?p=31528"},"modified":"2020-05-28T20:25:52","modified_gmt":"2020-05-29T00:25:52","slug":"merida-dia-internacional-del-turismo-porque-todos-tenemos-derecho-a-la-integracion","status":"publish","type":"post","link":"https:\/\/inces.gob.ve\/index.php\/2019\/09\/25\/merida-dia-internacional-del-turismo-porque-todos-tenemos-derecho-a-la-integracion\/","title":{"rendered":"M\u00e9rida|  D\u00eda Internacional del Turismo   \u201cPorque Todos Tenemos Derecho a la Integraci\u00f3n\u201d"},"content":{"rendered":"<p align=\"justify\"><span style=\"color: #000000;\"><span style=\"font-family: Arial, sans-serif;\"><span style=\"font-size: x-large;\">**<i> <\/i><i><b>El Inces present\u00f3 su experiencia de formaci\u00f3n y capacitaci\u00f3n en las \u00e1reas de turismo y hoteler\u00eda con participantes con discapacidad<\/b><\/i><\/span><\/span><\/span><\/p>\n<p align=\"justify\"><!--more--><\/p>\n<p align=\"justify\"><span style=\"color: #000000;\"><span style=\"font-family: Arial, sans-serif;\"><span style=\"font-size: x-large;\"><b>NADIA LOBO<\/b>| Inces-M\u00e9rida <\/span><\/span><\/span><\/p>\n<p align=\"justify\"><span style=\"color: #000000;\"> <span style=\"font-family: Arial, sans-serif;\"><span style=\"font-size: x-large;\">En el marco del D\u00eda Internacional del Turismo, y bajo el eslogan \u201cTurismo y Empleo: Un Futuro Mejor para Todos\u201d, diferentes instituciones comprometidas con la formaci\u00f3n de \u00e9ste importante sector, han unificado esfuerzos para celebrar la efem\u00e9rides, enfatizando la capacitaci\u00f3n como elemento indispensable en el impulso de la recreaci\u00f3n y esparcimiento a lo largo y ancho del estado M\u00e9rida.<\/span><\/span><\/span><\/p>\n<p align=\"justify\">\n<p align=\"justify\"><span style=\"color: #000000;\"><span style=\"font-family: Arial, sans-serif;\"><span style=\"font-size: x-large;\"> En \u00e9ste sentido, el Inces como instituci\u00f3n dedicada a la formaci\u00f3n y a la capacitaci\u00f3n particip\u00f3 con la ponencia \u201c Porque Todos Tenemos Derecho a la Integraci\u00f3n\u201d a cargo de la maestro t\u00e9cnica productiva (MTP) Belky Villarreal, facilitadora del programa turismo, quien en los \u00faltimos a\u00f1os ha tenido la maravillosa experiencia de compartir, formar e intercambiar con j\u00f3venes meride\u00f1os con discapacidad motora, dificultad de aprendizaje, o alguna limitaci\u00f3n, que no les impiden desempe\u00f1arse en tareas relacionadas con el sector.<\/span><\/span><\/span><\/p>\n<p align=\"justify\"><span style=\"color: #000000;\"><span style=\"font-family: Arial, sans-serif;\"><span style=\"font-size: x-large;\"><img loading=\"lazy\" decoding=\"async\" class=\"aligncenter wp-image-31531 size-full\" src=\"http:\/\/www.inces.gob.ve\/wp-content\/uploads\/2019\/09\/Inces-formaci\u00f3n-capacitaci\u00f3n-\u00e1reas-de-turismo-hoteler\u00eda2-.jpg\" alt=\"\" width=\"800\" height=\"450\" srcset=\"https:\/\/inces.gob.ve\/wp-content\/uploads\/2019\/09\/Inces-formaci\u00f3n-capacitaci\u00f3n-\u00e1reas-de-turismo-hoteler\u00eda2-.jpg 800w, https:\/\/inces.gob.ve\/wp-content\/uploads\/2019\/09\/Inces-formaci\u00f3n-capacitaci\u00f3n-\u00e1reas-de-turismo-hoteler\u00eda2--300x169.jpg 300w, https:\/\/inces.gob.ve\/wp-content\/uploads\/2019\/09\/Inces-formaci\u00f3n-capacitaci\u00f3n-\u00e1reas-de-turismo-hoteler\u00eda2--768x432.jpg 768w\" sizes=\"auto, (max-width: 800px) 100vw, 800px\" \/><\/span><\/span><\/span><\/p>\n<p align=\"justify\">\n<p align=\"justify\"><span style=\"color: #000000;\"><span style=\"font-family: Arial, sans-serif;\"><span style=\"font-size: x-large;\"> La semana de celebraci\u00f3n inici\u00f3 en las instalaciones de la UNEFA-M\u00e9rida y cont\u00f3 con la participaci\u00f3n de estudiantes del Taller Especial Laboral Estadal (TELE) \u201cDomingo Pe\u00f1a\u201d ubicada en la zona norte de la ciudad de M\u00e9rida, quienes hicieron una peque\u00f1a demostraci\u00f3n de sus aprendizajes adquirido a trav\u00e9s del programa Turismo del Inces, que les permite a los j\u00f3venes de educaci\u00f3n especial, fortalecer su aprendizaje dentro de la menci\u00f3n experiencia profesional. <\/span><\/span><\/span><\/p>\n<p align=\"justify\"><img loading=\"lazy\" decoding=\"async\" class=\"aligncenter wp-image-31529 size-full\" src=\"http:\/\/www.inces.gob.ve\/wp-content\/uploads\/2019\/09\/Inces-formaci\u00f3n-capacitaci\u00f3n-\u00e1reas-de-turismo-hoteler\u00eda5-.jpg\" alt=\"\" width=\"800\" height=\"450\" srcset=\"https:\/\/inces.gob.ve\/wp-content\/uploads\/2019\/09\/Inces-formaci\u00f3n-capacitaci\u00f3n-\u00e1reas-de-turismo-hoteler\u00eda5-.jpg 800w, https:\/\/inces.gob.ve\/wp-content\/uploads\/2019\/09\/Inces-formaci\u00f3n-capacitaci\u00f3n-\u00e1reas-de-turismo-hoteler\u00eda5--300x169.jpg 300w, https:\/\/inces.gob.ve\/wp-content\/uploads\/2019\/09\/Inces-formaci\u00f3n-capacitaci\u00f3n-\u00e1reas-de-turismo-hoteler\u00eda5--768x432.jpg 768w\" sizes=\"auto, (max-width: 800px) 100vw, 800px\" \/><\/p>\n<p align=\"justify\"><span style=\"color: #000000;\"><span style=\"font-family: Arial, sans-serif;\"><span style=\"font-size: x-large;\"> De igual manera participaron estudiantes de la carrera Turismo y profesores de la UNEFA, personal del Inces, as\u00ed como p\u00fablico en general, quienes mostraron sensibilizaci\u00f3n por el tema de integraci\u00f3n, no s\u00f3lo en el \u00e1rea del turismo, sino en diferentes oficios.<\/span><\/span><\/span><\/p>\n<p align=\"justify\">\n<p align=\"justify\"><span style=\"color: #000000;\"><span style=\"font-family: Arial, sans-serif;\"><span style=\"font-size: x-large;\"> Otra de las ponencias que se desarrollaron durante la jornada, fue la correspondiente a \u201cTurismo de Todos y Para Todos\u201d, que le correspondi\u00f3 al profesor Juan Lujan, docente de la Universidad Polit\u00e9cnica Territorial de M\u00e9rida \u201cKleber Ram\u00edrez\u201d (UPTM), quien destac\u00f3 la importancia de la preparaci\u00f3n y orientaci\u00f3n a los prestadores de servicio que de manera directa e indirecta este relacionados con el sector.<\/span><\/span><\/span><\/p>\n<p align=\"justify\"><img loading=\"lazy\" decoding=\"async\" class=\"aligncenter wp-image-31530 size-full\" src=\"http:\/\/www.inces.gob.ve\/wp-content\/uploads\/2019\/09\/Inces-formaci\u00f3n-capacitaci\u00f3n-\u00e1reas-de-turismo-hoteler\u00eda3-.jpg\" alt=\"\" width=\"800\" height=\"450\" srcset=\"https:\/\/inces.gob.ve\/wp-content\/uploads\/2019\/09\/Inces-formaci\u00f3n-capacitaci\u00f3n-\u00e1reas-de-turismo-hoteler\u00eda3-.jpg 800w, https:\/\/inces.gob.ve\/wp-content\/uploads\/2019\/09\/Inces-formaci\u00f3n-capacitaci\u00f3n-\u00e1reas-de-turismo-hoteler\u00eda3--300x169.jpg 300w, https:\/\/inces.gob.ve\/wp-content\/uploads\/2019\/09\/Inces-formaci\u00f3n-capacitaci\u00f3n-\u00e1reas-de-turismo-hoteler\u00eda3--768x432.jpg 768w\" sizes=\"auto, (max-width: 800px) 100vw, 800px\" \/><\/p>\n<p align=\"justify\"><span style=\"color: #000000;\"><span style=\"font-family: Arial, sans-serif;\"><span style=\"font-size: x-large;\"> El Inces como instituto de capacitaci\u00f3n esta comprometido y avanza en la formaci\u00f3n en oficios; certificaci\u00f3n y acreditaci\u00f3n en saberes; acompa\u00f1amiento en los proyectos socio-productivos, tanto del sector comunal, como los sectores p\u00fablico y privado.<\/span><\/span><\/span><\/p>\n<p align=\"justify\">\n","protected":false},"excerpt":{"rendered":"<p>** El Inces present\u00f3 su experiencia de formaci\u00f3n y capacitaci\u00f3n en las \u00e1reas de turismo y hoteler\u00eda con participantes con discapacidad<\/p>\n","protected":false},"author":15,"featured_media":31532,"comment_status":"closed","ping_status":"closed","sticky":false,"template":"","format":"standard","meta":{"footnotes":""},"categories":[2],"tags":[],"class_list":["post-31528","post","type-post","status-publish","format-standard","has-post-thumbnail","hentry","category-blog"],"_links":{"self":[{"href":"https:\/\/inces.gob.ve\/index.php\/wp-json\/wp\/v2\/posts\/31528","targetHints":{"allow":["GET"]}}],"collection":[{"href":"https:\/\/inces.gob.ve\/index.php\/wp-json\/wp\/v2\/posts"}],"about":[{"href":"https:\/\/inces.gob.ve\/index.php\/wp-json\/wp\/v2\/types\/post"}],"author":[{"embeddable":true,"href":"https:\/\/inces.gob.ve\/index.php\/wp-json\/wp\/v2\/users\/15"}],"replies":[{"embeddable":true,"href":"https:\/\/inces.gob.ve\/index.php\/wp-json\/wp\/v2\/comments?post=31528"}],"version-history":[{"count":2,"href":"https:\/\/inces.gob.ve\/index.php\/wp-json\/wp\/v2\/posts\/31528\/revisions"}],"predecessor-version":[{"id":31534,"href":"https:\/\/inces.gob.ve\/index.php\/wp-json\/wp\/v2\/posts\/31528\/revisions\/31534"}],"wp:featuredmedia":[{"embeddable":true,"href":"https:\/\/inces.gob.ve\/index.php\/wp-json\/wp\/v2\/media\/31532"}],"wp:attachment":[{"href":"https:\/\/inces.gob.ve\/index.php\/wp-json\/wp\/v2\/media?parent=31528"}],"wp:term":[{"taxonomy":"category","embeddable":true,"href":"https:\/\/inces.gob.ve\/index.php\/wp-json\/wp\/v2\/categories?post=31528"},{"taxonomy":"post_tag","embeddable":true,"href":"https:\/\/inces.gob.ve\/index.php\/wp-json\/wp\/v2\/tags?post=31528"}],"curies":[{"name":"wp","href":"https:\/\/api.w.org\/{rel}","templated":true}]}}