{"id":31536,"date":"2019-09-25T13:05:55","date_gmt":"2019-09-25T19:05:55","guid":{"rendered":"http:\/\/www.inces.gob.ve\/?p=31536"},"modified":"2020-05-28T20:25:52","modified_gmt":"2020-05-29T00:25:52","slug":"araguacon-el-bachillerato-productivo-desde-el-inces-todo-es-posible","status":"publish","type":"post","link":"https:\/\/inces.gob.ve\/index.php\/2019\/09\/25\/araguacon-el-bachillerato-productivo-desde-el-inces-todo-es-posible\/","title":{"rendered":"Aragua|Con el Bachillerato Productivo desde el Inces todo es posible"},"content":{"rendered":"<p align=\"justify\"><span style=\"color: #000000;\"><span style=\"font-family: Arial, sans-serif;\"><span style=\"font-size: x-large;\"><b>**<i>Brindando nuevas oportunidades de superaci\u00f3n, por medio de la demostraci\u00f3n y reconocimiento de los saberes se inici\u00f3 la sexta oleada de Bachilleres Productivos desde el ambiente La Romana con 20 participantes. <\/i><\/b><\/span><\/span><\/span><!--more--><\/p>\n<p align=\"justify\">\n<p align=\"justify\"><span style=\"color: #000000;\"><span style=\"font-family: Arial, sans-serif;\"><span style=\"font-size: x-large;\"><b>NINOSKA PATRIZ | Aragua<\/b><\/span><\/span><\/span><\/p>\n<p align=\"justify\"><span style=\"color: #000000;\"><span style=\"font-family: Arial, sans-serif;\"><span style=\"font-size: x-large;\">Mar\u00eda Jos\u00e9 D\u00edaz, responsable de la Unidad Educativa Inces Aragua coment\u00f3, que \u201c\u00e9sta iniciativa procede del cambio de paradigmas en la educaci\u00f3n; donde el valor del ser humano procede de los talentos aprendidos\u201d.<\/span><\/span><\/span><\/p>\n<p align=\"justify\"><span style=\"color: #000000;\"><span style=\"font-family: Arial, sans-serif;\"><span style=\"font-size: x-large;\">Durante las primeras semanas de formaci\u00f3n, los futuros Bachilleres Productivos tendr\u00e1n la oportunidad de construir un portafolio argumentativo guiados por sus profesores.\u201cEstos excelentes profesores les apoyar\u00e1n en este viaje para el reconocimiento de habilidades; las cuales han adquirido desde sus m\u00faltiples oficios\u201d, recalc\u00f3 la profesora Angie Chourio, encargada de darles la bienvenida a los participantes.<\/span><\/span><\/span><\/p>\n<p align=\"justify\"><span style=\"color: #000000;\"><span style=\"font-family: Arial, sans-serif;\"><span style=\"font-size: x-large;\"><img loading=\"lazy\" decoding=\"async\" class=\"aligncenter wp-image-31537 size-full\" src=\"http:\/\/www.inces.gob.ve\/wp-content\/uploads\/2019\/09\/Inces-Bachillerato-Productivo2-.jpg\" alt=\"\" width=\"800\" height=\"600\" srcset=\"https:\/\/inces.gob.ve\/wp-content\/uploads\/2019\/09\/Inces-Bachillerato-Productivo2-.jpg 800w, https:\/\/inces.gob.ve\/wp-content\/uploads\/2019\/09\/Inces-Bachillerato-Productivo2--300x225.jpg 300w, https:\/\/inces.gob.ve\/wp-content\/uploads\/2019\/09\/Inces-Bachillerato-Productivo2--768x576.jpg 768w, https:\/\/inces.gob.ve\/wp-content\/uploads\/2019\/09\/Inces-Bachillerato-Productivo2--136x102.jpg 136w\" sizes=\"auto, (max-width: 800px) 100vw, 800px\" \/><\/span><\/span><\/span><\/p>\n<p align=\"justify\"><span style=\"color: #000000;\"><span style=\"font-family: Arial, sans-serif;\"><span style=\"font-size: x-large;\"><b>20 encuentros de formaci\u00f3n productiva<\/b><\/span><\/span><\/span><\/p>\n<p align=\"justify\"><span style=\"color: #000000;\">\u201c<span style=\"font-family: Arial, sans-serif;\"><span style=\"font-size: x-large;\">La idea primordial no es s\u00f3lo cumplir con los 20 encuentros y respectivas evaluaciones, pues se busca sembrar bases fuertes en cuanto valores y la formaci\u00f3n cultural; que deseamos para nuestra patria\u00bb, acot\u00f3 el profesor Orlando Polo, quien es parte de este equipo de formadores.<\/span><\/span><\/span><\/p>\n<p align=\"justify\"><span style=\"color: #000000;\"><span style=\"font-family: Arial, sans-serif;\"><span style=\"font-size: x-large;\">De acuerdo con la jefa del Programa Bachillerato Productivo, los interesados asistir\u00e1n a los ambientes, CFS mas cercanos a sus domicilios.Vale resaltar, que los estudiantes ser\u00e1n reconocidos en las \u00e1reas del Lenguaje, Cultura y Comunicaci\u00f3n, Matem\u00e1tica o habilidad num\u00e9rica, Ciencia naturales (donde tambi\u00e9n est\u00e1 inmersa la qu\u00edmica y la f\u00edsica).<\/span><\/span><\/span><\/p>\n<p align=\"justify\"><span style=\"color: #000000;\"><span style=\"font-family: Arial, sans-serif;\"><span style=\"font-size: x-large;\">Tambi\u00e9n, en Memoria hist\u00f3rica, Territorio y Ciudadan\u00eda (en relaci\u00f3n con la soberan\u00eda nacional) y por \u00faltimo pero no menos importante; su conocimiento en idiomas (incluyendo en esta modalidad la lengua de se\u00f1as).<\/span><\/span><\/span><\/p>\n<p align=\"justify\"><span style=\"color: #000000;\"><span style=\"font-family: Arial, sans-serif;\"><span style=\"font-size: x-large;\">Esto ejemplifica la gran seriedad con la cual se considera el desarrollo de las nociones b\u00e1sicas en redacci\u00f3n, ortograf\u00eda, manejo de cantidades; relacionado con su experiencia o desempe\u00f1o laboral.<\/span><\/span><\/span><\/p>\n<p align=\"justify\"><span style=\"color: #000000;\"><span style=\"font-family: Arial, sans-serif;\"><span style=\"font-size: x-large;\">Por su parte, la profesora Sorangel Blanco expuso, que \u201ctodos los elementos que se toman en cuenta, est\u00e1n vinculados, casi de manera cotidiana en el devenir de los futuros Bachilleres, comenzando por su Biograf\u00eda. Nosotros nos encargamos de recuperar la visi\u00f3n de lo extraordinario, dentro de lo cotidiano\u201d.<\/span><\/span><\/span><\/p>\n<p align=\"justify\"><span style=\"color: #000000;\"><span style=\"font-family: Arial, sans-serif;\"><span style=\"font-size: x-large;\"><b>Requisitos<\/b><\/span><\/span><\/span><\/p>\n<p align=\"justify\"><span style=\"color: #000000;\"><span style=\"font-family: Arial, sans-serif;\"><span style=\"font-size: x-large;\">Los requisitos necesarios para iniciar el bachillerato en la modalidad Productiva son: ser mayor de 15 a\u00f1os de edad, partida de nacimiento (original y copia), presentar c\u00e9dula de identidad (original y copia legible), tener como m\u00ednimo un a\u00f1o desvinculado del sistema de educaci\u00f3n.<\/span><\/span><\/span><\/p>\n<p align=\"justify\"><span style=\"color: #000000;\"><span style=\"font-family: Arial, sans-serif;\"><span style=\"font-size: x-large;\">Adem\u00e1s, dos (2) fotograf\u00edas tipo carn\u00e9t, constancia o comprobante de aprobaci\u00f3n de 6to grado y boleta de aprobaci\u00f3n de sexto grado o certificado de calificaciones (original y copia) para aquellos que iniciaron en alg\u00fan momento los estudios de bachillerato.<\/span><\/span><\/span><\/p>\n<p align=\"justify\"><span style=\"color: #000000;\">\u201c<span style=\"font-family: Arial, sans-serif;\"><span style=\"font-size: x-large;\">Nos han dominado m\u00e1s por la ignorancia que por la fuerza\u201d, dijo Sim\u00f3n Bol\u00edvar. Por eso, hoy muchos a\u00f1os despu\u00e9s seguimos combatiendo y revolucionado; \u201ceste aspecto con la luz del conocimiento y enalteciendo las experiencias que han sentado precedente en nuestras vidas, agreg\u00f3 D\u00edaz.<\/span><\/span><\/span><\/p>\n<p align=\"justify\">\n","protected":false},"excerpt":{"rendered":"<p>**Brindando nuevas oportunidades de superaci\u00f3n, por medio de la demostraci\u00f3n y reconocimiento de los saberes se inici\u00f3 la sexta oleada de Bachilleres Productivos desde el ambiente La Romana con 20 participantes.<\/p>\n","protected":false},"author":15,"featured_media":31538,"comment_status":"closed","ping_status":"closed","sticky":false,"template":"","format":"standard","meta":{"footnotes":""},"categories":[2],"tags":[],"class_list":["post-31536","post","type-post","status-publish","format-standard","has-post-thumbnail","hentry","category-blog"],"_links":{"self":[{"href":"https:\/\/inces.gob.ve\/index.php\/wp-json\/wp\/v2\/posts\/31536","targetHints":{"allow":["GET"]}}],"collection":[{"href":"https:\/\/inces.gob.ve\/index.php\/wp-json\/wp\/v2\/posts"}],"about":[{"href":"https:\/\/inces.gob.ve\/index.php\/wp-json\/wp\/v2\/types\/post"}],"author":[{"embeddable":true,"href":"https:\/\/inces.gob.ve\/index.php\/wp-json\/wp\/v2\/users\/15"}],"replies":[{"embeddable":true,"href":"https:\/\/inces.gob.ve\/index.php\/wp-json\/wp\/v2\/comments?post=31536"}],"version-history":[{"count":1,"href":"https:\/\/inces.gob.ve\/index.php\/wp-json\/wp\/v2\/posts\/31536\/revisions"}],"predecessor-version":[{"id":31539,"href":"https:\/\/inces.gob.ve\/index.php\/wp-json\/wp\/v2\/posts\/31536\/revisions\/31539"}],"wp:featuredmedia":[{"embeddable":true,"href":"https:\/\/inces.gob.ve\/index.php\/wp-json\/wp\/v2\/media\/31538"}],"wp:attachment":[{"href":"https:\/\/inces.gob.ve\/index.php\/wp-json\/wp\/v2\/media?parent=31536"}],"wp:term":[{"taxonomy":"category","embeddable":true,"href":"https:\/\/inces.gob.ve\/index.php\/wp-json\/wp\/v2\/categories?post=31536"},{"taxonomy":"post_tag","embeddable":true,"href":"https:\/\/inces.gob.ve\/index.php\/wp-json\/wp\/v2\/tags?post=31536"}],"curies":[{"name":"wp","href":"https:\/\/api.w.org\/{rel}","templated":true}]}}