{"id":31540,"date":"2019-09-25T13:20:03","date_gmt":"2019-09-25T19:20:03","guid":{"rendered":"http:\/\/www.inces.gob.ve\/?p=31540"},"modified":"2020-05-28T20:25:52","modified_gmt":"2020-05-29T00:25:52","slug":"carabobo-comunidades-organizadas-realizan-proceso-de-formacion-en-produccion-de-semilla","status":"publish","type":"post","link":"https:\/\/inces.gob.ve\/index.php\/2019\/09\/25\/carabobo-comunidades-organizadas-realizan-proceso-de-formacion-en-produccion-de-semilla\/","title":{"rendered":"Carabobo| Comunidades organizadas realizan Proceso de Formaci\u00f3n en Producci\u00f3n de Semilla"},"content":{"rendered":"<p align=\"justify\"><span style=\"font-family: Arial, sans-serif;\"><span style=\"font-size: x-large;\"><b>**<i> Esta es una iniciativa de la Coordinaci\u00f3n del Programa de Formaci\u00f3n de Agr\u00edcola del Instituto Nacional de Capacitaci\u00f3n y Educaci\u00f3n Socialista (INCES) en la regi\u00f3n, adem\u00e1s de la articulaci\u00f3n del programa de Todas las Manos a la Siembra (PTMS) del estado Carabobo, Alimentos Carabobo C.A. (ALINCA).<\/i><\/b><\/span><\/span><!--more--><\/p>\n<p align=\"justify\">\n<p align=\"justify\"><span style=\"color: #000000;\"><span style=\"font-family: Arial, sans-serif;\"><span style=\"font-size: x-large;\"><b>Atilia Cortez\/<\/b>Carabobo<\/span><\/span><\/span><\/p>\n<p align=\"justify\"><span style=\"color: #000000;\"><span style=\"font-family: Arial, sans-serif;\"><span style=\"font-size: x-large;\">El proceso de formaci\u00f3n y producci\u00f3n de semillas campesina es una iniciativa de la Coordinaci\u00f3n del Programa de Formaci\u00f3n de Agr\u00edcola del Instituto Nacional de Capacitaci\u00f3n y Educaci\u00f3n Socialista (INCES) de la regi\u00f3n Carabobo, del Programa de Todas las Manos a la Siembra PTMS) del estado Carabobo, Alimentos Carabobo C.A. (ALINCA) de la Gobernaci\u00f3n Bolivariana del Estado Carabobo.<\/span><\/span><\/span><\/p>\n<p align=\"justify\"><span style=\"color: #000000;\"><span style=\"font-family: Arial, sans-serif;\"><span style=\"font-size: x-large;\">R\u00f3mulo Alvarado coordinador del Programa de Formaci\u00f3n de Agr\u00edcola destac\u00f3 que este proceso de formaci\u00f3n tambi\u00e9n se ha articulado con las familias de la Comunidad Campesina \u201cEl Barniz\u201d de la parroquia Independencia del municipio Libertador, de las Comunas \u201cBel\u00e9n de la Sierra\u201d e \u201cIndio Rangel\u201d, ubicadas en el municipio Carlos Arvelo y la Comuna Agr\u00edcola \u201cVencedores del Campo\u201d ubicada en la parroquia Goaigoaza del municipio Puerto Cabello. <\/span><\/span><\/span><\/p>\n<p align=\"justify\"><img loading=\"lazy\" decoding=\"async\" class=\"aligncenter wp-image-31542 size-full\" src=\"http:\/\/www.inces.gob.ve\/wp-content\/uploads\/2019\/09\/Inces-Formaci\u00f3n-Producci\u00f3n-de-Semilla-3-.jpg\" alt=\"\" width=\"800\" height=\"600\" srcset=\"https:\/\/inces.gob.ve\/wp-content\/uploads\/2019\/09\/Inces-Formaci\u00f3n-Producci\u00f3n-de-Semilla-3-.jpg 800w, https:\/\/inces.gob.ve\/wp-content\/uploads\/2019\/09\/Inces-Formaci\u00f3n-Producci\u00f3n-de-Semilla-3--300x225.jpg 300w, https:\/\/inces.gob.ve\/wp-content\/uploads\/2019\/09\/Inces-Formaci\u00f3n-Producci\u00f3n-de-Semilla-3--768x576.jpg 768w, https:\/\/inces.gob.ve\/wp-content\/uploads\/2019\/09\/Inces-Formaci\u00f3n-Producci\u00f3n-de-Semilla-3--136x102.jpg 136w\" sizes=\"auto, (max-width: 800px) 100vw, 800px\" \/><\/p>\n<p align=\"justify\"><span style=\"color: #000000;\"><span style=\"font-family: Arial, sans-serif;\"><span style=\"font-size: x-large;\">Alvarado explic\u00f3 que desde el a\u00f1o 2018, se han dado a la tarea de planificar acciones conjuntas en el territorio para innovar la agricultura campesina. \u201cEsto es para resolver la situaci\u00f3n de la tenencia y escasez de la semilla, como consecuencia de las acciones de bloqueo y asedio permanente que sufre en la actualidad el pueblo. Y desde la pedagog\u00eda productiva el Inces a trav\u00e9s del proceso revolucionario bolivariano y en sinton\u00eda con nuestro eslogan del Inces Formar Produciendo y Producir Formando, estamos innovando la agricultura Campesina\u201d Acot\u00f3 Alvarado.<\/span><\/span><\/span><\/p>\n<p align=\"justify\">\n<p align=\"justify\"><span style=\"color: #000000;\"><span style=\"font-family: Arial, sans-serif;\"><span style=\"font-size: x-large;\">El coordinador agr\u00edcola R\u00f3ulo Alvarado se\u00f1al\u00f3 que este proceso de organizaci\u00f3n a trav\u00e9s de las alianzas entre las familias, las organizaciones campesinas, las organizaciones de apoyo, da fuerza para enfrentar la incertidumbre que genera la coyuntura actual. \u201cLa organizaci\u00f3n nos ha permitido aprender y cambiar para hacer cosas nuevas y de mejor forma o eficiente, por lo tanto esta integraci\u00f3n o plataforma nos permite potenciar los recursos \u201d. Puntualiz\u00f3 Alvarado.<\/span><\/span><\/span><\/p>\n<p align=\"justify\"><img loading=\"lazy\" decoding=\"async\" class=\"aligncenter wp-image-31546 size-full\" src=\"http:\/\/www.inces.gob.ve\/wp-content\/uploads\/2019\/09\/Inces-Formaci\u00f3n-Producci\u00f3n-de-Semilla-7-.jpg\" alt=\"\" width=\"800\" height=\"600\" srcset=\"https:\/\/inces.gob.ve\/wp-content\/uploads\/2019\/09\/Inces-Formaci\u00f3n-Producci\u00f3n-de-Semilla-7-.jpg 800w, https:\/\/inces.gob.ve\/wp-content\/uploads\/2019\/09\/Inces-Formaci\u00f3n-Producci\u00f3n-de-Semilla-7--300x225.jpg 300w, https:\/\/inces.gob.ve\/wp-content\/uploads\/2019\/09\/Inces-Formaci\u00f3n-Producci\u00f3n-de-Semilla-7--768x576.jpg 768w, https:\/\/inces.gob.ve\/wp-content\/uploads\/2019\/09\/Inces-Formaci\u00f3n-Producci\u00f3n-de-Semilla-7--136x102.jpg 136w\" sizes=\"auto, (max-width: 800px) 100vw, 800px\" \/><\/p>\n<p align=\"justify\"><span style=\"color: #000000;\"><span style=\"font-family: Arial, sans-serif;\"><span style=\"font-size: x-large;\">Es de destacar que El \u201cmundo de las semillas\u201d ha sido alterado y es muy importante saber diferenciar los tipos de semillas, origen, beneficios y perjuicios. \u00bfSabes la diferencia entre una semilla criolla y una semilla mejorada? \u00bfEntre una h\u00edbrida y una transg\u00e9nica? <\/span><\/span><\/span><\/p>\n<p align=\"justify\">\n<p align=\"justify\"><span style=\"color: #000000;\"><span style=\"font-family: Arial, sans-serif;\"><span style=\"font-size: x-large;\">Ahora conozcamos algunos tipo de semillas<\/span><\/span><\/span><\/p>\n<p align=\"justify\">\n<p align=\"justify\"><span style=\"color: #000000;\"><span style=\"font-family: Arial, sans-serif;\"><span style=\"font-size: x-large;\"><b>\u00bfQUE ES UNA SEMILLA CRIOLLA? <\/b><\/span><\/span><\/span><\/p>\n<p align=\"justify\">\n<p align=\"justify\"><span style=\"color: #000000;\"><span style=\"font-family: Arial, sans-serif;\"><span style=\"font-size: x-large;\">Son aquellas que nacen de plantas dom\u00e9sticas a partir de semillas silvestres cultivadas por <\/span><\/span><\/span><\/p>\n<p align=\"justify\"><span style=\"color: #000000;\"><span style=\"font-family: Arial, sans-serif;\"><span style=\"font-size: x-large;\">los antepasados hace miles de a\u00f1os, y que se conservan de generaci\u00f3n en generaci\u00f3n como <\/span><\/span><\/span><\/p>\n<p align=\"justify\"><span style=\"color: #000000;\"><span style=\"font-family: Arial, sans-serif;\"><span style=\"font-size: x-large;\">patrimonio familiar y local. , <\/span><\/span><\/span><\/p>\n<p align=\"justify\">\n<p align=\"justify\"><span style=\"color: #000000;\"><span style=\"font-family: Arial, sans-serif;\"><span style=\"font-size: x-large;\"><b>\u00bfQUE SON SEMILLAS ACRIOLLADAS? <\/b><\/span><\/span><\/span><\/p>\n<p align=\"justify\">\n<p align=\"justify\"><span style=\"color: #000000;\"><span style=\"font-family: Arial, sans-serif;\"><span style=\"font-size: x-large;\">Son las semillas nacidas de variedades de plantas mejoradas tra\u00eddas de otro lugar, o de <\/span><\/span><\/span><\/p>\n<p align=\"justify\"><span style=\"color: #000000;\"><span style=\"font-family: Arial, sans-serif;\"><span style=\"font-size: x-large;\">centros experimentales a nivel nacional, pero que se han venido aclimatando al lugar donde vivimos. <\/span><\/span><\/span><\/p>\n<p align=\"justify\"><span style=\"color: #000000;\"><span style=\"font-family: Arial, sans-serif;\"><span style=\"font-size: x-large;\">Es decir, son semillas adaptadas a cada lugar por haber sido sembradas por el campesinado por m\u00e1s <\/span><\/span><\/span><\/p>\n<p align=\"justify\"><span style=\"color: #000000;\"><span style=\"font-family: Arial, sans-serif;\"><span style=\"font-size: x-large;\">de 15 a\u00f1os. <\/span><\/span><\/span><\/p>\n<p align=\"justify\">\n<p align=\"justify\"><span style=\"color: #000000;\"><span style=\"font-family: Arial, sans-serif;\"><span style=\"font-size: x-large;\"><b>\u00bfQUE SON SEMILLAS MEJORADAS? <\/b><\/span><\/span><\/span><\/p>\n<p align=\"justify\">\n<p align=\"justify\"><span style=\"color: #000000;\"><span style=\"font-family: Arial, sans-serif;\"><span style=\"font-size: x-large;\">Son semillas producidas por plantas escogidas, cruzadas entre diferentes variedades de la <\/span><\/span><\/span><\/p>\n<p align=\"justify\"><span style=\"color: #000000;\"><span style=\"font-family: Arial, sans-serif;\"><span style=\"font-size: x-large;\">misma especie y que buscan ser m\u00e1s productivas. Son seleccionadas en las universidades, <\/span><\/span><\/span><\/p>\n<p align=\"justify\"><span style=\"color: #000000;\"><span style=\"font-family: Arial, sans-serif;\"><span style=\"font-size: x-large;\">instituciones de investigaci\u00f3n y empresas comerciales en su mayor\u00eda de car\u00e1cter privado. <\/span><\/span><\/span><\/p>\n<p align=\"justify\"><img loading=\"lazy\" decoding=\"async\" class=\"aligncenter wp-image-31544 size-full\" src=\"http:\/\/www.inces.gob.ve\/wp-content\/uploads\/2019\/09\/Inces-Formaci\u00f3n-Producci\u00f3n-de-Semilla-1-.jpg\" alt=\"\" width=\"800\" height=\"600\" srcset=\"https:\/\/inces.gob.ve\/wp-content\/uploads\/2019\/09\/Inces-Formaci\u00f3n-Producci\u00f3n-de-Semilla-1-.jpg 800w, https:\/\/inces.gob.ve\/wp-content\/uploads\/2019\/09\/Inces-Formaci\u00f3n-Producci\u00f3n-de-Semilla-1--300x225.jpg 300w, https:\/\/inces.gob.ve\/wp-content\/uploads\/2019\/09\/Inces-Formaci\u00f3n-Producci\u00f3n-de-Semilla-1--768x576.jpg 768w, https:\/\/inces.gob.ve\/wp-content\/uploads\/2019\/09\/Inces-Formaci\u00f3n-Producci\u00f3n-de-Semilla-1--136x102.jpg 136w\" sizes=\"auto, (max-width: 800px) 100vw, 800px\" \/><\/p>\n<p align=\"justify\"><span style=\"color: #000000;\"><span style=\"font-family: Arial, sans-serif;\"><span style=\"font-size: x-large;\"><b>\u00bfQUE SON SEMILLAS H\u00cdBRIDAS? <\/b><\/span><\/span><\/span><\/p>\n<p align=\"justify\">\n<p align=\"justify\"><span style=\"color: #000000;\"><span style=\"font-family: Arial, sans-serif;\"><span style=\"font-size: x-large;\">Son una clase especial de semilla mejorada que se obtiene del cruce de dos plantas de la <\/span><\/span><\/span><\/p>\n<p align=\"justify\"><span style=\"color: #000000;\"><span style=\"font-family: Arial, sans-serif;\"><span style=\"font-size: x-large;\">misma especie, creada para producir grandes rendimientos al momento de la cosecha. Al igual que la <\/span><\/span><\/span><\/p>\n<p align=\"justify\"><span style=\"color: #000000;\"><span style=\"font-family: Arial, sans-serif;\"><span style=\"font-size: x-large;\">semilla mejorada depende mucho de insumo qu\u00edmicos, pero con la desventaja de que sus <\/span><\/span><\/span><\/p>\n<p align=\"justify\"><span style=\"color: #000000;\"><span style=\"font-family: Arial, sans-serif;\"><span style=\"font-size: x-large;\">resultados son \u00fanicamente para la primera cosecha. <\/span><\/span><\/span><\/p>\n<p align=\"justify\">\n<p align=\"justify\"><span style=\"color: #000000;\"><span style=\"font-family: Arial, sans-serif;\"><span style=\"font-size: x-large;\"><b>\u00bfQUE ES UNA SEMILLA TRANSG\u00c9NICA? <\/b><\/span><\/span><\/span><\/p>\n<p align=\"justify\">\n<p align=\"justify\"><span style=\"color: #000000;\"><span style=\"font-family: Arial, sans-serif;\"><span style=\"font-size: x-large;\">Es una semilla producida de manera no natural, es decir, que en la naturaleza jam\u00e1s podr\u00eda <\/span><\/span><\/span><\/p>\n<p align=\"justify\"><span style=\"color: #000000;\"><span style=\"font-family: Arial, sans-serif;\"><span style=\"font-size: x-large;\">cruzarse. Es la semilla creada en un laboratorio a la que le agregan una parte de la herencia de otra <\/span><\/span><\/span><\/p>\n<p align=\"justify\"><span style=\"color: #000000;\"><span style=\"font-family: Arial, sans-serif;\"><span style=\"font-size: x-large;\">especie, por ejemplo de un animal, microbio o planta. De esa mezcla sale una planta m\u00e1s resistente a <\/span><\/span><\/span><\/p>\n<p align=\"justify\"><span style=\"color: #000000;\"><span style=\"font-family: Arial, sans-serif;\"><span style=\"font-size: x-large;\">plagas, pero que se convierte en comida y veneno a la vez,como lo hace la transnacional MONSANTO.<\/span><\/span><\/span><\/p>\n<p align=\"justify\"><span style=\"color: #000000;\"><span style=\"font-family: Arial, sans-serif;\"><span style=\"font-size: x-large;\"><img loading=\"lazy\" decoding=\"async\" class=\"aligncenter wp-image-31543 size-full\" src=\"http:\/\/www.inces.gob.ve\/wp-content\/uploads\/2019\/09\/Inces-Formaci\u00f3n-Producci\u00f3n-de-Semilla-2-.jpg\" alt=\"\" width=\"800\" height=\"600\" srcset=\"https:\/\/inces.gob.ve\/wp-content\/uploads\/2019\/09\/Inces-Formaci\u00f3n-Producci\u00f3n-de-Semilla-2-.jpg 800w, https:\/\/inces.gob.ve\/wp-content\/uploads\/2019\/09\/Inces-Formaci\u00f3n-Producci\u00f3n-de-Semilla-2--300x225.jpg 300w, https:\/\/inces.gob.ve\/wp-content\/uploads\/2019\/09\/Inces-Formaci\u00f3n-Producci\u00f3n-de-Semilla-2--768x576.jpg 768w, https:\/\/inces.gob.ve\/wp-content\/uploads\/2019\/09\/Inces-Formaci\u00f3n-Producci\u00f3n-de-Semilla-2--136x102.jpg 136w\" sizes=\"auto, (max-width: 800px) 100vw, 800px\" \/><\/span><\/span><\/span><\/p>\n<p align=\"justify\">\n<p align=\"justify\">\n<p align=\"justify\">\n","protected":false},"excerpt":{"rendered":"<p>** Esta es una iniciativa de la Coordinaci\u00f3n del Programa de Formaci\u00f3n de Agr\u00edcola del Instituto Nacional de Capacitaci\u00f3n y Educaci\u00f3n Socialista (INCES) en la regi\u00f3n, adem\u00e1s de la articulaci\u00f3n del programa de Todas las Manos a la Siembra (PTMS) del estado Carabobo, Alimentos Carabobo C.A. (ALINCA).<\/p>\n","protected":false},"author":15,"featured_media":31541,"comment_status":"closed","ping_status":"closed","sticky":false,"template":"","format":"standard","meta":{"footnotes":""},"categories":[2],"tags":[],"class_list":["post-31540","post","type-post","status-publish","format-standard","has-post-thumbnail","hentry","category-blog"],"_links":{"self":[{"href":"https:\/\/inces.gob.ve\/index.php\/wp-json\/wp\/v2\/posts\/31540","targetHints":{"allow":["GET"]}}],"collection":[{"href":"https:\/\/inces.gob.ve\/index.php\/wp-json\/wp\/v2\/posts"}],"about":[{"href":"https:\/\/inces.gob.ve\/index.php\/wp-json\/wp\/v2\/types\/post"}],"author":[{"embeddable":true,"href":"https:\/\/inces.gob.ve\/index.php\/wp-json\/wp\/v2\/users\/15"}],"replies":[{"embeddable":true,"href":"https:\/\/inces.gob.ve\/index.php\/wp-json\/wp\/v2\/comments?post=31540"}],"version-history":[{"count":2,"href":"https:\/\/inces.gob.ve\/index.php\/wp-json\/wp\/v2\/posts\/31540\/revisions"}],"predecessor-version":[{"id":31547,"href":"https:\/\/inces.gob.ve\/index.php\/wp-json\/wp\/v2\/posts\/31540\/revisions\/31547"}],"wp:featuredmedia":[{"embeddable":true,"href":"https:\/\/inces.gob.ve\/index.php\/wp-json\/wp\/v2\/media\/31541"}],"wp:attachment":[{"href":"https:\/\/inces.gob.ve\/index.php\/wp-json\/wp\/v2\/media?parent=31540"}],"wp:term":[{"taxonomy":"category","embeddable":true,"href":"https:\/\/inces.gob.ve\/index.php\/wp-json\/wp\/v2\/categories?post=31540"},{"taxonomy":"post_tag","embeddable":true,"href":"https:\/\/inces.gob.ve\/index.php\/wp-json\/wp\/v2\/tags?post=31540"}],"curies":[{"name":"wp","href":"https:\/\/api.w.org\/{rel}","templated":true}]}}