{"id":31562,"date":"2019-09-26T08:00:30","date_gmt":"2019-09-26T14:00:30","guid":{"rendered":"http:\/\/www.inces.gob.ve\/?p=31562"},"modified":"2020-05-28T20:25:52","modified_gmt":"2020-05-29T00:25:52","slug":"sede-personal-jubilado-y-pensionado-es-protegido-por-autoridades-de-la-institucion","status":"publish","type":"post","link":"https:\/\/inces.gob.ve\/index.php\/2019\/09\/26\/sede-personal-jubilado-y-pensionado-es-protegido-por-autoridades-de-la-institucion\/","title":{"rendered":"Sede| Personal Jubilado y Pensionado es protegido por autoridades de la instituci\u00f3n"},"content":{"rendered":"<p align=\"justify\"><span style=\"color: #000000;\"><span style=\"font-family: Arial, sans-serif;\"><span style=\"font-size: x-large;\"><i><b>** Wuikelman Angel presidente de lnces junto a la junta directiva les ofrece protecci\u00f3n social al personal jubilado y pensionado del ente, ofreci\u00e9ndole semanalmente sesiones de entrenamiento f\u00edsico para personas mayores. Esto enmarcado del cumplimiento al contrato colectivo.<\/b><\/i><\/span><\/span><\/span><\/p>\n<p align=\"justify\"><!--more--><\/p>\n<p align=\"justify\"><span style=\"color: #000000;\"><span style=\"font-family: Arial, sans-serif;\"><span style=\"font-size: x-large;\"><b>DIMAS P\u00c1EZ \/<\/b> INCES SEDE<\/span><\/span><\/span><\/p>\n<p align=\"justify\"><span style=\"color: #000000;\"><span style=\"font-family: Arial, sans-serif;\"><span style=\"font-size: x-large;\">Fotos: Yvaymar Morales<\/span><\/span><\/span><\/p>\n<p align=\"justify\"><span style=\"color: #000000;\"><span style=\"font-family: Arial, sans-serif;\"><span style=\"font-size: x-large;\">Una iniciativa de la Gerencia General de Talento Humano, a trav\u00e9s de su Unidad de Servicio M\u00e9dico del Instituto Nacional de Capacitaci\u00f3n y Educaci\u00f3n Socialista (Inces), dio un paso adelante y organiz\u00f3 un ciclo de sesiones de entrenamiento dirigido principalmente a personas jubiladas o pensionadas del ente.<\/span><\/span><\/span><\/p>\n<p align=\"justify\"><span style=\"color: #000000;\"><span style=\"font-family: Arial, sans-serif;\"><span style=\"font-size: x-large;\">La actividades tuvo lugar en la terraza del edificio sede este mi\u00e9rcoles 25 de Septiembre, donde abrazados con m\u00fasica envolvente y sin estridencias, la instructora Mary Carmen Est\u00e9vez inici\u00f3 una serie de rutinas de estiramiento muscular de bajo impacto para lograr un calentamiento progresivo en los participantes.<\/span><\/span><\/span><\/p>\n<p align=\"justify\"><span style=\"color: #000000;\"><span style=\"font-family: Arial, sans-serif;\"><span style=\"font-size: x-large;\"><img loading=\"lazy\" decoding=\"async\" class=\"aligncenter wp-image-31565 size-full\" src=\"http:\/\/www.inces.gob.ve\/wp-content\/uploads\/2019\/09\/Inces-Jubilado-y-Pensionado5-.jpg\" alt=\"\" width=\"800\" height=\"533\" srcset=\"https:\/\/inces.gob.ve\/wp-content\/uploads\/2019\/09\/Inces-Jubilado-y-Pensionado5-.jpg 800w, https:\/\/inces.gob.ve\/wp-content\/uploads\/2019\/09\/Inces-Jubilado-y-Pensionado5--300x200.jpg 300w, https:\/\/inces.gob.ve\/wp-content\/uploads\/2019\/09\/Inces-Jubilado-y-Pensionado5--768x512.jpg 768w\" sizes=\"auto, (max-width: 800px) 100vw, 800px\" \/><\/span><\/span><\/span><\/p>\n<p align=\"justify\"><span style=\"color: #000000;\"><span style=\"font-family: Arial, sans-serif;\"><span style=\"font-size: x-large;\">Contando con la presencia Dorisa Salcedo gerente de Bienestar Social pudimos conocer todo lo relacionado con los Jubilados del Inces y el entrenamiento f\u00edsico para la mejora de habilidades y destrezas motoras, la misma acot\u00f3. \u201cEnmarcando a este de tipo de actividad en funci\u00f3n de que todo estos jubilados y pensionados se sientan atendido por la instituci\u00f3n, porque hay muchas personas que tienen incapacidad motoras y pueden realizar ejercicios f\u00edsico, nosotros estamos trabajando con ellos y tratando en la medida de lo posible de ejercitarlos y que aprendan nuevas postura\u201d.<\/span><\/span><\/span><\/p>\n<p align=\"justify\"><span style=\"color: #000000;\"><span style=\"font-family: Arial, sans-serif;\"><span style=\"font-size: x-large;\"><img loading=\"lazy\" decoding=\"async\" class=\"aligncenter wp-image-31563 size-full\" src=\"http:\/\/www.inces.gob.ve\/wp-content\/uploads\/2019\/09\/Inces-Jubilado-y-Pensionado7-.jpg\" alt=\"\" width=\"800\" height=\"533\" srcset=\"https:\/\/inces.gob.ve\/wp-content\/uploads\/2019\/09\/Inces-Jubilado-y-Pensionado7-.jpg 800w, https:\/\/inces.gob.ve\/wp-content\/uploads\/2019\/09\/Inces-Jubilado-y-Pensionado7--300x200.jpg 300w, https:\/\/inces.gob.ve\/wp-content\/uploads\/2019\/09\/Inces-Jubilado-y-Pensionado7--768x512.jpg 768w\" sizes=\"auto, (max-width: 800px) 100vw, 800px\" \/><\/span><\/span><\/span><\/p>\n<p align=\"justify\"><span style=\"color: #000000;\"><span style=\"font-family: Arial, sans-serif;\"><span style=\"font-size: x-large;\">Agreg\u00f3 Salcedo \u201ccada uno de ellos son expuesto a este tipo de actividad,ya que es satisfactorio porque los mismos no conoc\u00edan como mantener una buena postura, los movimientos, como fortalecer a ese grupo de m\u00fasculos que ellos no sab\u00edan trabajar y con nuestra especialista que ahora tenemos ac\u00e1 en la instituci\u00f3n les permite a ellos conocer mas parte de su cuerpo\u201d.<\/span><\/span><\/span><\/p>\n<p align=\"justify\"><span style=\"color: #000000;\"><span style=\"font-family: Arial, sans-serif;\"><span style=\"font-size: x-large;\"><img loading=\"lazy\" decoding=\"async\" class=\"aligncenter wp-image-31566 size-full\" src=\"http:\/\/www.inces.gob.ve\/wp-content\/uploads\/2019\/09\/Inces-Jubilado-y-Pensionado4-.jpg\" alt=\"\" width=\"800\" height=\"533\" srcset=\"https:\/\/inces.gob.ve\/wp-content\/uploads\/2019\/09\/Inces-Jubilado-y-Pensionado4-.jpg 800w, https:\/\/inces.gob.ve\/wp-content\/uploads\/2019\/09\/Inces-Jubilado-y-Pensionado4--300x200.jpg 300w, https:\/\/inces.gob.ve\/wp-content\/uploads\/2019\/09\/Inces-Jubilado-y-Pensionado4--768x512.jpg 768w\" sizes=\"auto, (max-width: 800px) 100vw, 800px\" \/><\/span><\/span><\/span><\/p>\n<p align=\"justify\"><span style=\"color: #000000;\"><span style=\"font-family: Arial, sans-serif;\"><span style=\"font-size: x-large;\">Continu\u00f3 Dorisa salcedo muchos de los pensionados o jubilados han estado totalmente sedentaria aunado a todo esto, ellos han expuesto que se sienten atendidos que son tomados en cuenta despu\u00e9s de mucho tiempo y se sientan involucrados con la instituci\u00f3n nuevamente y se relacionen con todo lo referente a la parte de salud\u201d. Finalizo Salcedo.<\/span><\/span><\/span><\/p>\n<p align=\"justify\"><span style=\"color: #000000;\"><span style=\"font-family: Arial, sans-serif;\"><span style=\"font-size: x-large;\"><img loading=\"lazy\" decoding=\"async\" class=\"aligncenter wp-image-31567 size-full\" src=\"http:\/\/www.inces.gob.ve\/wp-content\/uploads\/2019\/09\/Inces-Jubilado-y-Pensionado2-.jpg\" alt=\"\" width=\"800\" height=\"533\" srcset=\"https:\/\/inces.gob.ve\/wp-content\/uploads\/2019\/09\/Inces-Jubilado-y-Pensionado2-.jpg 800w, https:\/\/inces.gob.ve\/wp-content\/uploads\/2019\/09\/Inces-Jubilado-y-Pensionado2--300x200.jpg 300w, https:\/\/inces.gob.ve\/wp-content\/uploads\/2019\/09\/Inces-Jubilado-y-Pensionado2--768x512.jpg 768w\" sizes=\"auto, (max-width: 800px) 100vw, 800px\" \/><\/span><\/span><\/span><\/p>\n<p align=\"justify\"><span style=\"color: #000000;\"><span style=\"font-family: Arial, sans-serif;\"><span style=\"font-size: x-large;\">De tal manera que la invitaci\u00f3n sigue abierta a todos los interesados en asumir una actitud deportiva incentivando el aumento del flujo sangu\u00edneo general y de la musculatura en particular, lo que supone incrementar el aporte de ox\u00edgeno y mejorar la eliminaci\u00f3n del di\u00f3xido de carbono, aumento del ritmo card\u00edaco y de la actividad pulmonar, mejorando su capacidad y la utilizaci\u00f3n del ox\u00edgeno.<\/span><\/span><\/span><\/p>\n<p align=\"justify\"><span style=\"color: #000000;\"><span style=\"font-family: Arial, sans-serif;\"><span style=\"font-size: x-large;\"><img loading=\"lazy\" decoding=\"async\" class=\"aligncenter wp-image-31568 size-full\" src=\"http:\/\/www.inces.gob.ve\/wp-content\/uploads\/2019\/09\/Inces-Jubilado-y-Pensionado1-.jpg\" alt=\"\" width=\"800\" height=\"533\" srcset=\"https:\/\/inces.gob.ve\/wp-content\/uploads\/2019\/09\/Inces-Jubilado-y-Pensionado1-.jpg 800w, https:\/\/inces.gob.ve\/wp-content\/uploads\/2019\/09\/Inces-Jubilado-y-Pensionado1--300x200.jpg 300w, https:\/\/inces.gob.ve\/wp-content\/uploads\/2019\/09\/Inces-Jubilado-y-Pensionado1--768x512.jpg 768w\" sizes=\"auto, (max-width: 800px) 100vw, 800px\" \/><\/span><\/span><\/span><\/p>\n<p align=\"justify\">\n<p align=\"justify\">\n","protected":false},"excerpt":{"rendered":"<p>** Wuikelman Angel presidente de lnces junto a la junta directiva les ofrece protecci\u00f3n social al personal jubilado y pensionado del ente, ofreci\u00e9ndole semanalmente sesiones de entrenamiento f\u00edsico para personas mayores. Esto enmarcado del cumplimiento al contrato colectivo.<\/p>\n","protected":false},"author":15,"featured_media":31564,"comment_status":"closed","ping_status":"closed","sticky":false,"template":"","format":"standard","meta":{"footnotes":""},"categories":[2],"tags":[],"class_list":["post-31562","post","type-post","status-publish","format-standard","has-post-thumbnail","hentry","category-blog"],"_links":{"self":[{"href":"https:\/\/inces.gob.ve\/index.php\/wp-json\/wp\/v2\/posts\/31562","targetHints":{"allow":["GET"]}}],"collection":[{"href":"https:\/\/inces.gob.ve\/index.php\/wp-json\/wp\/v2\/posts"}],"about":[{"href":"https:\/\/inces.gob.ve\/index.php\/wp-json\/wp\/v2\/types\/post"}],"author":[{"embeddable":true,"href":"https:\/\/inces.gob.ve\/index.php\/wp-json\/wp\/v2\/users\/15"}],"replies":[{"embeddable":true,"href":"https:\/\/inces.gob.ve\/index.php\/wp-json\/wp\/v2\/comments?post=31562"}],"version-history":[{"count":2,"href":"https:\/\/inces.gob.ve\/index.php\/wp-json\/wp\/v2\/posts\/31562\/revisions"}],"predecessor-version":[{"id":31570,"href":"https:\/\/inces.gob.ve\/index.php\/wp-json\/wp\/v2\/posts\/31562\/revisions\/31570"}],"wp:featuredmedia":[{"embeddable":true,"href":"https:\/\/inces.gob.ve\/index.php\/wp-json\/wp\/v2\/media\/31564"}],"wp:attachment":[{"href":"https:\/\/inces.gob.ve\/index.php\/wp-json\/wp\/v2\/media?parent=31562"}],"wp:term":[{"taxonomy":"category","embeddable":true,"href":"https:\/\/inces.gob.ve\/index.php\/wp-json\/wp\/v2\/categories?post=31562"},{"taxonomy":"post_tag","embeddable":true,"href":"https:\/\/inces.gob.ve\/index.php\/wp-json\/wp\/v2\/tags?post=31562"}],"curies":[{"name":"wp","href":"https:\/\/api.w.org\/{rel}","templated":true}]}}