{"id":31608,"date":"2019-09-26T14:49:38","date_gmt":"2019-09-26T20:49:38","guid":{"rendered":"http:\/\/www.inces.gob.ve\/?p=31608"},"modified":"2020-05-28T20:25:51","modified_gmt":"2020-05-29T00:25:51","slug":"el-pueblo-trabajador-se-mantiene-ampliando-sus-conocimientos","status":"publish","type":"post","link":"https:\/\/inces.gob.ve\/index.php\/2019\/09\/26\/el-pueblo-trabajador-se-mantiene-ampliando-sus-conocimientos\/","title":{"rendered":"Aragua| El pueblo trabajador se mantiene ampliando sus conocimientos"},"content":{"rendered":"<p>** <span style=\"font-family: Arial, sans-serif;\"><span style=\"font-size: x-large;\"><i><b>El Programa \u201cLuisa C\u00e1ceres de Arismendi\u201d avanza en su misi\u00f3n formativa 20 participantes colocaron a disposici\u00f3n sus habilidades para destacar la belleza de cada uno de sus clientes, de esta forma el Programa Penitenciario \u201cLuisa C\u00e1ceres de Arismendi\u201d se mantiene activo llevando consigo herramientas de liberaci\u00f3n y la luz del conocimiento.<\/b><\/i><\/span><\/span><\/p>\n<p class=\"western\" align=\"justify\"><!--more--><\/p>\n<p class=\"western\" align=\"justify\"><span style=\"font-family: Arial, sans-serif;\"><span style=\"font-size: x-large;\">NINOSKA PATRIZ | Aragua<\/span><\/span><\/p>\n<p class=\"western\" align=\"justify\">\n<p class=\"western\" align=\"justify\">\u201c<span style=\"font-family: Arial, sans-serif;\"><span style=\"font-size: x-large;\">Continuando con nuestras formaciones llegando a las comunidades para ofrecer los oficios, avanzamos, llevamos los conocimientos y saberes a todas las personas que desean aprender o ampliar sus experiencias\u201d, expres\u00f3: Rosa Torres, Jefa del Programa.<\/span><\/span><\/p>\n<p class=\"western\" align=\"justify\">\n<p class=\"western\" align=\"justify\"><span style=\"font-family: Arial, sans-serif;\"><span style=\"font-size: x-large;\">En esta oportunidad la PTP Marlene Hibrian estuvo dictando el Curso de Corte de Cabello en la Comunidad de Ca\u00f1a de Az\u00facar, donde 20 participantes colocaron a disposici\u00f3n sus habilidades para destacar la belleza de cada uno de sus clientes.<\/span><\/span><\/p>\n<p class=\"western\" align=\"justify\"><img loading=\"lazy\" decoding=\"async\" class=\"aligncenter wp-image-31609 size-full\" src=\"http:\/\/www.inces.gob.ve\/wp-content\/uploads\/2019\/09\/INCES-pueblo-trabajador-3-.jpg\" alt=\"\" width=\"800\" height=\"450\" srcset=\"https:\/\/inces.gob.ve\/wp-content\/uploads\/2019\/09\/INCES-pueblo-trabajador-3-.jpg 800w, https:\/\/inces.gob.ve\/wp-content\/uploads\/2019\/09\/INCES-pueblo-trabajador-3--300x169.jpg 300w, https:\/\/inces.gob.ve\/wp-content\/uploads\/2019\/09\/INCES-pueblo-trabajador-3--768x432.jpg 768w\" sizes=\"auto, (max-width: 800px) 100vw, 800px\" \/><\/p>\n<p class=\"western\" align=\"justify\"><span style=\"font-family: Arial, sans-serif;\"><span style=\"font-size: x-large;\">Esta pr\u00e1ctica certifica la buena aplicaci\u00f3n de los saberes adquiridos, as\u00ed como el perfeccionamiento del oficio tan necesario por medio del hacer cotidiano.Del mismo modo, vamos sembrando valores: el amor al trabajo, la disciplina, la constancia, el respeto, la tolerancia y el trabajo en equipo, son algunos de los mas importantes. Agreg\u00f3, Torres<\/span><\/span><\/p>\n<p class=\"western\" align=\"justify\"><img loading=\"lazy\" decoding=\"async\" class=\"aligncenter wp-image-31611 size-full\" src=\"http:\/\/www.inces.gob.ve\/wp-content\/uploads\/2019\/09\/INCES-pueblo-trabajador-1.jpg\" alt=\"\" width=\"800\" height=\"450\" srcset=\"https:\/\/inces.gob.ve\/wp-content\/uploads\/2019\/09\/INCES-pueblo-trabajador-1.jpg 800w, https:\/\/inces.gob.ve\/wp-content\/uploads\/2019\/09\/INCES-pueblo-trabajador-1-300x169.jpg 300w, https:\/\/inces.gob.ve\/wp-content\/uploads\/2019\/09\/INCES-pueblo-trabajador-1-768x432.jpg 768w\" sizes=\"auto, (max-width: 800px) 100vw, 800px\" \/><\/p>\n<p class=\"western\" align=\"justify\"><span style=\"font-family: Arial, sans-serif;\"><span style=\"font-size: x-large;\">Y explic\u00f3 para finalizar: \u201cEn la siembra de valores, vamos construyendo el pa\u00eds que deseamos. Y de la mano del pueblo trabajador podemos ver los verdaderos protagonistas de las victorias que se libran ante la guerra econ\u00f3mica\u201d. <\/span><\/span><\/p>\n<p class=\"western\" align=\"justify\">\n","protected":false},"excerpt":{"rendered":"<p>** El Programa \u201cLuisa C\u00e1ceres de Arismendi\u201d avanza en su misi\u00f3n formativa 20 participantes colocaron a disposici\u00f3n sus habilidades para destacar la belleza de cada uno de sus clientes, de esta forma el Programa Penitenciario \u201cLuisa C\u00e1ceres de Arismendi\u201d se mantiene activo llevando consigo herramientas de liberaci\u00f3n y la luz del conocimiento.<\/p>\n","protected":false},"author":15,"featured_media":31610,"comment_status":"closed","ping_status":"closed","sticky":false,"template":"","format":"standard","meta":{"footnotes":""},"categories":[2],"tags":[],"class_list":["post-31608","post","type-post","status-publish","format-standard","has-post-thumbnail","hentry","category-blog"],"_links":{"self":[{"href":"https:\/\/inces.gob.ve\/index.php\/wp-json\/wp\/v2\/posts\/31608","targetHints":{"allow":["GET"]}}],"collection":[{"href":"https:\/\/inces.gob.ve\/index.php\/wp-json\/wp\/v2\/posts"}],"about":[{"href":"https:\/\/inces.gob.ve\/index.php\/wp-json\/wp\/v2\/types\/post"}],"author":[{"embeddable":true,"href":"https:\/\/inces.gob.ve\/index.php\/wp-json\/wp\/v2\/users\/15"}],"replies":[{"embeddable":true,"href":"https:\/\/inces.gob.ve\/index.php\/wp-json\/wp\/v2\/comments?post=31608"}],"version-history":[{"count":2,"href":"https:\/\/inces.gob.ve\/index.php\/wp-json\/wp\/v2\/posts\/31608\/revisions"}],"predecessor-version":[{"id":31620,"href":"https:\/\/inces.gob.ve\/index.php\/wp-json\/wp\/v2\/posts\/31608\/revisions\/31620"}],"wp:featuredmedia":[{"embeddable":true,"href":"https:\/\/inces.gob.ve\/index.php\/wp-json\/wp\/v2\/media\/31610"}],"wp:attachment":[{"href":"https:\/\/inces.gob.ve\/index.php\/wp-json\/wp\/v2\/media?parent=31608"}],"wp:term":[{"taxonomy":"category","embeddable":true,"href":"https:\/\/inces.gob.ve\/index.php\/wp-json\/wp\/v2\/categories?post=31608"},{"taxonomy":"post_tag","embeddable":true,"href":"https:\/\/inces.gob.ve\/index.php\/wp-json\/wp\/v2\/tags?post=31608"}],"curies":[{"name":"wp","href":"https:\/\/api.w.org\/{rel}","templated":true}]}}