{"id":31621,"date":"2019-09-27T07:05:08","date_gmt":"2019-09-27T13:05:08","guid":{"rendered":"http:\/\/www.inces.gob.ve\/?p=31621"},"modified":"2020-05-28T20:25:51","modified_gmt":"2020-05-29T00:25:51","slug":"sede-el-motor-turismo-es-fundamental-para-la-patria","status":"publish","type":"post","link":"https:\/\/inces.gob.ve\/index.php\/2019\/09\/27\/sede-el-motor-turismo-es-fundamental-para-la-patria\/","title":{"rendered":"Sede| El Motor Turismo es fundamental para la Patria"},"content":{"rendered":"<p align=\"justify\"><span style=\"color: #000000;\"><span style=\"font-family: Arial, sans-serif;\"><span style=\"font-size: x-large;\"><i>**<b> EL Instituto Nacional de Capacitaci\u00f3n y Educaci\u00f3n\u00a0 Socialista (Inces) a trav\u00e9s de la Coordinaci\u00f3n Nacional de Turismo aporta las herramientas necesarias para que el turismo nacional se convierta en una industria productiva para el pa\u00eds esto en el marco del D\u00eda Mundial del Turismo<\/b><\/i><\/span><\/span><\/span><\/p>\n<p align=\"justify\"><!--more--><\/p>\n<p align=\"justify\"><span style=\"color: #000000;\"><span style=\"font-family: Arial, sans-serif;\"><span style=\"font-size: x-large;\"><b>DIMAS PAEZ<\/b> \/ INCES SEDE<\/span><\/span><\/span><\/p>\n<p align=\"justify\"><span style=\"color: #000000;\"><span style=\"font-family: Arial, sans-serif;\"><span style=\"font-size: x-large;\">Fotos: Yvaymar Morales <\/span><\/span><\/span><\/p>\n<p align=\"justify\"><span style=\"color: #000000;\"><span style=\"font-family: Arial, sans-serif;\"><span style=\"font-size: x-large;\">Desde la Coordinaci\u00f3n Nacional de Turismo, unidad bajo la responsabilidad de Mar\u00eda Virginia Blanco y ubicada en el piso 9 de la edificio sede, Blanco explic\u00f3 que tienen como principal objetivo la formaci\u00f3n de los sujetos interesados a nivel nacional en el \u00e1rea tur\u00edstica que est\u00e1 completamente abierta al publico a trav\u00e9s de un programa de formaci\u00f3n ordinaria donde se ofertan los diferentes cursos en el \u00e1rea de Gastronom\u00eda, Prestaci\u00f3n de Servicios y Artesan\u00eda.<\/span><\/span><\/span><\/p>\n<p align=\"justify\">\n<p align=\"justify\"><span style=\"color: #000000;\"><span style=\"font-family: Arial, sans-serif;\"><span style=\"font-size: x-large;\">Se\u00f1al\u00f3 Mar\u00eda Blanco que en el \u00e1rea gastron\u00f3mica se le ha dado m\u00e1s \u00e9nfasis por ser un oficio productivo, y desde el punto vista de la filosof\u00eda Robinsoniana, nos enfocamos desde le \u201cAprender Haciendo\u201d.Es m\u00e1s pr\u00e1ctico y m\u00e1s f\u00e1cil, porque las persona hacen el curso, se agrupan y pueden poner a producir los conocimientos obtenidos elaborando productos, poni\u00e9ndolos a ventas a trav\u00e9s de empresas de producci\u00f3n social\u201d. Acot\u00f3 Blanco. <\/span><\/span><\/span><\/p>\n<p align=\"justify\"><span style=\"color: #000000;\"><span style=\"font-family: Arial, sans-serif;\"><span style=\"font-size: x-large;\"><img loading=\"lazy\" decoding=\"async\" class=\"aligncenter wp-image-31626 size-full\" src=\"http:\/\/www.inces.gob.ve\/wp-content\/uploads\/2019\/09\/Inces-Motor-Turismo1-.jpg\" alt=\"\" width=\"800\" height=\"533\" srcset=\"https:\/\/inces.gob.ve\/wp-content\/uploads\/2019\/09\/Inces-Motor-Turismo1-.jpg 800w, https:\/\/inces.gob.ve\/wp-content\/uploads\/2019\/09\/Inces-Motor-Turismo1--300x200.jpg 300w, https:\/\/inces.gob.ve\/wp-content\/uploads\/2019\/09\/Inces-Motor-Turismo1--768x512.jpg 768w\" sizes=\"auto, (max-width: 800px) 100vw, 800px\" \/><\/span><\/span><\/span><\/p>\n<p align=\"justify\"><span style=\"color: #000000;\"><span style=\"font-family: Arial, sans-serif;\"><span style=\"font-size: x-large;\">Inform\u00f3 Blanco que el tema relacionado con el Bachillerato Productivo, dirigido a j\u00f3venes de 15 a\u00f1os en adelante, el Programa Nacional de Turismo, les ofrece la obtenci\u00f3n del t\u00edtulo de bachiller y la certificaci\u00f3n en alg\u00fan oficio del programa y que son reconocidos por la Organizaci\u00f3n Internacional del Trabajo (OIT).<\/span><\/span><\/span><\/p>\n<p align=\"justify\">\n<p align=\"justify\"><span style=\"color: #000000;\"><span style=\"font-family: Arial, sans-serif;\"><span style=\"font-size: x-large;\">Blanco explic\u00f3 que el objetivo trasciende el tema de la formaci\u00f3n que es parte importante de la instituci\u00f3n. \u201cAhora queremos enfocarnos en la parte de la producci\u00f3n dentro de las comunidades con los participantes que trav\u00e9s de las brigadas productivas puedan prestar sus servicios para su organizaci\u00f3n, esto traer\u00eda beneficios, tanto para ellos, como para su comunidad, lo ideal es que se haga el encadenamiento productivo con otras gerencias o programas\u201d. Puntualiz\u00f3 Blanco.<img loading=\"lazy\" decoding=\"async\" class=\"aligncenter wp-image-31632 size-full\" src=\"http:\/\/www.inces.gob.ve\/wp-content\/uploads\/2019\/09\/Inces-Productivo4-.jpeg\" alt=\"\" width=\"800\" height=\"600\" srcset=\"https:\/\/inces.gob.ve\/wp-content\/uploads\/2019\/09\/Inces-Productivo4-.jpeg 800w, https:\/\/inces.gob.ve\/wp-content\/uploads\/2019\/09\/Inces-Productivo4--300x225.jpeg 300w, https:\/\/inces.gob.ve\/wp-content\/uploads\/2019\/09\/Inces-Productivo4--768x576.jpeg 768w, https:\/\/inces.gob.ve\/wp-content\/uploads\/2019\/09\/Inces-Productivo4--136x102.jpeg 136w\" sizes=\"auto, (max-width: 800px) 100vw, 800px\" \/><\/span><\/span><\/span><\/p>\n<p align=\"justify\"><span style=\"color: #000000;\"><span style=\"font-family: Arial, sans-serif;\"><span style=\"font-size: x-large;\">Inform\u00f3 Blanco que la cadena de valor debe aplicarse. \u201cSi vemos la \u201cCadena de Valor del Inces\u201d y lo aplicamos a las firmas de convenios a trav\u00e9s de la Oficina de Cooperaci\u00f3n Nacional e Internacional, aportando que se desarrolle y ampl\u00ede el Motor Turismo junto a los convenios que se han suscritos con el Instituto Nacional de Turismo (INATUR), el Circulo Militar, entre otros entes p\u00fablicos y privados, podemos lograr un nivel formativo de gran nivel, la conformaci\u00f3n de brigadas productivas de prestaciones de servicios, permitir\u00e1 entrar al mercado laboral a trav\u00e9s del emprendimiento, no formarlos para trabajar para otro, sino que se formen para que sean emprendedores\u201d. <\/span><\/span><\/span><\/p>\n<p align=\"justify\"><img loading=\"lazy\" decoding=\"async\" class=\"aligncenter wp-image-31649 size-full\" src=\"http:\/\/www.inces.gob.ve\/wp-content\/uploads\/2019\/09\/Inces-Turismo6.jpeg\" alt=\"\" width=\"800\" height=\"450\" srcset=\"https:\/\/inces.gob.ve\/wp-content\/uploads\/2019\/09\/Inces-Turismo6.jpeg 800w, https:\/\/inces.gob.ve\/wp-content\/uploads\/2019\/09\/Inces-Turismo6-300x169.jpeg 300w, https:\/\/inces.gob.ve\/wp-content\/uploads\/2019\/09\/Inces-Turismo6-768x432.jpeg 768w\" sizes=\"auto, (max-width: 800px) 100vw, 800px\" \/><\/p>\n<p align=\"justify\"><span style=\"color: #000000;\"><span style=\"font-family: Arial, sans-serif;\"><span style=\"font-size: x-large;\">Coment\u00f3 Blanco que \u201cuno de lo principales logros que ha obtenido el Programa de Turismo es la parte formativa, encadenado con los diferentes cursos y talleres, pero adem\u00e1s de las acreditaciones y certificaciones; la idea es que cada d\u00eda se formen m\u00e1s personas en el \u00e1rea de turismo\u201d.<\/span><\/span><\/span><\/p>\n<p align=\"justify\"><span style=\"color: #000000;\"><span style=\"font-family: Arial, sans-serif;\"><span style=\"font-size: x-large;\"><img loading=\"lazy\" decoding=\"async\" class=\"aligncenter wp-image-31650 size-full\" src=\"http:\/\/www.inces.gob.ve\/wp-content\/uploads\/2019\/09\/Inces-Turismo2.jpeg\" alt=\"\" width=\"800\" height=\"450\" srcset=\"https:\/\/inces.gob.ve\/wp-content\/uploads\/2019\/09\/Inces-Turismo2.jpeg 800w, https:\/\/inces.gob.ve\/wp-content\/uploads\/2019\/09\/Inces-Turismo2-300x169.jpeg 300w, https:\/\/inces.gob.ve\/wp-content\/uploads\/2019\/09\/Inces-Turismo2-768x432.jpeg 768w\" sizes=\"auto, (max-width: 800px) 100vw, 800px\" \/><\/span><\/span><\/span><\/p>\n<p align=\"justify\"><span style=\"color: #000000;\"><span style=\"font-family: Arial, sans-serif;\"><span style=\"font-size: x-large;\">Uno de los logros que ha obtenido el Programa Nacional de Turismo del Inces es que el Hotel Alba Caracas ,donara el mobiliario completo de una habitaci\u00f3n del hotel, y con estos implementos se est\u00e1 acondicionando un aula formativa que permita hacer las pr\u00e1cticas a los participantes de los cursos que se dictan en el programa. <\/span><\/span><\/span><\/p>\n<p align=\"justify\"><img loading=\"lazy\" decoding=\"async\" class=\"aligncenter wp-image-31651 size-full\" src=\"http:\/\/www.inces.gob.ve\/wp-content\/uploads\/2019\/09\/inces-Turismo-0-.jpeg\" alt=\"\" width=\"800\" height=\"450\" srcset=\"https:\/\/inces.gob.ve\/wp-content\/uploads\/2019\/09\/inces-Turismo-0-.jpeg 800w, https:\/\/inces.gob.ve\/wp-content\/uploads\/2019\/09\/inces-Turismo-0--300x169.jpeg 300w, https:\/\/inces.gob.ve\/wp-content\/uploads\/2019\/09\/inces-Turismo-0--768x432.jpeg 768w\" sizes=\"auto, (max-width: 800px) 100vw, 800px\" \/><\/p>\n<p align=\"justify\">\n<p align=\"justify\">\n","protected":false},"excerpt":{"rendered":"<p>** EL Instituto Nacional de Capacitaci\u00f3n y Educaci\u00f3n\u00a0 Socialista (Inces) a trav\u00e9s de la Coordinaci\u00f3n Nacional de Turismo aporta las herramientas necesarias para que el turismo nacional se convierta en una industria productiva para el pa\u00eds esto en el marco del D\u00eda Mundial del Turismo<\/p>\n","protected":false},"author":15,"featured_media":31624,"comment_status":"closed","ping_status":"closed","sticky":false,"template":"","format":"standard","meta":{"footnotes":""},"categories":[2],"tags":[],"class_list":["post-31621","post","type-post","status-publish","format-standard","has-post-thumbnail","hentry","category-blog"],"_links":{"self":[{"href":"https:\/\/inces.gob.ve\/index.php\/wp-json\/wp\/v2\/posts\/31621","targetHints":{"allow":["GET"]}}],"collection":[{"href":"https:\/\/inces.gob.ve\/index.php\/wp-json\/wp\/v2\/posts"}],"about":[{"href":"https:\/\/inces.gob.ve\/index.php\/wp-json\/wp\/v2\/types\/post"}],"author":[{"embeddable":true,"href":"https:\/\/inces.gob.ve\/index.php\/wp-json\/wp\/v2\/users\/15"}],"replies":[{"embeddable":true,"href":"https:\/\/inces.gob.ve\/index.php\/wp-json\/wp\/v2\/comments?post=31621"}],"version-history":[{"count":10,"href":"https:\/\/inces.gob.ve\/index.php\/wp-json\/wp\/v2\/posts\/31621\/revisions"}],"predecessor-version":[{"id":31682,"href":"https:\/\/inces.gob.ve\/index.php\/wp-json\/wp\/v2\/posts\/31621\/revisions\/31682"}],"wp:featuredmedia":[{"embeddable":true,"href":"https:\/\/inces.gob.ve\/index.php\/wp-json\/wp\/v2\/media\/31624"}],"wp:attachment":[{"href":"https:\/\/inces.gob.ve\/index.php\/wp-json\/wp\/v2\/media?parent=31621"}],"wp:term":[{"taxonomy":"category","embeddable":true,"href":"https:\/\/inces.gob.ve\/index.php\/wp-json\/wp\/v2\/categories?post=31621"},{"taxonomy":"post_tag","embeddable":true,"href":"https:\/\/inces.gob.ve\/index.php\/wp-json\/wp\/v2\/tags?post=31621"}],"curies":[{"name":"wp","href":"https:\/\/api.w.org\/{rel}","templated":true}]}}