{"id":31689,"date":"2019-09-30T09:01:25","date_gmt":"2019-09-30T15:01:25","guid":{"rendered":"http:\/\/www.inces.gob.ve\/?p=31689"},"modified":"2020-05-28T20:25:51","modified_gmt":"2020-05-29T00:25:51","slug":"merida-participo-en-foro-itinerante-sobre-turismo-ecologico","status":"publish","type":"post","link":"https:\/\/inces.gob.ve\/index.php\/2019\/09\/30\/merida-participo-en-foro-itinerante-sobre-turismo-ecologico\/","title":{"rendered":"M\u00c9RIDA |Particip\u00f3 en foro Itinerante sobre Turismo Ecol\u00f3gico"},"content":{"rendered":"<p align=\"justify\"><span style=\"font-family: Arial, sans-serif;\"><span style=\"font-size: x-large;\"><i><b>** \u201cEl Inces ha venido cumpliendo con el programa formativo para el sector turismo, as\u00ed como el acompa\u00f1amiento productivo del servicio a trav\u00e9s de cursos, talleres y diplomados, en un trabajo conjunto con otras instituciones comprometidas y con responsabilidad formativa en el sector\u201d<\/b><\/i><\/span><\/span><\/p>\n<p align=\"justify\"><!--more--><\/p>\n<p align=\"justify\"><span style=\"font-family: Arial, sans-serif;\"><span style=\"font-size: x-large;\"><b>NADIA LOBO| Inces<\/b><\/span><\/span><\/p>\n<p align=\"justify\"><span style=\"font-family: Arial, sans-serif;\"><span style=\"font-size: x-large;\">Diversas actividades se han venido desarrollando en la entidad meride\u00f1a para celebrar el d\u00eda Internacional de Turismo, entre las que destaca el II foro itinerante \u201cPr\u00e1cticas Ecol\u00f3gicas para un Turismo Responsable\u201d, donde el Inces tuvo una participaci\u00f3n importante, enfatizando la formaci\u00f3n y la capacitaci\u00f3n como elemento indispensable en el impulso de la recreaci\u00f3n y el esparcimiento.<\/span><\/span><\/p>\n<p align=\"justify\">\n<p align=\"justify\"><span style=\"font-family: Arial, sans-serif;\"><span style=\"font-size: x-large;\">El foro tuvo lugar en el parque La Mucuy, municipio Santos Marquina, de la entidad meride\u00f1a, con la participaci\u00f3n de estudiantes del I y II Trayecto de Turismo de la la Universidad Polit\u00e9cnica Territorial de M\u00e9rida, \u201cKleber Ram\u00edrez\u201d (UPTM), n\u00facleo Bailadores, quienes se nutrieron de un ciclo de charlas y conferencias enmarcadas en el turismo ecol\u00f3gico y responsable, permitiendo fortalecer las pol\u00edticas del Gobierno Bolivariano.<img loading=\"lazy\" decoding=\"async\" class=\"aligncenter wp-image-31691 size-full\" src=\"http:\/\/www.inces.gob.ve\/wp-content\/uploads\/2019\/09\/foro-Itinerante-sobre-Turismo2-.jpg\" alt=\"\" width=\"800\" height=\"450\" srcset=\"https:\/\/inces.gob.ve\/wp-content\/uploads\/2019\/09\/foro-Itinerante-sobre-Turismo2-.jpg 800w, https:\/\/inces.gob.ve\/wp-content\/uploads\/2019\/09\/foro-Itinerante-sobre-Turismo2--300x169.jpg 300w, https:\/\/inces.gob.ve\/wp-content\/uploads\/2019\/09\/foro-Itinerante-sobre-Turismo2--768x432.jpg 768w\" sizes=\"auto, (max-width: 800px) 100vw, 800px\" \/><\/span><\/span><\/p>\n<p align=\"justify\"><span style=\"font-family: Arial, sans-serif;\"><span style=\"font-size: x-large;\">En este sentido, los meride\u00f1os se disponen a celebrar con diversas actividades el D\u00eda Internacional del Turismo, que este 2019, se identifica con el eslogan \u201cTurismo y empleo: un futuro mejor para todos\u201d; las ponencias se pueden destacar de igual manera: Descripci\u00f3n del \u00e1rea recreativa de la Mucuy; P\u00e1ramo y eco-turismo como alternativa ambiental; Actividad pr\u00e1ctica guiada: recorrido por el Sendero del Oso.<\/span><\/span><\/p>\n<p align=\"justify\">\n<p align=\"justify\"><span style=\"font-family: Arial, sans-serif;\"><span style=\"font-size: x-large;\">Entre otras de las instituciones que participan en las actividades conmemorativas al D\u00eda Mundial del Turismo, se destaca la participaci\u00f3n de Inatur, Inparques, Hotel Escuela de los Andes Venezolanos y el Inces, a trav\u00e9s del programa Turismo.<\/span><\/span><\/p>\n<p align=\"justify\">\n<p align=\"justify\"><span style=\"font-family: Arial, sans-serif;\"><span style=\"font-size: x-large;\">Explic\u00f3 que que el Inces conforma en la ciudad de M\u00e9rida la Comisi\u00f3n Regional de Formaci\u00f3n y Capacitaci\u00f3n Tur\u00edstica integrada por instituciones, organismo, y dependencias p\u00fablicas y privadas que tienen la responsabilidad de educar y formar en el \u00e1rea de turismo bajo la coordinaci\u00f3n de Inatur (Instituto Nacional de Turismo), como \u00f3rgano rector en la materia, con la finalidad de llevar adelante la capacitaci\u00f3n y sensibilidad tur\u00edstica en la entidad.<\/span><\/span><\/p>\n<p align=\"justify\">\n<p align=\"justify\"><span style=\"font-family: Arial, sans-serif;\"><span style=\"font-size: x-large;\">Por otra parte, Coromoto Moncada, responsable del Programa Turismo del Inces M\u00e9rida, quien viene participando en el ciclo de charlas, talleres y seminarios programados para celebrar el D\u00eda Internacional del Turismo, destac\u00f3 la importancia de la conciencia y la vocaci\u00f3n de servicio (querer hacer), pero tambi\u00e9n la formaci\u00f3n t\u00e9cnica (saber hacer) para prestar un servicio de alta calidad y con responsabilidad. <\/span><\/span><\/p>\n<p align=\"justify\"><img loading=\"lazy\" decoding=\"async\" class=\"aligncenter wp-image-31692 size-full\" src=\"http:\/\/www.inces.gob.ve\/wp-content\/uploads\/2019\/09\/foro-Itinerante-sobre-Turismo1-.jpg\" alt=\"\" width=\"800\" height=\"450\" srcset=\"https:\/\/inces.gob.ve\/wp-content\/uploads\/2019\/09\/foro-Itinerante-sobre-Turismo1-.jpg 800w, https:\/\/inces.gob.ve\/wp-content\/uploads\/2019\/09\/foro-Itinerante-sobre-Turismo1--300x169.jpg 300w, https:\/\/inces.gob.ve\/wp-content\/uploads\/2019\/09\/foro-Itinerante-sobre-Turismo1--768x432.jpg 768w\" sizes=\"auto, (max-width: 800px) 100vw, 800px\" \/><\/p>\n<p align=\"justify\"><span style=\"font-family: Arial, sans-serif;\"><span style=\"font-size: x-large;\">Entre las tareas asumidas por las instituciones con responsabilidad formativa en el \u00e1rea del turismo, se busca impulsar: la sensibilidad tur\u00edstica, el servicio y la atenci\u00f3n al usuario, y el fortalecimiento de la actividad cultural como destino tur\u00edstico. As\u00ed mismo se trabaja para maximizar los servicios tur\u00edsticos en M\u00e9rida tomando como proyecto priorizado el Sistema Telef\u00e9rico Mucumbar\u00ed (STM), puntualiz\u00f3 Moncada.<\/span><\/span><\/p>\n<p align=\"justify\">\n<p align=\"justify\">\n","protected":false},"excerpt":{"rendered":"<p>** \u201cEl Inces ha venido cumpliendo con el programa formativo para el sector turismo, as\u00ed como el acompa\u00f1amiento productivo del servicio a trav\u00e9s de cursos, talleres y diplomados, en un trabajo conjunto con otras instituciones comprometidas y con responsabilidad formativa en el sector\u201d<\/p>\n","protected":false},"author":15,"featured_media":31690,"comment_status":"closed","ping_status":"closed","sticky":false,"template":"","format":"standard","meta":{"footnotes":""},"categories":[2],"tags":[],"class_list":["post-31689","post","type-post","status-publish","format-standard","has-post-thumbnail","hentry","category-blog"],"_links":{"self":[{"href":"https:\/\/inces.gob.ve\/index.php\/wp-json\/wp\/v2\/posts\/31689","targetHints":{"allow":["GET"]}}],"collection":[{"href":"https:\/\/inces.gob.ve\/index.php\/wp-json\/wp\/v2\/posts"}],"about":[{"href":"https:\/\/inces.gob.ve\/index.php\/wp-json\/wp\/v2\/types\/post"}],"author":[{"embeddable":true,"href":"https:\/\/inces.gob.ve\/index.php\/wp-json\/wp\/v2\/users\/15"}],"replies":[{"embeddable":true,"href":"https:\/\/inces.gob.ve\/index.php\/wp-json\/wp\/v2\/comments?post=31689"}],"version-history":[{"count":3,"href":"https:\/\/inces.gob.ve\/index.php\/wp-json\/wp\/v2\/posts\/31689\/revisions"}],"predecessor-version":[{"id":31713,"href":"https:\/\/inces.gob.ve\/index.php\/wp-json\/wp\/v2\/posts\/31689\/revisions\/31713"}],"wp:featuredmedia":[{"embeddable":true,"href":"https:\/\/inces.gob.ve\/index.php\/wp-json\/wp\/v2\/media\/31690"}],"wp:attachment":[{"href":"https:\/\/inces.gob.ve\/index.php\/wp-json\/wp\/v2\/media?parent=31689"}],"wp:term":[{"taxonomy":"category","embeddable":true,"href":"https:\/\/inces.gob.ve\/index.php\/wp-json\/wp\/v2\/categories?post=31689"},{"taxonomy":"post_tag","embeddable":true,"href":"https:\/\/inces.gob.ve\/index.php\/wp-json\/wp\/v2\/tags?post=31689"}],"curies":[{"name":"wp","href":"https:\/\/api.w.org\/{rel}","templated":true}]}}