{"id":31716,"date":"2019-09-30T11:02:14","date_gmt":"2019-09-30T17:02:14","guid":{"rendered":"http:\/\/www.inces.gob.ve\/?p=31716"},"modified":"2020-05-28T20:25:51","modified_gmt":"2020-05-29T00:25:51","slug":"carabobo-ministro-aristobulo-isturiz-superviso-obras-de-rehabilitacion-en-la-eti-alfredo-pietri","status":"publish","type":"post","link":"https:\/\/inces.gob.ve\/index.php\/2019\/09\/30\/carabobo-ministro-aristobulo-isturiz-superviso-obras-de-rehabilitacion-en-la-eti-alfredo-pietri\/","title":{"rendered":"CARABOBO | Ministro Arist\u00f3bulo Ist\u00fariz supervis\u00f3 obras de rehabilitaci\u00f3n en la ETI \u201cAlfredo Pietri\u201d"},"content":{"rendered":"<p align=\"justify\"><span style=\"font-family: ARIAL, sans-serif;\"><span style=\"font-size: large;\"><i><b>** En la actividad estuvo presente la jefa de la Zona Educativa Aymara Aguiar; la alcaldesa Fairuth Ortega; el presidente del Inces, Wuilkeman Angel Paredes; Guyen Soto gerente regional de Inces Carabobo, as\u00ed como la comunidad organizada, personal directivo, docente, estudiantil y representantes de la refererida instituci\u00f3n <\/b><\/i><\/span><\/span><!--more--><\/p>\n<p align=\"justify\"><span style=\"font-family: ARIAL, sans-serif;\"><span style=\"font-size: large;\"><b>ATILIA CORTEZ<\/b><\/span><\/span><\/p>\n<p align=\"justify\"><span style=\"font-family: ARIAL, sans-serif;\"><span style=\"font-size: large;\"><b>En el marco<\/b><b> del plan \u201cUna Gota de Amor para mi Escuela en Resistencia\u201d, orientado por el presidente <\/b><b>de la rep\u00fablica, <\/b><b>Nicol\u00e1s Maduro,<\/b> este domingo el Ministro para la Educaci\u00f3n, <b>Arist\u00f3bulo Ist\u00fariz, supervis\u00f3 las obras de rehabilitaci\u00f3n y embellecimiento de la E<\/b><b>scuela <\/b><b>T<\/b><b>\u00e9cnica <\/b><b>I<\/b><b>ndustrial (ETI)<\/b><b>\u201cAlfredo Pietri\u201d,<\/b> ubicada en San Joaqu\u00edn, estado Carabobo.<\/span><\/span><\/p>\n<p align=\"justify\">\n<p align=\"justify\"><span style=\"font-family: ARIAL, sans-serif;\"><span style=\"font-size: large;\">El titular de Educaci\u00f3n explic\u00f3: \u201cTuvimos un inicio de actividades acad\u00e9micas exitoso desde el 16 de septiembre, fecha en la cual comenzaron clases m\u00e1s de seis millones de muchachos en todo el pa\u00eds; en un sistema educativo gratuito, popular, obligatorio. <b>E<\/b><b>ste martes <\/b><b>primero <\/b><b>de octubre se incorporar\u00e1n a las <\/b><b>aulas <\/b><b>los j\u00f3venes cursantes de Educaci\u00f3n Media General y T\u00e9cnica<\/b>, para totalizar una matr\u00edcula escolar de m\u00e1s de ocho millones y medio de estudiantes en el pa\u00eds\u201d.<\/span><\/span><\/p>\n<p align=\"justify\">\n<p align=\"justify\"><img loading=\"lazy\" decoding=\"async\" class=\"aligncenter wp-image-31718 size-full\" src=\"http:\/\/www.inces.gob.ve\/wp-content\/uploads\/2019\/09\/WUIKELMAN2.jpeg\" alt=\"\" width=\"680\" height=\"322\" srcset=\"https:\/\/inces.gob.ve\/wp-content\/uploads\/2019\/09\/WUIKELMAN2.jpeg 680w, https:\/\/inces.gob.ve\/wp-content\/uploads\/2019\/09\/WUIKELMAN2-300x142.jpeg 300w\" sizes=\"auto, (max-width: 680px) 100vw, 680px\" \/><\/p>\n<p align=\"justify\">\n<p align=\"justify\"><span style=\"font-family: ARIAL, sans-serif;\"><span style=\"font-size: large;\">Se pudo conocer que en la actividad estuvo p<b>resente la Brigada de Mantenimiento del centro del formaci<\/b><b>\u00f3<\/b><b>n socialista <\/b>(CFS) \u201cBicentenario\u201d del Inces, ubicado en el sector La Isabelica, liderizada por el presidente del Inces, Wuilkeman Angel Paredes y autoridades locales del Inces Carabobo, quienes <b>repararon <\/b><b>en tiempo record 40 mesa<\/b><b>s<\/b><b> <\/b><b>&#8211; <\/b><b>sillas y 42 pupitres <\/b><b>de la \u201c<\/b><b>Alfredo Pietri\u201d<\/b><b>.<\/b><\/span><\/span><\/p>\n<p align=\"justify\">\n<p align=\"justify\"><span style=\"font-family: ARIAL, sans-serif;\"><span style=\"font-size: large;\">Es de la resaltar que se dio a conocer la experiencia innovadora de la cocina cohete y de gasoil, dise\u00f1ada por j\u00f3venes del CFS \u201cBicentenario\u201d, ante las autoridades presentes y comunidad asistente.<\/span><\/span><\/p>\n<p align=\"justify\">\n<p align=\"justify\"><span style=\"font-family: ARIAL, sans-serif;\"><span style=\"font-size: large;\">Izturiz reconoci\u00f3 el trabajo realizado por el poder popular organizado, representantes, alumnos, as\u00ed como de instituciones, organismos y entes del Estado, <b>quienes se abocaron a contribuir con las mejoras de este centro educativo, <\/b><b>del cual <\/b><b>se estima <\/b><b>su <\/b><b>recuperaci\u00f3n integral.<\/b><\/span><\/span><\/p>\n<p align=\"justify\">\n<p align=\"justify\"><img loading=\"lazy\" decoding=\"async\" class=\"aligncenter wp-image-31719 size-full\" src=\"http:\/\/www.inces.gob.ve\/wp-content\/uploads\/2019\/09\/WUIKELMAN6.jpeg\" alt=\"\" width=\"680\" height=\"322\" srcset=\"https:\/\/inces.gob.ve\/wp-content\/uploads\/2019\/09\/WUIKELMAN6.jpeg 680w, https:\/\/inces.gob.ve\/wp-content\/uploads\/2019\/09\/WUIKELMAN6-300x142.jpeg 300w\" sizes=\"auto, (max-width: 680px) 100vw, 680px\" \/><\/p>\n<p align=\"justify\">\n<p align=\"justify\">\u201c<span style=\"font-family: ARIAL, sans-serif;\"><span style=\"font-size: large;\"><b>A un pa\u00eds as\u00ed jam\u00e1s lo van a derrotar, un pa\u00eds as\u00ed mantiene su dignidad, mantiene su frente en alto y esa es la grandeza de los venezolanos. Yo me siento orgulloso de que estemos aqu\u00ed; maestros, alumnos, todo el mundo<\/b> (\u2026) ustedes van a ver como va quedar esta escuela y poco a poco la vamos a ir poniendo como ejemplo. Esta es una escuela t\u00e9cnica en la que desde hoy vamos a abrir nuevas carreras y nuevas menciones\u201d, asever\u00f3 Ist\u00fariz.<\/span><\/span><\/p>\n<p align=\"justify\">\n","protected":false},"excerpt":{"rendered":"<p>** En la actividad estuvo presente la jefa de la Zona Educativa Aymara Aguiar; la alcaldesa Fairuth Ortega; el presidente del Inces, Wuilkeman Angel Paredes; Guyen Soto gerente regional de Inces Carabobo, as\u00ed como la comunidad organizada, personal directivo, docente, estudiantil y representantes de la refererida instituci\u00f3n<\/p>\n","protected":false},"author":4,"featured_media":31717,"comment_status":"closed","ping_status":"open","sticky":false,"template":"","format":"standard","meta":{"footnotes":""},"categories":[2],"tags":[],"class_list":["post-31716","post","type-post","status-publish","format-standard","has-post-thumbnail","hentry","category-blog"],"_links":{"self":[{"href":"https:\/\/inces.gob.ve\/index.php\/wp-json\/wp\/v2\/posts\/31716","targetHints":{"allow":["GET"]}}],"collection":[{"href":"https:\/\/inces.gob.ve\/index.php\/wp-json\/wp\/v2\/posts"}],"about":[{"href":"https:\/\/inces.gob.ve\/index.php\/wp-json\/wp\/v2\/types\/post"}],"author":[{"embeddable":true,"href":"https:\/\/inces.gob.ve\/index.php\/wp-json\/wp\/v2\/users\/4"}],"replies":[{"embeddable":true,"href":"https:\/\/inces.gob.ve\/index.php\/wp-json\/wp\/v2\/comments?post=31716"}],"version-history":[{"count":1,"href":"https:\/\/inces.gob.ve\/index.php\/wp-json\/wp\/v2\/posts\/31716\/revisions"}],"predecessor-version":[{"id":31720,"href":"https:\/\/inces.gob.ve\/index.php\/wp-json\/wp\/v2\/posts\/31716\/revisions\/31720"}],"wp:featuredmedia":[{"embeddable":true,"href":"https:\/\/inces.gob.ve\/index.php\/wp-json\/wp\/v2\/media\/31717"}],"wp:attachment":[{"href":"https:\/\/inces.gob.ve\/index.php\/wp-json\/wp\/v2\/media?parent=31716"}],"wp:term":[{"taxonomy":"category","embeddable":true,"href":"https:\/\/inces.gob.ve\/index.php\/wp-json\/wp\/v2\/categories?post=31716"},{"taxonomy":"post_tag","embeddable":true,"href":"https:\/\/inces.gob.ve\/index.php\/wp-json\/wp\/v2\/tags?post=31716"}],"curies":[{"name":"wp","href":"https:\/\/api.w.org\/{rel}","templated":true}]}}