{"id":31730,"date":"2019-09-30T12:55:37","date_gmt":"2019-09-30T18:55:37","guid":{"rendered":"http:\/\/www.inces.gob.ve\/?p=31730"},"modified":"2020-05-28T20:25:51","modified_gmt":"2020-05-29T00:25:51","slug":"falcon-culmino-curso-de-asistencia-al-adulto-mayor-2","status":"publish","type":"post","link":"https:\/\/inces.gob.ve\/index.php\/2019\/09\/30\/falcon-culmino-curso-de-asistencia-al-adulto-mayor-2\/","title":{"rendered":"Falc\u00f3n| culmin\u00f3 curso de Asistencia al Adulto Mayor"},"content":{"rendered":"<p class=\"western\" align=\"justify\"><span style=\"font-family: Arial, sans-serif;\"><span style=\"font-size: x-large;\">*<i><b>* Diecis\u00e9is participantes realizaron las pr\u00e1cticas profesionales en el Ger\u00e1trico \u201cDolores Beauj\u00f3n\u201d en Coro, poniendo al servicio de los abuelos los conocimientos adquiridos durante cuatro meses de formaci\u00f3n <\/b><\/i><\/span><\/span><!--more--><\/p>\n<p align=\"justify\">\n<p class=\"western\" lang=\"es-ES\" align=\"justify\"><span style=\"font-family: Arial, sans-serif;\"><span style=\"font-size: x-large;\"><b>MIRIAM GONZ\u00c1LEZ VILLARROEL | Inces Falc\u00f3n<\/b><\/span><\/span><\/p>\n<p class=\"western\" align=\"justify\">\u201c<span style=\"font-family: Arial, sans-serif;\"><span style=\"font-size: x-large;\">Las batallas de la vida son continuas, y no las gana el m\u00e1s fuerte, sino el que no duda en ning\u00fan momento, que es Dios quien d\u00e1 la victoria\u201d, expres\u00f3 el ni\u00f1o Carlos Hern\u00e1ndez quien se dirigi\u00f3 a los abuelos en el acto de <b>entrega de constancias a los participantes del curso: Asistencia al Adulto Mayor.<\/b><\/span><\/span><\/p>\n<p class=\"western\" align=\"justify\"><span style=\"font-family: Arial, sans-serif;\"><span style=\"font-size: x-large;\">La actividad de cierre se desarroll\u00f3 en los espacios del centro gerontol\u00f3gico \u201cDr. Jos\u00e9 Dolores Beaujon\u201d de Coro, <b>t<\/b><b>ras culminar 424 horas de aprendizaje productivo<\/b>. Explic\u00f3 la maestra t\u00e9cnico productiva (MTP) Eva Mar\u00eda Mart\u00ednez, del Programa Salud del Inces Falc\u00f3n, que los <b>16 participantes realizaron presentaciones sobre las patolog\u00edas m\u00e1s frecuentes en los adultos mayores, artritis, artrosis, diabetes, desnutrici\u00f3n, enfermedades neurodegenerativas,<\/b> de igual forma, sobre primeros auxilios, h\u00e1bitos saludables y cuidado del adulto mayor, entre otras tan importantes, para luego dar paso a las actividades culturales, presentaciones de obras de teatro, bailes y dramatizaciones.<\/span><\/span><\/p>\n<p class=\"western\" align=\"justify\"><span style=\"font-family: Arial, sans-serif;\"><span style=\"font-size: x-large;\"><img loading=\"lazy\" decoding=\"async\" class=\"aligncenter wp-image-31733 size-full\" src=\"http:\/\/www.inces.gob.ve\/wp-content\/uploads\/2019\/09\/inces-Asistencia-al-Adulto-Mayor-2-.jpg\" alt=\"\" width=\"800\" height=\"600\" srcset=\"https:\/\/inces.gob.ve\/wp-content\/uploads\/2019\/09\/inces-Asistencia-al-Adulto-Mayor-2-.jpg 800w, https:\/\/inces.gob.ve\/wp-content\/uploads\/2019\/09\/inces-Asistencia-al-Adulto-Mayor-2--300x225.jpg 300w, https:\/\/inces.gob.ve\/wp-content\/uploads\/2019\/09\/inces-Asistencia-al-Adulto-Mayor-2--768x576.jpg 768w, https:\/\/inces.gob.ve\/wp-content\/uploads\/2019\/09\/inces-Asistencia-al-Adulto-Mayor-2--136x102.jpg 136w\" sizes=\"auto, (max-width: 800px) 100vw, 800px\" \/><\/span><\/span><\/p>\n<p class=\"western\" align=\"justify\"><span style=\"font-family: Arial, sans-serif;\"><span style=\"font-size: x-large;\">En esta actividad dijo, Mart\u00ednez, se involucraron los clubes de Adultos Mayores: Disfrutar la Vida y el Arca de la Nueva Alianza; con la obra teatral: \u201cEl Testamento de Prudencio\u201d y el mon\u00f3logo: El Adulto Mayor, respectivamente.<\/span><\/span><\/p>\n<p class=\"western\" align=\"justify\"><span style=\"font-family: Arial, sans-serif;\"><span style=\"font-size: x-large;\"><b>Personal calificado<\/b><\/span><\/span><\/p>\n<p class=\"western\" align=\"justify\"><span style=\"font-family: Arial, sans-serif;\"><span style=\"font-size: x-large;\">Por su parte la gerente regional del Inces Falc\u00f3n, Eneyda Mart\u00ednez, consider\u00f3 que la formaci\u00f3n profesional estuvo dirigida a j\u00f3venes, quienes <b>ahora est\u00e1n aptos para incursionar en el mundo laboral atendiendo a personas sanas y enfermas.<\/b> Consider\u00f3, que este grupo de participantes, <b>realizaron las pr\u00e1cticas profesionales durante tres semanas en el geri\u00e1trico de Coro, tiempo en el cual, tuvieron la oportunidad de efectuar actividades f\u00edsicas, recreativas, culturales, ofreci\u00e9ndole a los abuelos a<\/b><b>tenci\u00f3n b\u00e1sica y apoyo emocional en las tareas cotidianas.<\/b><\/span><\/span><\/p>\n<p class=\"western\" align=\"justify\">\u201c<span style=\"font-family: Arial, sans-serif;\"><span style=\"font-size: x-large;\"><b>Los abuelos necesitan estar motivados y este personal est\u00e1 capacitado para trabajar en hospitales, centros de diagn\u00f3stico integral (CDI) y unidades geri\u00e1tricas, ya que est\u00e1n formados para resolver los principales problemas referentes a la promoci\u00f3n, protecci\u00f3n, recuperaci\u00f3n y rehabilitaci\u00f3n de la salud de los pacientes de la tercera edad de forma integral\u201d, expres\u00f3 Mart\u00ednez.<\/b><\/span><\/span><\/p>\n<p class=\"western\" align=\"justify\"><span style=\"font-family: Arial, sans-serif;\"><span style=\"font-size: x-large;\"><b><img loading=\"lazy\" decoding=\"async\" class=\"aligncenter wp-image-31732 size-full\" src=\"http:\/\/www.inces.gob.ve\/wp-content\/uploads\/2019\/09\/inces-Asistencia-al-Adulto-Mayor-4-.jpg\" alt=\"\" width=\"800\" height=\"450\" srcset=\"https:\/\/inces.gob.ve\/wp-content\/uploads\/2019\/09\/inces-Asistencia-al-Adulto-Mayor-4-.jpg 800w, https:\/\/inces.gob.ve\/wp-content\/uploads\/2019\/09\/inces-Asistencia-al-Adulto-Mayor-4--300x169.jpg 300w, https:\/\/inces.gob.ve\/wp-content\/uploads\/2019\/09\/inces-Asistencia-al-Adulto-Mayor-4--768x432.jpg 768w\" sizes=\"auto, (max-width: 800px) 100vw, 800px\" \/><\/b><\/span><\/span><\/p>\n<p class=\"western\" align=\"justify\"><span style=\"font-family: Arial, sans-serif;\"><span style=\"font-size: x-large;\"><b>Experiencias<\/b><\/span><\/span><\/p>\n<p class=\"western\" align=\"justify\"><span style=\"font-family: Arial, sans-serif;\"><span style=\"font-size: x-large;\">Para Josefina Pimentel, el respeto debe prevalecer cuando se cuida de personas de la tercera edad, \u201cla edad no limita, pero hay que mantenerlos motivados, es una experiencia muy bonita y hay que hacerles sentir que ellos valen mucho\u201d.<\/span><\/span><\/p>\n<p class=\"western\" align=\"justify\"><span style=\"font-family: Arial, sans-serif;\"><span style=\"font-size: x-large;\">De igual forma Cruz Capiello de Montilla, present\u00f3 la obra: La guerra de los precios, ante lo cual manifest\u00f3 que la situaci\u00f3n que vive actualmente el pa\u00eds, <b>\u201cnos ha puesto creativos, y cada quien se las ha ingeniado para que nuestro pa\u00eds salga adelante<\/b>, pong\u00e1monos a producir y a disfrutar de la vida; estamos muy agradecidos con el Programa Salud del Inces, que se ha esmerado en impartir este curso, cuyos conocimientos son vitales para atender a los adultos mayores\u201d.<\/span><\/span><\/p>\n<p align=\"justify\">\n","protected":false},"excerpt":{"rendered":"<p>** Diecis\u00e9is participantes realizaron las pr\u00e1cticas profesionales en el Ger\u00e1trico \u201cDolores Beauj\u00f3n\u201d en Coro, poniendo al servicio de los abuelos los conocimientos adquiridos durante cuatro meses de formaci\u00f3n<\/p>\n","protected":false},"author":15,"featured_media":31731,"comment_status":"closed","ping_status":"closed","sticky":false,"template":"","format":"standard","meta":{"footnotes":""},"categories":[2],"tags":[],"class_list":["post-31730","post","type-post","status-publish","format-standard","has-post-thumbnail","hentry","category-blog"],"_links":{"self":[{"href":"https:\/\/inces.gob.ve\/index.php\/wp-json\/wp\/v2\/posts\/31730","targetHints":{"allow":["GET"]}}],"collection":[{"href":"https:\/\/inces.gob.ve\/index.php\/wp-json\/wp\/v2\/posts"}],"about":[{"href":"https:\/\/inces.gob.ve\/index.php\/wp-json\/wp\/v2\/types\/post"}],"author":[{"embeddable":true,"href":"https:\/\/inces.gob.ve\/index.php\/wp-json\/wp\/v2\/users\/15"}],"replies":[{"embeddable":true,"href":"https:\/\/inces.gob.ve\/index.php\/wp-json\/wp\/v2\/comments?post=31730"}],"version-history":[{"count":2,"href":"https:\/\/inces.gob.ve\/index.php\/wp-json\/wp\/v2\/posts\/31730\/revisions"}],"predecessor-version":[{"id":31735,"href":"https:\/\/inces.gob.ve\/index.php\/wp-json\/wp\/v2\/posts\/31730\/revisions\/31735"}],"wp:featuredmedia":[{"embeddable":true,"href":"https:\/\/inces.gob.ve\/index.php\/wp-json\/wp\/v2\/media\/31731"}],"wp:attachment":[{"href":"https:\/\/inces.gob.ve\/index.php\/wp-json\/wp\/v2\/media?parent=31730"}],"wp:term":[{"taxonomy":"category","embeddable":true,"href":"https:\/\/inces.gob.ve\/index.php\/wp-json\/wp\/v2\/categories?post=31730"},{"taxonomy":"post_tag","embeddable":true,"href":"https:\/\/inces.gob.ve\/index.php\/wp-json\/wp\/v2\/tags?post=31730"}],"curies":[{"name":"wp","href":"https:\/\/api.w.org\/{rel}","templated":true}]}}