{"id":31747,"date":"2019-10-01T07:16:43","date_gmt":"2019-10-01T13:16:43","guid":{"rendered":"http:\/\/www.inces.gob.ve\/?p=31747"},"modified":"2020-05-28T20:25:50","modified_gmt":"2020-05-29T00:25:50","slug":"sede-turismo-y-empleo-un-futuro-mejor-para-todos","status":"publish","type":"post","link":"https:\/\/inces.gob.ve\/index.php\/2019\/10\/01\/sede-turismo-y-empleo-un-futuro-mejor-para-todos\/","title":{"rendered":"SEDE| Turismo y Empleo, \u201cUn Futuro Mejor para Todos\u201d"},"content":{"rendered":"<p align=\"justify\"><span style=\"font-family: Arial, sans-serif;\"><span style=\"font-size: x-large;\">** <i><b>Con la finalidad de concienciar a la comunidad incista, en acercar el valor social, cultural, pol\u00edtico y econ\u00f3mico del turismo.en el auditorio del Inces de la avenida Nueva Granada, se llev\u00f3 a cabo el Seminario de Turismo y Empleo \u201cUn Futuro Mejor para Todos\u201d,en el Marco del d\u00eda Mundial del Turismo.<\/b><\/i><\/span><\/span><!--more--><\/p>\n<p align=\"justify\">\n<p align=\"justify\"><span style=\"font-family: Arial, sans-serif;\"><span style=\"font-size: x-large;\">TRINA PINEDA\/Inces<\/span><\/span><\/p>\n<p align=\"justify\">\u201c<span style=\"font-family: Arial, sans-serif;\"><span style=\"font-size: x-large;\">El turismo contribuye a los Objetivos de Desarrollo Sostenible contemplados en el Plan de la Patria 2019-2025, para la creaci\u00f3n de empleo donde se tiene previsto para el 2030, elaborar y poner en pr\u00e1ctica pol\u00edticas encaminadas a promover un turismo sostenible y se promueva la cultura y los productos locales\u201d. <\/span><\/span><\/p>\n<p align=\"justify\">\n<p align=\"justify\"><span style=\"font-family: Arial, sans-serif;\"><span style=\"font-size: x-large;\">As\u00ed lo dio a conocer Jes\u00fas Hern\u00e1ndez Gerente de Formaci\u00f3n Profesional del Inces, donde se\u00f1ala en su ponencia que la oferta, la capacitaci\u00f3n y la educaci\u00f3n son elementos importantes para el desarrollo del turismo. \u201cDebe ser sostenible y revisado las potencialidades que tiene el sector turismo, para el desarrollo de una econom\u00eda sustentable en las comunidades y en aquellos espacios que se pueda potenciar el turismos nivel nacional\u201d. Acot\u00f3 Hern\u00e1ndez.<\/span><\/span><\/p>\n<p align=\"justify\">\n<p align=\"justify\"><img loading=\"lazy\" decoding=\"async\" class=\"aligncenter wp-image-31749 size-full\" src=\"http:\/\/www.inces.gob.ve\/wp-content\/uploads\/2019\/10\/INCES-Turismo-y-Empleo3-.jpg\" alt=\"\" width=\"800\" height=\"533\" srcset=\"https:\/\/inces.gob.ve\/wp-content\/uploads\/2019\/10\/INCES-Turismo-y-Empleo3-.jpg 800w, https:\/\/inces.gob.ve\/wp-content\/uploads\/2019\/10\/INCES-Turismo-y-Empleo3--300x200.jpg 300w, https:\/\/inces.gob.ve\/wp-content\/uploads\/2019\/10\/INCES-Turismo-y-Empleo3--768x512.jpg 768w\" sizes=\"auto, (max-width: 800px) 100vw, 800px\" \/><br \/>\n<span style=\"font-family: Arial, sans-serif;\"><span style=\"font-size: x-large;\">Inform\u00f3 Hern\u00e1ndez que la cadena de valor, a trav\u00e9s de los procesos que se desarrollan en las identidades de trabajo en el sector turismo y en conjunto con las comunidades se debe formar alianza para la formaci\u00f3n en lo que respecta la matriz program\u00e1tica del Inces y tom\u00f3 como ejemplo, las acreditaciones de los saberes emp\u00edricos, la formaci\u00f3n productiva, as\u00ed como la formaci\u00f3n en las entidades de trabajo del sector turismo, el Programa Nacional de Aprendizaje, (PNA) y el Bachillerato Productivo con en el \u00e1rea de turismo. <\/span><\/span><\/p>\n<p align=\"justify\">\n<p align=\"justify\"><span style=\"font-family: Arial, sans-serif;\"><span style=\"font-size: x-large;\">Zulay Hern\u00e1ndez Presidenta de la C\u00e1mara de Turismo de Maracaibo y Directora del Consejo de Turismo, le dio las gracias\u00a0 al Programa Inces Turismo y al Inatur de invitarlos a este seminario. \u201cGracias al Inces de invitar al sector privado para dar a conocer el trabajo que nosotros venimos implementando en el sector turismo, la promoci\u00f3n y la capacitaci\u00f3n ha sido indispensable para nosotros en el desarrollo de todas las actividades que realizamos, junto al resto de las instituciones, dando el apoyo para el adiestramiento de su personal y aquellos cursos que realiza el Inces\u201d<\/span><\/span><\/p>\n<p align=\"justify\"><img loading=\"lazy\" decoding=\"async\" class=\"aligncenter wp-image-31751 size-full\" src=\"http:\/\/www.inces.gob.ve\/wp-content\/uploads\/2019\/10\/INCES-Turismo-y-Empleo1-.jpg\" alt=\"\" width=\"800\" height=\"533\" srcset=\"https:\/\/inces.gob.ve\/wp-content\/uploads\/2019\/10\/INCES-Turismo-y-Empleo1-.jpg 800w, https:\/\/inces.gob.ve\/wp-content\/uploads\/2019\/10\/INCES-Turismo-y-Empleo1--300x200.jpg 300w, https:\/\/inces.gob.ve\/wp-content\/uploads\/2019\/10\/INCES-Turismo-y-Empleo1--768x512.jpg 768w\" sizes=\"auto, (max-width: 800px) 100vw, 800px\" \/><\/p>\n<p align=\"justify\"><span style=\"font-family: Arial, sans-serif;\"><span style=\"font-size: x-large;\">Mar\u00eda Angelina Vel\u00e1squez directora ejecutiva de la Asociaci\u00f3n Venezolana de Agencias de Viajes y Turismo AVAVIT, se\u00f1al\u00f3 que han venido trabajando de la mano con el Inces. \u201cGracias por la invitaci\u00f3n,\u00a0 este seminario refleja uno de los objetivos de desarrollo sostenido, que es la educaci\u00f3n y el empleo para el desarrollo econ\u00f3mico, y hemos venido trabajando en la formaci\u00f3n de los j\u00f3venes, ense\u00f1ando sobre Cocina, Mec\u00e1nica de mantenimiento Hotelero, Servicio de Restauran y Analista de contabilidad. Tenemos mas de 15 a\u00f1os haciendo esta labor con el Inces, lo hacemos en nuestros hoteles, hemos formado una gran cantidad de j\u00f3venes en esta \u00e1rea, y para nosotros es satisfactorio porque generamos empleo para esta poblaci\u00f3n\u201dAcot\u00f3 Vel\u00e1squez. <\/span><\/span><\/p>\n<p align=\"justify\"><img loading=\"lazy\" decoding=\"async\" class=\"aligncenter wp-image-31748 size-full\" src=\"http:\/\/www.inces.gob.ve\/wp-content\/uploads\/2019\/10\/INCES-Turismo-y-Empleo4-.jpg\" alt=\"\" width=\"800\" height=\"533\" srcset=\"https:\/\/inces.gob.ve\/wp-content\/uploads\/2019\/10\/INCES-Turismo-y-Empleo4-.jpg 800w, https:\/\/inces.gob.ve\/wp-content\/uploads\/2019\/10\/INCES-Turismo-y-Empleo4--300x200.jpg 300w, https:\/\/inces.gob.ve\/wp-content\/uploads\/2019\/10\/INCES-Turismo-y-Empleo4--768x512.jpg 768w\" sizes=\"auto, (max-width: 800px) 100vw, 800px\" \/><\/p>\n<p align=\"justify\"><span style=\"font-family: Arial, sans-serif;\"><span style=\"font-size: x-large;\">Finalmente el Profesor Hern\u00e1n Haranburu del Instituto Universitario Tecnol\u00f3gico \u201cAm\u00e9rico Vespucio\u201d, inform\u00f3 las posibilidades de estudios universitarios en este alma mater. \u201cAll\u00ed se dicta la carrera de turismo y hotelera, consideramos que brindamos las oportunidades en educar a nuestra poblaci\u00f3n y en esta ocasi\u00f3n dentro de este seminario, es fruct\u00edfera para los estudiantes en su formaci\u00f3n lo que garantizar\u00edamos el desarrollo sustentable del pa\u00eds, sobre todo ac\u00e1 en Venezuela, hay poca formaci\u00f3n en esta materia. Acot\u00f3 Haranburu.<\/span><\/span><\/p>\n<p align=\"justify\">\n","protected":false},"excerpt":{"rendered":"<p>** Con la finalidad de concienciar a la comunidad incista, en acercar el valor social, cultural, pol\u00edtico y econ\u00f3mico del turismo.en el auditorio del Inces de la avenida Nueva Granada, se llev\u00f3 a cabo el Seminario de Turismo y Empleo \u201cUn Futuro Mejor para Todos\u201d,en el Marco del d\u00eda Mundial del Turismo.<\/p>\n","protected":false},"author":15,"featured_media":31750,"comment_status":"closed","ping_status":"closed","sticky":false,"template":"","format":"standard","meta":{"footnotes":""},"categories":[2],"tags":[],"class_list":["post-31747","post","type-post","status-publish","format-standard","has-post-thumbnail","hentry","category-blog"],"_links":{"self":[{"href":"https:\/\/inces.gob.ve\/index.php\/wp-json\/wp\/v2\/posts\/31747","targetHints":{"allow":["GET"]}}],"collection":[{"href":"https:\/\/inces.gob.ve\/index.php\/wp-json\/wp\/v2\/posts"}],"about":[{"href":"https:\/\/inces.gob.ve\/index.php\/wp-json\/wp\/v2\/types\/post"}],"author":[{"embeddable":true,"href":"https:\/\/inces.gob.ve\/index.php\/wp-json\/wp\/v2\/users\/15"}],"replies":[{"embeddable":true,"href":"https:\/\/inces.gob.ve\/index.php\/wp-json\/wp\/v2\/comments?post=31747"}],"version-history":[{"count":5,"href":"https:\/\/inces.gob.ve\/index.php\/wp-json\/wp\/v2\/posts\/31747\/revisions"}],"predecessor-version":[{"id":31775,"href":"https:\/\/inces.gob.ve\/index.php\/wp-json\/wp\/v2\/posts\/31747\/revisions\/31775"}],"wp:featuredmedia":[{"embeddable":true,"href":"https:\/\/inces.gob.ve\/index.php\/wp-json\/wp\/v2\/media\/31750"}],"wp:attachment":[{"href":"https:\/\/inces.gob.ve\/index.php\/wp-json\/wp\/v2\/media?parent=31747"}],"wp:term":[{"taxonomy":"category","embeddable":true,"href":"https:\/\/inces.gob.ve\/index.php\/wp-json\/wp\/v2\/categories?post=31747"},{"taxonomy":"post_tag","embeddable":true,"href":"https:\/\/inces.gob.ve\/index.php\/wp-json\/wp\/v2\/tags?post=31747"}],"curies":[{"name":"wp","href":"https:\/\/api.w.org\/{rel}","templated":true}]}}