{"id":31776,"date":"2019-10-01T09:05:11","date_gmt":"2019-10-01T15:05:11","guid":{"rendered":"http:\/\/www.inces.gob.ve\/?p=31776"},"modified":"2020-05-28T20:25:50","modified_gmt":"2020-05-29T00:25:50","slug":"bolivar-14-personas-fueron-acreditadas-en-el-sector-penitenciario","status":"publish","type":"post","link":"https:\/\/inces.gob.ve\/index.php\/2019\/10\/01\/bolivar-14-personas-fueron-acreditadas-en-el-sector-penitenciario\/","title":{"rendered":"BOL\u00cdVAR | 14 personas fueron acreditadas en el sector penitenciario"},"content":{"rendered":"<p align=\"justify\"><span style=\"font-family: Arial, sans-serif;\"><span style=\"font-size: x-large;\"><i><b>** El Inces regional Bol\u00edvar contin\u00faa realizando una ardua labor a fin de garantizar formaci\u00f3n, en las diferentes \u00e1reas productivas, a las personas que hacen vida en los establecimientos penitenciarios<\/b><\/i><\/span><\/span><!--more--><\/p>\n<p align=\"justify\">\n<p align=\"justify\"><span style=\"font-family: Arial, sans-serif;\"><span style=\"font-size: x-large;\"><b>ALEXSSIA THOMAS<\/b><\/span><\/span><\/p>\n<p align=\"justify\"><span style=\"font-family: Arial, sans-serif;\"><span style=\"font-size: x-large;\">En esta oportunidad el Inces atendi\u00f3 a los privados de libertad del Centro de Coordinaci\u00f3n Policial de Guaiparo, ubicado en San F\u00e9lix, espacio donde acudi\u00f3 la gerente regional del ente formador en el estado Bol\u00edvar, Ruth Jim\u00e9nez; la coordinadora del Programa Penitenciario, Aracelis Limpio y una comisi\u00f3n delegada por la gerencia para hacer entrega de 14 constancias a los reclusos que se acreditaron en los oficios Mec\u00e1nica, Electricidad, Barber\u00eda, Soldadura y Construcci\u00f3n. <\/span><\/span><\/p>\n<p align=\"justify\"><span style=\"font-family: Arial, sans-serif;\"><span style=\"font-size: x-large;\">Cabe destacar que los acreditados ser\u00e1n los formadores Inces que atender\u00e1n a la poblaci\u00f3n privada de libertad. Para esta semana se tiene previsto el inicio de los cursos Herrer\u00eda B\u00e1sica, B\u00e1sico de Electricidad, Mantenimiento y Reparaci\u00f3n de Electrodom\u00e9sticos, Sistema de Frenos, Barber\u00eda y Alba\u00f1iler\u00eda, atendiendo a 210 personas. <\/span><\/span><\/p>\n<p align=\"justify\"><span style=\"font-family: Arial, sans-serif;\"><span style=\"font-size: x-large;\"><img loading=\"lazy\" decoding=\"async\" class=\"aligncenter wp-image-31779 size-full\" src=\"http:\/\/www.inces.gob.ve\/wp-content\/uploads\/2019\/10\/Inces-acreditan-sector-penitenciario-1-.jpg\" alt=\"\" width=\"800\" height=\"600\" srcset=\"https:\/\/inces.gob.ve\/wp-content\/uploads\/2019\/10\/Inces-acreditan-sector-penitenciario-1-.jpg 800w, https:\/\/inces.gob.ve\/wp-content\/uploads\/2019\/10\/Inces-acreditan-sector-penitenciario-1--300x225.jpg 300w, https:\/\/inces.gob.ve\/wp-content\/uploads\/2019\/10\/Inces-acreditan-sector-penitenciario-1--768x576.jpg 768w, https:\/\/inces.gob.ve\/wp-content\/uploads\/2019\/10\/Inces-acreditan-sector-penitenciario-1--136x102.jpg 136w\" sizes=\"auto, (max-width: 800px) 100vw, 800px\" \/><\/span><\/span><\/p>\n<p align=\"justify\"><span style=\"font-family: Arial, sans-serif;\"><span style=\"font-size: x-large;\">Asimismo, Limpio revel\u00f3 que se han atendido a m\u00e1s de 460 reclusos, \u201cHemos venido trabajando y lo que hemos prometido lo estamos cumpliendo. La idea es que todos aprovechen al m\u00e1ximo estas formaciones, las cuales les van a servir cuando salgan a la calle como hombres regenerados\u201d<\/span><\/span><\/p>\n<p align=\"justify\"><span style=\"font-family: Arial, sans-serif;\"><span style=\"font-size: x-large;\">Por su parte, el privado de libertad David P\u00e9rez manifest\u00f3 estar muy agradecidos con la instituci\u00f3n: \u201cEn nombre de todos lo que hacemos vida aqu\u00ed, los internos de Guaiparo, damos las gracias al Inces, instituci\u00f3n que se ha abocado a incentivar a las personas para que estudien y estos j\u00f3venes salgan con una mente positiva para construir una Venezuela mejor\u201d.<\/span><\/span><\/p>\n<p align=\"justify\"><span style=\"font-family: Arial, sans-serif;\"><span style=\"font-size: x-large;\"><img loading=\"lazy\" decoding=\"async\" class=\"aligncenter wp-image-31777 size-full\" src=\"http:\/\/www.inces.gob.ve\/wp-content\/uploads\/2019\/10\/Inces-acreditan-sector-penitenciario-4-.jpg\" alt=\"\" width=\"800\" height=\"600\" srcset=\"https:\/\/inces.gob.ve\/wp-content\/uploads\/2019\/10\/Inces-acreditan-sector-penitenciario-4-.jpg 800w, https:\/\/inces.gob.ve\/wp-content\/uploads\/2019\/10\/Inces-acreditan-sector-penitenciario-4--300x225.jpg 300w, https:\/\/inces.gob.ve\/wp-content\/uploads\/2019\/10\/Inces-acreditan-sector-penitenciario-4--768x576.jpg 768w, https:\/\/inces.gob.ve\/wp-content\/uploads\/2019\/10\/Inces-acreditan-sector-penitenciario-4--136x102.jpg 136w\" sizes=\"auto, (max-width: 800px) 100vw, 800px\" \/><\/span><\/span><\/p>\n<p align=\"justify\"><span style=\"font-family: Arial, sans-serif;\"><span style=\"font-size: x-large;\">Talleres, charlas, labor social y una variedad de ofertas formativas es lo que ofrece el programa Luisa C\u00e1ceres de Arismendi, a fin de construir un hombre nuevo. <\/span><\/span><\/p>\n","protected":false},"excerpt":{"rendered":"<p>** El Inces regional Bol\u00edvar contin\u00faa realizando una ardua labor a fin de garantizar formaci\u00f3n, en las diferentes \u00e1reas productivas, a las personas que hacen vida en los establecimientos penitenciarios<\/p>\n","protected":false},"author":15,"featured_media":31778,"comment_status":"closed","ping_status":"closed","sticky":false,"template":"","format":"standard","meta":{"footnotes":""},"categories":[2],"tags":[],"class_list":["post-31776","post","type-post","status-publish","format-standard","has-post-thumbnail","hentry","category-blog"],"_links":{"self":[{"href":"https:\/\/inces.gob.ve\/index.php\/wp-json\/wp\/v2\/posts\/31776","targetHints":{"allow":["GET"]}}],"collection":[{"href":"https:\/\/inces.gob.ve\/index.php\/wp-json\/wp\/v2\/posts"}],"about":[{"href":"https:\/\/inces.gob.ve\/index.php\/wp-json\/wp\/v2\/types\/post"}],"author":[{"embeddable":true,"href":"https:\/\/inces.gob.ve\/index.php\/wp-json\/wp\/v2\/users\/15"}],"replies":[{"embeddable":true,"href":"https:\/\/inces.gob.ve\/index.php\/wp-json\/wp\/v2\/comments?post=31776"}],"version-history":[{"count":1,"href":"https:\/\/inces.gob.ve\/index.php\/wp-json\/wp\/v2\/posts\/31776\/revisions"}],"predecessor-version":[{"id":31780,"href":"https:\/\/inces.gob.ve\/index.php\/wp-json\/wp\/v2\/posts\/31776\/revisions\/31780"}],"wp:featuredmedia":[{"embeddable":true,"href":"https:\/\/inces.gob.ve\/index.php\/wp-json\/wp\/v2\/media\/31778"}],"wp:attachment":[{"href":"https:\/\/inces.gob.ve\/index.php\/wp-json\/wp\/v2\/media?parent=31776"}],"wp:term":[{"taxonomy":"category","embeddable":true,"href":"https:\/\/inces.gob.ve\/index.php\/wp-json\/wp\/v2\/categories?post=31776"},{"taxonomy":"post_tag","embeddable":true,"href":"https:\/\/inces.gob.ve\/index.php\/wp-json\/wp\/v2\/tags?post=31776"}],"curies":[{"name":"wp","href":"https:\/\/api.w.org\/{rel}","templated":true}]}}