{"id":31781,"date":"2019-10-01T09:16:41","date_gmt":"2019-10-01T15:16:41","guid":{"rendered":"http:\/\/www.inces.gob.ve\/?p=31781"},"modified":"2020-05-28T20:25:50","modified_gmt":"2020-05-29T00:25:50","slug":"sede-inces-propone-un-nuevo-esquema-de-estudio-el-bachillerato-productivo","status":"publish","type":"post","link":"https:\/\/inces.gob.ve\/index.php\/2019\/10\/01\/sede-inces-propone-un-nuevo-esquema-de-estudio-el-bachillerato-productivo\/","title":{"rendered":"SEDE | Inces propone un nuevo esquema de estudio: el \u201cBachillerato Productivo\u201d"},"content":{"rendered":"<p align=\"justify\"><span style=\"color: #000000;\"><span style=\"font-family: Arial, sans-serif;\"><span style=\"font-size: x-large;\"><i><b>** Desde los estudios de Venezolana de Televisi\u00f3n, Richard Delgado, director <\/b><\/i><i><b>e<\/b><\/i><i><b>strat\u00e9gico de Formaci\u00f3n y Autoformaci\u00f3n del <\/b><\/i><i><b>Inces<\/b><\/i><i><b>, <\/b><\/i><i><b>fue entrevistado por Dahir Ral y Pedro Yajure <\/b><\/i><i><b>en el programa Al Aire<\/b><\/i> <\/span><\/span><\/span><\/p>\n<p align=\"justify\"><!--more--><\/p>\n<p align=\"justify\">\n<p align=\"justify\"><strong><span style=\"color: #000000;\"><span style=\"font-family: Arial,sans-serif;\"><span style=\"font-size: x-large;\">DIMAS P\u00c1EZ\/ Prensa Inces<br \/>\n<\/span><\/span><\/span><\/strong><\/p>\n<p align=\"justify\"><span style=\"color: #000000;\"><span style=\"font-family: Arial, sans-serif;\"><span style=\"font-size: x-large;\">El director estrat\u00e9gico de Formaci\u00f3n y Autoformaci\u00f3n del Inces, Richard Delgado, explic\u00f3 las bondades, beneficios y metodolog\u00eda de estudio del bachillerato productivo, modalidad formativa que dicta el Inces en todo al pa\u00eds. La disertaci\u00f3n fue expuesta a trav\u00e9s de Venezolana de Televisi\u00f3n (VTV) este primero de octubre.<\/span><\/span><\/span><\/p>\n<p align=\"justify\">\n<p align=\"justify\"><span style=\"color: #000000;\"><span style=\"font-family: Arial, sans-serif;\"><span style=\"font-size: x-large;\">Frente a los micr\u00f3fonos de VTV, Delgado inform\u00f3 que uno de los programas de formaci\u00f3n que adelanta el Inces, en articulaci\u00f3n con el Ministerio de Educaci\u00f3n, es el bachillerato productivo, el cual incluye la modalidad de certificaci\u00f3n y reconocimiento de un componente productivo.<\/span><\/span><\/span><\/p>\n<p align=\"justify\"><img loading=\"lazy\" decoding=\"async\" class=\"aligncenter wp-image-31785 size-full\" src=\"http:\/\/www.inces.gob.ve\/wp-content\/uploads\/2019\/10\/Inces-nuevo-esquema-de-estudio-5-.jpeg\" alt=\"\" width=\"800\" height=\"599\" srcset=\"https:\/\/inces.gob.ve\/wp-content\/uploads\/2019\/10\/Inces-nuevo-esquema-de-estudio-5-.jpeg 800w, https:\/\/inces.gob.ve\/wp-content\/uploads\/2019\/10\/Inces-nuevo-esquema-de-estudio-5--300x225.jpeg 300w, https:\/\/inces.gob.ve\/wp-content\/uploads\/2019\/10\/Inces-nuevo-esquema-de-estudio-5--768x575.jpeg 768w, https:\/\/inces.gob.ve\/wp-content\/uploads\/2019\/10\/Inces-nuevo-esquema-de-estudio-5--136x102.jpeg 136w\" sizes=\"auto, (max-width: 800px) 100vw, 800px\" \/><\/p>\n<p align=\"justify\"><span style=\"color: #000000;\">\u201c<span style=\"font-family: Arial, sans-serif;\"><span style=\"font-size: x-large;\">El Inces nos brinda una f\u00f3rmula muy interesante para la obtenci\u00f3n del t\u00edtulo de bachiller. Los j\u00f3venes mayores de 15 a\u00f1os y adultos que desean reincorporarse a sus estudios de educaci\u00f3n media, se inscriben en el Inces, y una vez cursadas todas las materias, obtienen un certificado que reconoce sus conocimientos en una formaci\u00f3n t\u00e9cnica productiva, aunado al t\u00edtulo de bachiller avalado por el Ministerio de Educaci\u00f3n\u201d, explic\u00f3 Delgado.<\/span><\/span><\/span><\/p>\n<p align=\"justify\">\n<p align=\"justify\"><span style=\"color: #000000;\"><span style=\"font-family: Arial, sans-serif;\"><span style=\"font-size: x-large;\">Se supo que el bachillerato productivo tiene como finalidad que cada joven o adulto tenga un perfil productivo que le permita tener las capacidades, competencias y habilidades para desempe\u00f1arse en un oficio productivo, pero que tambi\u00e9n pueda proseguir con sus estudios universitarios. Esta modalidad formativa est\u00e1 dise\u00f1ada para que el egresado logre un crecimiento personal, profesional, colectivo y comunitario en diferentes \u00e1reas socioproductivas, para incluirse en el trabajo y para encaminarse hacia la nueva visi\u00f3n y la construcci\u00f3n de un nuevo modelo productivo en Venezuela.<\/span><\/span><\/span><\/p>\n<p align=\"justify\">\n<p align=\"justify\"><span style=\"color: #000000;\"><span style=\"font-family: Arial, sans-serif;\"><span style=\"font-size: x-large;\">Contin\u00fao Delgado: \u201cNosotros, a trav\u00e9s de la transformaci\u00f3n curricular, estamos desde el 2016 construyendo junto al Ministerio de Educaci\u00f3n esta modalidad para la obtenci\u00f3n del t\u00edtulo de bachiller. Contamos con 263 perfiles productivos que vinculamos a la formaci\u00f3n del bachillerato que dicta el Inces. Como primera opci\u00f3n tenemos los 15 motores que el presidente Nicol\u00e1s Maduro viene impulsando para reactivar la econom\u00eda. El participante del Inces puede formarse en las \u00e1reas: Agroalimentaria, Industrias, Turismo, Tecnolog\u00eda, entre otras; en este sentido, podemos estar hablando de productores semilleros o de cultivadores y procesadores de alimentos. Esto solo en el \u00e1rea agroalimentaria\u201d, aclar\u00f3.<\/span><\/span><\/span><\/p>\n<p align=\"justify\"><span style=\"color: #000000;\"><span style=\"font-family: Arial, sans-serif;\"><span style=\"font-size: x-large;\">En cuanto a los tiempo de estudios el director estrat\u00e9gico de Formaci\u00f3n y Autoformaci\u00f3n explic\u00f3 que el proceso regular de estudios dura tres a\u00f1os; sin embargo, dependiendo del perfil y de los conocimientos de cada persona, el t\u00edtulo puede obtenerse en menos tiempo. \u201cPor la modalidad de acreditaci\u00f3n, que es lo novedoso, las personas pueden sacar el bachillerato en un periodo aproximado de seis meses. Recordemos que las personas j\u00f3venes y adultas, pero sobre todo los adultos, tenemos una caracter\u00edstica y es que hemos vivido por muchos tiempo. Una persona adulta, a lo largo del tiempo, ha venido trabajando, obteniendo un conocimiento que nadie reconoce. Nosotros estamos valorando esas experiencias vividas y reconoci\u00e9ndole a las personas, con el bachillerato productivo, sus conocimientos\u201d.<\/span><\/span><\/span><\/p>\n<p align=\"justify\">\n<p align=\"justify\"><span style=\"color: #000000;\"><span style=\"font-family: Arial, sans-serif;\"><span style=\"font-size: x-large;\">Para poder cursar estudio de bachiller en el Inces es necesario que el interesado tenga al menos un a\u00f1o desvinculado de la educaci\u00f3n regular. Cuando se presentan casos de j\u00f3venes que acaban de desertar de sus estudios y son menores de 17 a\u00f1os, el Inces procura que vuelvan a la educaci\u00f3n regular.<\/span><\/span><\/span><\/p>\n<p align=\"justify\"><span style=\"color: #000000;\"><span style=\"font-family: Arial, sans-serif;\"><span style=\"font-size: x-large;\"><img loading=\"lazy\" decoding=\"async\" class=\"aligncenter wp-image-31783 size-full\" src=\"http:\/\/www.inces.gob.ve\/wp-content\/uploads\/2019\/10\/Inces-nuevo-esquema-de-estudio2-.jpeg\" alt=\"\" width=\"800\" height=\"599\" srcset=\"https:\/\/inces.gob.ve\/wp-content\/uploads\/2019\/10\/Inces-nuevo-esquema-de-estudio2-.jpeg 800w, https:\/\/inces.gob.ve\/wp-content\/uploads\/2019\/10\/Inces-nuevo-esquema-de-estudio2--300x225.jpeg 300w, https:\/\/inces.gob.ve\/wp-content\/uploads\/2019\/10\/Inces-nuevo-esquema-de-estudio2--768x575.jpeg 768w, https:\/\/inces.gob.ve\/wp-content\/uploads\/2019\/10\/Inces-nuevo-esquema-de-estudio2--136x102.jpeg 136w\" sizes=\"auto, (max-width: 800px) 100vw, 800px\" \/><\/span><\/span><\/span><\/p>\n<p align=\"justify\">\n<p align=\"justify\"><span style=\"color: #000000;\"><span style=\"font-family: Arial, sans-serif;\"><span style=\"font-size: x-large;\">Una vez que las personas obtienen el t\u00edtulo de bachiller son incluidas en las pol\u00edticas que impulsa el Estado venezolano como la Gran Misi\u00f3n Chamba Juvenil; \u201carticulamos tambi\u00e9n con el sistema de empleo del Ministerio el Poder Popular para el Proceso Social del Trabajo y tambi\u00e9n desarrollamos, a lo interno del Inces, un programa de organizaci\u00f3n del emprendimiento productivo de manera que estamos mir\u00e1ndolo m\u00e1s que como empleado, como parte del sistema de desarrollo productivo del pa\u00eds\u201d. <\/span><\/span><\/span><\/p>\n<p align=\"justify\"><span style=\"color: #000000;\"><span style=\"font-family: Arial, sans-serif;\"><span style=\"font-size: x-large;\">Inces, al igual que el Ministerio de Educaci\u00f3n, ya inici\u00f3 su periodo escolar. El pr\u00f3ximo proceso de inscripci\u00f3n inicia, en todo el pa\u00eds, en febrero de 2020, sin embargo, quienes quieran optar por la modalidad de acreditaci\u00f3n tienen todo el a\u00f1o para hacerlo.<\/span><\/span><\/span><\/p>\n","protected":false},"excerpt":{"rendered":"<p>** Desde los estudios de Venezolana de Televisi\u00f3n, Richard Delgado, director estrat\u00e9gico de Formaci\u00f3n y Autoformaci\u00f3n del Inces, fue entrevistado por Dahir Ral y Pedro Yajure en el programa Al Aire<\/p>\n","protected":false},"author":15,"featured_media":31784,"comment_status":"closed","ping_status":"closed","sticky":false,"template":"","format":"standard","meta":{"footnotes":""},"categories":[2],"tags":[],"class_list":["post-31781","post","type-post","status-publish","format-standard","has-post-thumbnail","hentry","category-blog"],"_links":{"self":[{"href":"https:\/\/inces.gob.ve\/index.php\/wp-json\/wp\/v2\/posts\/31781","targetHints":{"allow":["GET"]}}],"collection":[{"href":"https:\/\/inces.gob.ve\/index.php\/wp-json\/wp\/v2\/posts"}],"about":[{"href":"https:\/\/inces.gob.ve\/index.php\/wp-json\/wp\/v2\/types\/post"}],"author":[{"embeddable":true,"href":"https:\/\/inces.gob.ve\/index.php\/wp-json\/wp\/v2\/users\/15"}],"replies":[{"embeddable":true,"href":"https:\/\/inces.gob.ve\/index.php\/wp-json\/wp\/v2\/comments?post=31781"}],"version-history":[{"count":3,"href":"https:\/\/inces.gob.ve\/index.php\/wp-json\/wp\/v2\/posts\/31781\/revisions"}],"predecessor-version":[{"id":31815,"href":"https:\/\/inces.gob.ve\/index.php\/wp-json\/wp\/v2\/posts\/31781\/revisions\/31815"}],"wp:featuredmedia":[{"embeddable":true,"href":"https:\/\/inces.gob.ve\/index.php\/wp-json\/wp\/v2\/media\/31784"}],"wp:attachment":[{"href":"https:\/\/inces.gob.ve\/index.php\/wp-json\/wp\/v2\/media?parent=31781"}],"wp:term":[{"taxonomy":"category","embeddable":true,"href":"https:\/\/inces.gob.ve\/index.php\/wp-json\/wp\/v2\/categories?post=31781"},{"taxonomy":"post_tag","embeddable":true,"href":"https:\/\/inces.gob.ve\/index.php\/wp-json\/wp\/v2\/tags?post=31781"}],"curies":[{"name":"wp","href":"https:\/\/api.w.org\/{rel}","templated":true}]}}