{"id":31859,"date":"2019-10-02T12:57:55","date_gmt":"2019-10-02T18:57:55","guid":{"rendered":"http:\/\/www.inces.gob.ve\/?p=31859"},"modified":"2020-05-28T20:25:50","modified_gmt":"2020-05-29T00:25:50","slug":"bolivar-jpsuv-activan-circulos-de-formacion-politica-ideologica","status":"publish","type":"post","link":"https:\/\/inces.gob.ve\/index.php\/2019\/10\/02\/bolivar-jpsuv-activan-circulos-de-formacion-politica-ideologica\/","title":{"rendered":"BOL\u00cdVAR | Jpsuv activan c\u00edrculos de formaci\u00f3n pol\u00edtica ideol\u00f3gica"},"content":{"rendered":"<p align=\"justify\"><em><strong><span style=\"font-family: Arial,sans-serif;\"><span style=\"font-size: x-large;\">** 25 aprendices de CVG fueron los primeros en iniciar esta capacitaci\u00f3n que busca crear una conciencia militante en los j\u00f3venes para el debate y su accionar ante la coyuntura pol\u00edtica actual<\/span><\/span><\/strong><\/em><\/p>\n<p align=\"justify\"><!--more--><\/p>\n<p align=\"justify\"><strong><span style=\"font-family: Arial,sans-serif;\"><span style=\"font-size: x-large;\">ALEXSSIA THOMAS<\/span><\/span><\/strong><\/p>\n<p align=\"justify\"><span style=\"font-family: Arial, sans-serif;\"><span style=\"font-size: x-large;\">El centro de formaci\u00f3n socialista \u201cManuel de Carlos Piar \u201c fue el punto de encuentro para que los aprendices, la juventud productiva y representantes de la Jpsuv dieran inicio a una formaci\u00f3n pol\u00edtica ideol\u00f3gica, a cargo del comisionado de Formaci\u00f3n e Ideolog\u00eda de la Juventud del Partido Socialista Unido de Venezuela (Jpsuv), del municipio Caron\u00ed, Jos\u00e9 Su\u00e1rez.<\/span><\/span><\/p>\n<p align=\"justify\"><span style=\"font-family: Arial, sans-serif;\"><span style=\"font-size: x-large;\">Entre Inces y la Jpsuv se desarrollar\u00e1 un programa de capacitaci\u00f3n que se basar\u00e1 en el bolet\u00edn semanal del Psuv, Peri\u00f3dico 4F , discurso del Congreso de Angostura y el an\u00e1lisis de la coyuntura local, nacional e internacional, utilizando modalidades presenciales, cine foros, talleres entre otros.<\/span><\/span><\/p>\n<p align=\"justify\"><span style=\"font-family: Arial, sans-serif;\"><span style=\"font-size: x-large;\"><img loading=\"lazy\" decoding=\"async\" class=\"aligncenter wp-image-31860 size-full\" src=\"http:\/\/www.inces.gob.ve\/wp-content\/uploads\/2019\/10\/Inces-Jpsuv-activan-c\u00edrculos2-.jpg\" alt=\"\" width=\"800\" height=\"450\" srcset=\"https:\/\/inces.gob.ve\/wp-content\/uploads\/2019\/10\/Inces-Jpsuv-activan-c\u00edrculos2-.jpg 800w, https:\/\/inces.gob.ve\/wp-content\/uploads\/2019\/10\/Inces-Jpsuv-activan-c\u00edrculos2--300x169.jpg 300w, https:\/\/inces.gob.ve\/wp-content\/uploads\/2019\/10\/Inces-Jpsuv-activan-c\u00edrculos2--768x432.jpg 768w\" sizes=\"auto, (max-width: 800px) 100vw, 800px\" \/><\/span><\/span><\/p>\n<p align=\"justify\">\n<p align=\"justify\"><span style=\"font-family: Arial, sans-serif;\"><span style=\"font-size: x-large;\">El Inces ser\u00e1 punto y c\u00edrculo para el encuentro de j\u00f3venes y todas las personas que deseen incorporarse. La meta es activar 11 c\u00edrculos de estudios municipales, donde se pueda desarrollar un intercambio formativo, socio pol\u00edtico y productivo.<\/span><\/span><\/p>\n<p align=\"justify\">\n<p align=\"justify\"><span style=\"font-family: Arial, sans-serif;\"><span style=\"font-size: x-large;\">Asimismo, se har\u00e1 una caracterizaci\u00f3n a los j\u00f3venes para luego ser incorporados a los Comit\u00e9s Locales de Abastecimiento y Producci\u00f3n (Clap), y milicia Bolivariana, donde apoyar\u00e1n a esta organizaci\u00f3n a realizar las tareas de control y auditor\u00eda de la distribuci\u00f3n de los alimentos.<\/span><\/span><\/p>\n<p align=\"justify\">\n<p align=\"justify\">\u201c<span style=\"font-family: Arial, sans-serif;\"><span style=\"font-size: x-large;\">Es indispensable crear una conciencia colectiva en esta generaci\u00f3n de oro para que se mantenga el legado del l\u00edder de la revoluci\u00f3n, Hugo Chavez Fr\u00edas, y as\u00ed contrarrestar la guerra de los medios de comunicaci\u00f3n\u201d, expres\u00f3 Su\u00e1rez.<\/span><\/span><\/p>\n<p align=\"justify\">\n<p align=\"justify\"><span style=\"font-family: Arial, sans-serif;\"><span style=\"font-size: x-large;\">Con estos c\u00edrculos de estudio se da cumplimiento a los lineamientos del Comisionado Nacional de Formaci\u00f3n Pol\u00edtica Ideol\u00f3gica, Nicol\u00e1s Maduro Guerra, y del presidente del Inces y secretario general de Formaci\u00f3n de la Jpsuv, Wuikelman Angel Paredes.<\/span><\/span><\/p>\n<p align=\"justify\">\n<p align=\"justify\">\n","protected":false},"excerpt":{"rendered":"<p>** 25 aprendices de CVG fueron los primeros en iniciar esta capacitaci\u00f3n que busca crear una conciencia militante en los j\u00f3venes para el debate y su accionar ante la coyuntura pol\u00edtica actual<\/p>\n","protected":false},"author":15,"featured_media":31861,"comment_status":"closed","ping_status":"open","sticky":false,"template":"","format":"standard","meta":{"footnotes":""},"categories":[2],"tags":[],"class_list":["post-31859","post","type-post","status-publish","format-standard","has-post-thumbnail","hentry","category-blog"],"_links":{"self":[{"href":"https:\/\/inces.gob.ve\/index.php\/wp-json\/wp\/v2\/posts\/31859","targetHints":{"allow":["GET"]}}],"collection":[{"href":"https:\/\/inces.gob.ve\/index.php\/wp-json\/wp\/v2\/posts"}],"about":[{"href":"https:\/\/inces.gob.ve\/index.php\/wp-json\/wp\/v2\/types\/post"}],"author":[{"embeddable":true,"href":"https:\/\/inces.gob.ve\/index.php\/wp-json\/wp\/v2\/users\/15"}],"replies":[{"embeddable":true,"href":"https:\/\/inces.gob.ve\/index.php\/wp-json\/wp\/v2\/comments?post=31859"}],"version-history":[{"count":3,"href":"https:\/\/inces.gob.ve\/index.php\/wp-json\/wp\/v2\/posts\/31859\/revisions"}],"predecessor-version":[{"id":31864,"href":"https:\/\/inces.gob.ve\/index.php\/wp-json\/wp\/v2\/posts\/31859\/revisions\/31864"}],"wp:featuredmedia":[{"embeddable":true,"href":"https:\/\/inces.gob.ve\/index.php\/wp-json\/wp\/v2\/media\/31861"}],"wp:attachment":[{"href":"https:\/\/inces.gob.ve\/index.php\/wp-json\/wp\/v2\/media?parent=31859"}],"wp:term":[{"taxonomy":"category","embeddable":true,"href":"https:\/\/inces.gob.ve\/index.php\/wp-json\/wp\/v2\/categories?post=31859"},{"taxonomy":"post_tag","embeddable":true,"href":"https:\/\/inces.gob.ve\/index.php\/wp-json\/wp\/v2\/tags?post=31859"}],"curies":[{"name":"wp","href":"https:\/\/api.w.org\/{rel}","templated":true}]}}