{"id":31873,"date":"2019-10-02T16:34:10","date_gmt":"2019-10-02T22:34:10","guid":{"rendered":"http:\/\/www.inces.gob.ve\/?p=31873"},"modified":"2020-05-28T20:25:50","modified_gmt":"2020-05-29T00:25:50","slug":"nueva-esparta-trabajadores-del-inces-recibieron-atencion-en-medicina-general-y-odontologica","status":"publish","type":"post","link":"https:\/\/inces.gob.ve\/index.php\/2019\/10\/02\/nueva-esparta-trabajadores-del-inces-recibieron-atencion-en-medicina-general-y-odontologica\/","title":{"rendered":"NUEVA ESPARTA | Trabajadores del Inces recibieron atenci\u00f3n en medicina general y odontol\u00f3gica"},"content":{"rendered":"<p class=\"western\" align=\"justify\"><strong><span style=\"font-family: Arial,sans-serif;\"><span style=\"font-size: x-large;\">**<em> Durante la jornada galena los funcionarios del ente acad\u00e9mico recibieron medicamentos seg\u00fan su diagn\u00f3stico y a su vez fueron desparasitados<\/em> <\/span><\/span><\/strong><\/p>\n<p align=\"justify\"><strong><!--more--><\/strong><\/p>\n<p align=\"justify\">\n<p class=\"western\" align=\"justify\"><span style=\"font-family: Arial, sans-serif;\"><span style=\"font-size: x-large;\"><strong>FRANCIS MORENO<\/strong> <\/span><\/span><\/p>\n<p class=\"western\" align=\"justify\"><span style=\"font-family: Arial, sans-serif;\"><span style=\"font-size: x-large;\">F \/ Frank M\u00e9ndez<\/span><\/span><\/p>\n<p class=\"western\" align=\"justify\">\n<p class=\"western\" align=\"justify\"><span style=\"font-family: Arial, sans-serif;\"><span style=\"font-size: x-large;\">La Misi\u00f3n Bario Adentro que hace vida en la regi\u00f3n insular desarroll\u00f3 una jornada de atenci\u00f3n integral que benefici\u00f3 a los trabajadores y trabajadoras del Inces. <\/span><\/span><\/p>\n<p class=\"western\" align=\"justify\"><span style=\"font-family: Arial, sans-serif;\"><span style=\"font-size: x-large;\">Esta actividad se pudo concretara gracias a la gesti\u00f3n de la Oficina de Atenci\u00f3n al Ciudadano, coordinada por \u00c1ngel Sol\u00f3rzano y Aida Pilar Ram\u00edrez, directora estadal de la Fundaci\u00f3n Misi\u00f3n Barrio Adentro, logrando efectuar consultas de medicina general, odontol\u00f3gica y desparasitaciones. <\/span><\/span><\/p>\n<p class=\"western\" align=\"justify\"><span style=\"font-family: Arial, sans-serif;\"><span style=\"font-size: x-large;\"><img loading=\"lazy\" decoding=\"async\" class=\"aligncenter wp-image-31875 size-full\" src=\"http:\/\/www.inces.gob.ve\/wp-content\/uploads\/2019\/10\/Inces-recibio-atenci\u00f3n-en-medicina-general3-.jpg\" alt=\"\" width=\"800\" height=\"638\" srcset=\"https:\/\/inces.gob.ve\/wp-content\/uploads\/2019\/10\/Inces-recibio-atenci\u00f3n-en-medicina-general3-.jpg 800w, https:\/\/inces.gob.ve\/wp-content\/uploads\/2019\/10\/Inces-recibio-atenci\u00f3n-en-medicina-general3--300x239.jpg 300w, https:\/\/inces.gob.ve\/wp-content\/uploads\/2019\/10\/Inces-recibio-atenci\u00f3n-en-medicina-general3--768x612.jpg 768w\" sizes=\"auto, (max-width: 800px) 100vw, 800px\" \/><\/span><\/span><\/p>\n<p class=\"western\" align=\"justify\"><span style=\"font-family: Arial, sans-serif;\"><span style=\"font-size: x-large;\">Cabe mencionar que durante el procedimiento de evaluaci\u00f3n a los empleados de la instituci\u00f3n se les entregadron medicamentos seg\u00fan su diagn\u00f3stico, mientras que en la atenci\u00f3n odontol\u00f3gica los especialista Jos\u00e9 Castellanos y Soraya Acosta realizaron reparaciones de piezas, colocaci\u00f3n de resinas y limpieza bucal. <\/span><\/span><\/p>\n<p class=\"western\" align=\"justify\"><span style=\"font-family: Arial, sans-serif;\"><span style=\"font-size: x-large;\"><img loading=\"lazy\" decoding=\"async\" class=\"aligncenter wp-image-31874 size-full\" src=\"http:\/\/www.inces.gob.ve\/wp-content\/uploads\/2019\/10\/Inces-recibio-atenci\u00f3n-en-medicina-general5-.jpg\" alt=\"\" width=\"800\" height=\"600\" srcset=\"https:\/\/inces.gob.ve\/wp-content\/uploads\/2019\/10\/Inces-recibio-atenci\u00f3n-en-medicina-general5-.jpg 800w, https:\/\/inces.gob.ve\/wp-content\/uploads\/2019\/10\/Inces-recibio-atenci\u00f3n-en-medicina-general5--300x225.jpg 300w, https:\/\/inces.gob.ve\/wp-content\/uploads\/2019\/10\/Inces-recibio-atenci\u00f3n-en-medicina-general5--768x576.jpg 768w, https:\/\/inces.gob.ve\/wp-content\/uploads\/2019\/10\/Inces-recibio-atenci\u00f3n-en-medicina-general5--136x102.jpg 136w\" sizes=\"auto, (max-width: 800px) 100vw, 800px\" \/><\/span><\/span><\/p>\n<p class=\"western\" align=\"justify\"><span style=\"font-family: Arial, sans-serif;\"><span style=\"font-size: x-large;\">Pilar Ram\u00edrez, directora de Barrio Adentro, destac\u00f3 que esta acci\u00f3n tiene como fin atender a los trabajadores directamente en sus puestos de trabajo, el alivianar la situaci\u00f3n que se vive en el pa\u00eds, la cual a su juicio es una guerra econ\u00f3mica impuesta y que a pesar de los obst\u00e1culos no impide que los empleados contin\u00faen con sus laborales. <\/span><\/span><\/p>\n<p class=\"western\" align=\"justify\"><span style=\"font-family: Arial, sans-serif;\"><span style=\"font-size: x-large;\">Argument\u00f3 de manera enf\u00e1tica que la Misi\u00f3n Barrio Adentro se encuentra desplegada con sus m\u00e9dicos tanto cubanos como venezolanos, atendiendo de manera directa al pueblo, apuntalando que donde este la gente que necesita se seguir\u00e1 llevando salud. <\/span><\/span><\/p>\n<p class=\"western\" align=\"justify\"><span style=\"font-family: Arial, sans-serif;\"><span style=\"font-size: x-large;\"><img loading=\"lazy\" decoding=\"async\" class=\"aligncenter wp-image-31877 size-full\" src=\"http:\/\/www.inces.gob.ve\/wp-content\/uploads\/2019\/10\/Inces-recibio-atenci\u00f3n-en-medicina-general1-.jpg\" alt=\"\" width=\"800\" height=\"600\" srcset=\"https:\/\/inces.gob.ve\/wp-content\/uploads\/2019\/10\/Inces-recibio-atenci\u00f3n-en-medicina-general1-.jpg 800w, https:\/\/inces.gob.ve\/wp-content\/uploads\/2019\/10\/Inces-recibio-atenci\u00f3n-en-medicina-general1--300x225.jpg 300w, https:\/\/inces.gob.ve\/wp-content\/uploads\/2019\/10\/Inces-recibio-atenci\u00f3n-en-medicina-general1--768x576.jpg 768w, https:\/\/inces.gob.ve\/wp-content\/uploads\/2019\/10\/Inces-recibio-atenci\u00f3n-en-medicina-general1--136x102.jpg 136w\" sizes=\"auto, (max-width: 800px) 100vw, 800px\" \/><\/span><\/span><\/p>\n<p class=\"western\" align=\"justify\"><span style=\"font-family: Arial, sans-serif;\"><span style=\"font-size: x-large;\">Por su parte, el gerente del Inces Alex Andarcia agradeci\u00f3 la iniciativa de la misi\u00f3n bandera del Gobierno Bolivariano Barrio Adentro, por atender a quienes diariamente van a su puesto de trabajo y siguen adelante apostando por Venezuela. <\/span><\/span><\/p>\n<p class=\"western\" align=\"justify\"><span style=\"font-family: Arial, sans-serif;\"><span style=\"font-size: x-large;\">La funcionaria Margarita Rodr\u00edguez catalog\u00f3 la jornada realizada como excelente porque los galenos ofrecieron una buena atenci\u00f3n. Que ellos vengan hasta la instituci\u00f3n es un logro importante que beneficia a los trabajadores\u201d, dijo. <\/span><\/span><\/p>\n<p class=\"western\" align=\"justify\"><span style=\"font-family: Arial, sans-serif;\"><span style=\"font-size: x-large;\">Similar opini\u00f3n tuvo Emirsia G\u00f3mez, quien resalt\u00f3 el profesionalismo con el que fue atendida en odontolog\u00eda, \u201cme repararon un diente que estaba da\u00f1ado. Me han brindado una inmensa alegr\u00eda\u201d. <\/span><\/span><\/p>\n<p class=\"western\" align=\"justify\">\n","protected":false},"excerpt":{"rendered":"<p>** Durante la jornada galena los funcionarios del ente acad\u00e9mico recibieron medicamentos seg\u00fan su diagn\u00f3stico y a su vez fueron desparasitados<\/p>\n","protected":false},"author":15,"featured_media":31876,"comment_status":"closed","ping_status":"closed","sticky":false,"template":"","format":"standard","meta":{"footnotes":""},"categories":[2],"tags":[],"class_list":["post-31873","post","type-post","status-publish","format-standard","has-post-thumbnail","hentry","category-blog"],"_links":{"self":[{"href":"https:\/\/inces.gob.ve\/index.php\/wp-json\/wp\/v2\/posts\/31873","targetHints":{"allow":["GET"]}}],"collection":[{"href":"https:\/\/inces.gob.ve\/index.php\/wp-json\/wp\/v2\/posts"}],"about":[{"href":"https:\/\/inces.gob.ve\/index.php\/wp-json\/wp\/v2\/types\/post"}],"author":[{"embeddable":true,"href":"https:\/\/inces.gob.ve\/index.php\/wp-json\/wp\/v2\/users\/15"}],"replies":[{"embeddable":true,"href":"https:\/\/inces.gob.ve\/index.php\/wp-json\/wp\/v2\/comments?post=31873"}],"version-history":[{"count":1,"href":"https:\/\/inces.gob.ve\/index.php\/wp-json\/wp\/v2\/posts\/31873\/revisions"}],"predecessor-version":[{"id":31878,"href":"https:\/\/inces.gob.ve\/index.php\/wp-json\/wp\/v2\/posts\/31873\/revisions\/31878"}],"wp:featuredmedia":[{"embeddable":true,"href":"https:\/\/inces.gob.ve\/index.php\/wp-json\/wp\/v2\/media\/31876"}],"wp:attachment":[{"href":"https:\/\/inces.gob.ve\/index.php\/wp-json\/wp\/v2\/media?parent=31873"}],"wp:term":[{"taxonomy":"category","embeddable":true,"href":"https:\/\/inces.gob.ve\/index.php\/wp-json\/wp\/v2\/categories?post=31873"},{"taxonomy":"post_tag","embeddable":true,"href":"https:\/\/inces.gob.ve\/index.php\/wp-json\/wp\/v2\/tags?post=31873"}],"curies":[{"name":"wp","href":"https:\/\/api.w.org\/{rel}","templated":true}]}}