{"id":31894,"date":"2019-10-03T06:49:10","date_gmt":"2019-10-03T12:49:10","guid":{"rendered":"http:\/\/www.inces.gob.ve\/?p=31894"},"modified":"2020-05-28T20:25:50","modified_gmt":"2020-05-29T00:25:50","slug":"caracas-jornada-intensiva-de-trabajo-voluntario-plan-convite-hallaquero","status":"publish","type":"post","link":"https:\/\/inces.gob.ve\/index.php\/2019\/10\/03\/caracas-jornada-intensiva-de-trabajo-voluntario-plan-convite-hallaquero\/","title":{"rendered":"CARACAS | Jornada intensiva de trabajo voluntario \u00abPlan Convite Hallaquero\u00bb"},"content":{"rendered":"<p align=\"justify\"><i><b>** Uno de los objetivos es incentivar a la poblaci\u00f3n para trabajar en la siembra y producci\u00f3n de alimentos<\/b><\/i><!--more--><\/p>\n<p align=\"justify\">El Inces Distrito Capital, en aras de derrotar la guerra econ\u00f3mica y siguiendo la l\u00ednea del presidente Nicol\u00e1s Maduro en cuanto a acelerar la formaci\u00f3n para la producci\u00f3n, ha programado actividades a desarrollar en sus centros de formaci\u00f3n con lo cual se incentiva e involucra a trabajadores, participantes e invitados en los procesos de siembra y producci\u00f3n de alimentos.<\/p>\n<p align=\"justify\"><img loading=\"lazy\" decoding=\"async\" class=\"aligncenter wp-image-31900 size-large\" src=\"http:\/\/www.inces.gob.ve\/wp-content\/uploads\/2019\/10\/IMG_20191001_094702-1024x768.jpg\" alt=\"\" width=\"640\" height=\"480\" srcset=\"https:\/\/inces.gob.ve\/wp-content\/uploads\/2019\/10\/IMG_20191001_094702-1024x768.jpg 1024w, https:\/\/inces.gob.ve\/wp-content\/uploads\/2019\/10\/IMG_20191001_094702-300x225.jpg 300w, https:\/\/inces.gob.ve\/wp-content\/uploads\/2019\/10\/IMG_20191001_094702-768x576.jpg 768w, https:\/\/inces.gob.ve\/wp-content\/uploads\/2019\/10\/IMG_20191001_094702-136x102.jpg 136w, https:\/\/inces.gob.ve\/wp-content\/uploads\/2019\/10\/IMG_20191001_094702.jpg 1600w\" sizes=\"auto, (max-width: 640px) 100vw, 640px\" \/><\/p>\n<p align=\"justify\">Este martes primero de octubre, en el centro de formaci\u00f3n socialista (CFS) Metalmec\u00e1nica \u201cHeiker V\u00e1squez\u201d, ubicado en la zona E del 23 de enero, se realiz\u00f3 una jornada intensiva de trabajo voluntario en construcci\u00f3n de mesas organop\u00f3nicas \u2018\u2018Plan Convite Hallaquero\u2019\u2019; para esto se acord\u00f3 y planific\u00f3 un aporte colectivo, en el cual cada participante llevaba una verdura o cualquier ingrediente para un sancocho, haciendo m\u00e1s amena y familiar la actividad. Se logr\u00f3 la colecta y un equipo de participantes del curso de cocina del CFS Jos\u00e9 Antonio Rodr\u00edguez fue el responsable de la preparaci\u00f3n del hervido.<\/p>\n<p align=\"justify\">\n<p align=\"justify\"><img loading=\"lazy\" decoding=\"async\" class=\"aligncenter wp-image-31897 size-full\" src=\"http:\/\/www.inces.gob.ve\/wp-content\/uploads\/2019\/10\/295931af-7b52-4261-8c9c-0c408e33d60c.jpg\" alt=\"\" width=\"774\" height=\"1032\" srcset=\"https:\/\/inces.gob.ve\/wp-content\/uploads\/2019\/10\/295931af-7b52-4261-8c9c-0c408e33d60c.jpg 774w, https:\/\/inces.gob.ve\/wp-content\/uploads\/2019\/10\/295931af-7b52-4261-8c9c-0c408e33d60c-225x300.jpg 225w, https:\/\/inces.gob.ve\/wp-content\/uploads\/2019\/10\/295931af-7b52-4261-8c9c-0c408e33d60c-768x1024.jpg 768w\" sizes=\"auto, (max-width: 774px) 100vw, 774px\" \/><\/p>\n<p align=\"justify\">\n<p align=\"justify\">Los que llegaban al centro de formaci\u00f3n eran recibidos por los maestros t\u00e9cnicos del \u00e1rea agr\u00edcola, quienes los conduc\u00edan a los patios productivos y a las casas de cultivo, y les daban informaci\u00f3n de cada una de las siembras y cosechas que les iban mostrando, entre otras las de tomate, piment\u00f3n, pimiento, lechosa, jojoto, perejil, pepinos y aj\u00edes. Luego segu\u00edan a los espacios internos del centro, donde se encontraban unas estaciones en las que les explicaban el proceso de la siembra, semilleros, tratamiento de la tierra, abonos, plaguicidas, fertilizantes y la construcci\u00f3n de las mesas de cultivo, objetivo principal del evento.<\/p>\n<p align=\"justify\">\n<img loading=\"lazy\" decoding=\"async\" class=\"aligncenter wp-image-31898 size-large\" src=\"http:\/\/www.inces.gob.ve\/wp-content\/uploads\/2019\/10\/IMG_20191001_093334-1024x768.jpg\" alt=\"\" width=\"640\" height=\"480\" srcset=\"https:\/\/inces.gob.ve\/wp-content\/uploads\/2019\/10\/IMG_20191001_093334-1024x768.jpg 1024w, https:\/\/inces.gob.ve\/wp-content\/uploads\/2019\/10\/IMG_20191001_093334-300x225.jpg 300w, https:\/\/inces.gob.ve\/wp-content\/uploads\/2019\/10\/IMG_20191001_093334-768x576.jpg 768w, https:\/\/inces.gob.ve\/wp-content\/uploads\/2019\/10\/IMG_20191001_093334-136x102.jpg 136w, https:\/\/inces.gob.ve\/wp-content\/uploads\/2019\/10\/IMG_20191001_093334.jpg 1600w\" sizes=\"auto, (max-width: 640px) 100vw, 640px\" \/><\/p>\n<p align=\"justify\">Finaliz\u00f3 la actividad con la degustaci\u00f3n colectiva del sancocho preparado con gran esmero por los j\u00f3venes estudiantes de cocina, quienes fueron felicitados por su trabajo y el buen gusto de la sopa. Cabe mencionar que esta actividad tuvo el placer de ser acompa\u00f1ada por el equipo de la Coordinaci\u00f3n Nacional del Programa Manos a la Siembra, encabezada por el profesor Carlos Lanz, la cual hizo un importante aporte donando al centro una cantidad considerable de pl\u00e1ntulas para su siembra y cuido y a la vez manifestaron su satisfacci\u00f3n de haber participado en esta actividad que debe replicarse en el mayor n\u00famero de espacios institucionales y comunales en todo el pa\u00eds.<\/p>\n<p align=\"justify\"><img loading=\"lazy\" decoding=\"async\" class=\"aligncenter wp-image-31895 size-large\" src=\"http:\/\/www.inces.gob.ve\/wp-content\/uploads\/2019\/10\/62bd1b08-d059-469e-b281-1eaa6431f3fb-1024x576.jpg\" alt=\"\" width=\"640\" height=\"360\" srcset=\"https:\/\/inces.gob.ve\/wp-content\/uploads\/2019\/10\/62bd1b08-d059-469e-b281-1eaa6431f3fb-1024x576.jpg 1024w, https:\/\/inces.gob.ve\/wp-content\/uploads\/2019\/10\/62bd1b08-d059-469e-b281-1eaa6431f3fb-300x169.jpg 300w, https:\/\/inces.gob.ve\/wp-content\/uploads\/2019\/10\/62bd1b08-d059-469e-b281-1eaa6431f3fb-768x432.jpg 768w, https:\/\/inces.gob.ve\/wp-content\/uploads\/2019\/10\/62bd1b08-d059-469e-b281-1eaa6431f3fb.jpg 1032w\" sizes=\"auto, (max-width: 640px) 100vw, 640px\" \/><\/p>\n<p align=\"justify\">\n","protected":false},"excerpt":{"rendered":"<p>** Uno de los objetivos es incentivar a la poblaci\u00f3n para trabajar en la siembra y producci\u00f3n de alimentos<\/p>\n","protected":false},"author":4,"featured_media":31893,"comment_status":"closed","ping_status":"open","sticky":false,"template":"","format":"standard","meta":{"footnotes":""},"categories":[2],"tags":[],"class_list":["post-31894","post","type-post","status-publish","format-standard","has-post-thumbnail","hentry","category-blog"],"_links":{"self":[{"href":"https:\/\/inces.gob.ve\/index.php\/wp-json\/wp\/v2\/posts\/31894","targetHints":{"allow":["GET"]}}],"collection":[{"href":"https:\/\/inces.gob.ve\/index.php\/wp-json\/wp\/v2\/posts"}],"about":[{"href":"https:\/\/inces.gob.ve\/index.php\/wp-json\/wp\/v2\/types\/post"}],"author":[{"embeddable":true,"href":"https:\/\/inces.gob.ve\/index.php\/wp-json\/wp\/v2\/users\/4"}],"replies":[{"embeddable":true,"href":"https:\/\/inces.gob.ve\/index.php\/wp-json\/wp\/v2\/comments?post=31894"}],"version-history":[{"count":1,"href":"https:\/\/inces.gob.ve\/index.php\/wp-json\/wp\/v2\/posts\/31894\/revisions"}],"predecessor-version":[{"id":31906,"href":"https:\/\/inces.gob.ve\/index.php\/wp-json\/wp\/v2\/posts\/31894\/revisions\/31906"}],"wp:featuredmedia":[{"embeddable":true,"href":"https:\/\/inces.gob.ve\/index.php\/wp-json\/wp\/v2\/media\/31893"}],"wp:attachment":[{"href":"https:\/\/inces.gob.ve\/index.php\/wp-json\/wp\/v2\/media?parent=31894"}],"wp:term":[{"taxonomy":"category","embeddable":true,"href":"https:\/\/inces.gob.ve\/index.php\/wp-json\/wp\/v2\/categories?post=31894"},{"taxonomy":"post_tag","embeddable":true,"href":"https:\/\/inces.gob.ve\/index.php\/wp-json\/wp\/v2\/tags?post=31894"}],"curies":[{"name":"wp","href":"https:\/\/api.w.org\/{rel}","templated":true}]}}