{"id":31912,"date":"2019-10-03T08:40:03","date_gmt":"2019-10-03T14:40:03","guid":{"rendered":"http:\/\/www.inces.gob.ve\/?p=31912"},"modified":"2020-05-28T20:25:50","modified_gmt":"2020-05-29T00:25:50","slug":"la-guaira-celebra-los-279-anos-de-fundacion-de-la-parroquia-macuto","status":"publish","type":"post","link":"https:\/\/inces.gob.ve\/index.php\/2019\/10\/03\/la-guaira-celebra-los-279-anos-de-fundacion-de-la-parroquia-macuto\/","title":{"rendered":"LA GUAIRA | celebra los 279 a\u00f1os de fundaci\u00f3n de la parroquia Macuto"},"content":{"rendered":"<p align=\"justify\"><span style=\"font-family: Arial, sans-serif;\"><span style=\"font-size: x-large;\"><i><b>** Por ser parte de esta populosa parroquia, el Inces estuvo presente en las actividades que conmemoraron esta fecha<\/b><\/i><\/span><\/span><\/p>\n<p align=\"justify\"><!--more--><\/p>\n<p align=\"justify\"><span style=\"font-family: Arial, sans-serif;\"><span style=\"font-size: x-large;\"><b>ZUVALQUI DUARTE<\/b><\/span><\/span><\/p>\n<p align=\"justify\"><span style=\"font-family: Arial, sans-serif;\"><span style=\"font-size: x-large;\">Con una sesi\u00f3n especial del Parlamento Comunal Guaicamacuto, los habitantes del combativo Macuto iniciaron la celebraci\u00f3n de los 279 a\u00f1os que tiene de fundada esta parroquia.<\/span><\/span><\/p>\n<p align=\"justify\">\n<p align=\"justify\"><span style=\"font-family: Arial, sans-serif;\"><span style=\"font-size: x-large;\">La organizaci\u00f3n de los vecinos y vecinas de Macuto es digna de admiraci\u00f3n y por ello cont\u00f3 con la presencia del constituyentista de la Asamblea Nacional Nicol\u00e1s Maduro Guerra quien realz\u00f3 las diversas formas organizativas que tiene el poder popular para dar respuestas a sus necesidades a trav\u00e9s de la producci\u00f3n. \u201cCada d\u00eda debemos aportar un granito de arena en la construcci\u00f3n de una Venezuela potencia\u201d, se\u00f1al\u00f3 Maduro Guerra.<\/span><\/span><\/p>\n<p align=\"justify\"><img loading=\"lazy\" decoding=\"async\" class=\"aligncenter wp-image-31915 size-full\" src=\"http:\/\/www.inces.gob.ve\/wp-content\/uploads\/2019\/10\/Inces-279-a\u00f1os-de-fundaci\u00f3n-parroquia-Macuto2-1-1.jpg\" alt=\"\" width=\"800\" height=\"437\" srcset=\"https:\/\/inces.gob.ve\/wp-content\/uploads\/2019\/10\/Inces-279-a\u00f1os-de-fundaci\u00f3n-parroquia-Macuto2-1-1.jpg 800w, https:\/\/inces.gob.ve\/wp-content\/uploads\/2019\/10\/Inces-279-a\u00f1os-de-fundaci\u00f3n-parroquia-Macuto2-1-1-300x164.jpg 300w, https:\/\/inces.gob.ve\/wp-content\/uploads\/2019\/10\/Inces-279-a\u00f1os-de-fundaci\u00f3n-parroquia-Macuto2-1-1-768x420.jpg 768w\" sizes=\"auto, (max-width: 800px) 100vw, 800px\" \/><\/p>\n<p align=\"justify\"><span style=\"font-family: Arial, sans-serif;\"><span style=\"font-size: x-large;\">En este mismo orden de ideas, Hern\u00e1n Garboza, gerente regional del Inces expres\u00f3: \u201cEl Inces La Guaira siempre estar\u00e1 presente en todas los tipos de organizaci\u00f3n que adelante el poder popular, porque solo con formaci\u00f3n y producci\u00f3n el pueblo empoderado dar\u00e1 respuestas a la crisis inducida por el gobierno norteamericano, convirtiendo en potencialidad cada una de sus necesidades\u201d.<img loading=\"lazy\" decoding=\"async\" class=\"aligncenter wp-image-31914 size-full\" src=\"http:\/\/www.inces.gob.ve\/wp-content\/uploads\/2019\/10\/Inces-279-a\u00f1os-de-fundaci\u00f3n-parroquia-Macuto3-1-1.jpg\" alt=\"\" width=\"800\" height=\"534\" srcset=\"https:\/\/inces.gob.ve\/wp-content\/uploads\/2019\/10\/Inces-279-a\u00f1os-de-fundaci\u00f3n-parroquia-Macuto3-1-1.jpg 800w, https:\/\/inces.gob.ve\/wp-content\/uploads\/2019\/10\/Inces-279-a\u00f1os-de-fundaci\u00f3n-parroquia-Macuto3-1-1-300x200.jpg 300w, https:\/\/inces.gob.ve\/wp-content\/uploads\/2019\/10\/Inces-279-a\u00f1os-de-fundaci\u00f3n-parroquia-Macuto3-1-1-768x513.jpg 768w\" sizes=\"auto, (max-width: 800px) 100vw, 800px\" \/><\/span><\/span><\/p>\n<p align=\"justify\"><img loading=\"lazy\" decoding=\"async\" class=\"aligncenter wp-image-31916 size-full\" src=\"http:\/\/www.inces.gob.ve\/wp-content\/uploads\/2019\/10\/Inces-279-a\u00f1os-de-fundaci\u00f3n-parroquia-Macuto1-1-1.jpg\" alt=\"\" width=\"800\" height=\"524\" srcset=\"https:\/\/inces.gob.ve\/wp-content\/uploads\/2019\/10\/Inces-279-a\u00f1os-de-fundaci\u00f3n-parroquia-Macuto1-1-1.jpg 800w, https:\/\/inces.gob.ve\/wp-content\/uploads\/2019\/10\/Inces-279-a\u00f1os-de-fundaci\u00f3n-parroquia-Macuto1-1-1-300x197.jpg 300w, https:\/\/inces.gob.ve\/wp-content\/uploads\/2019\/10\/Inces-279-a\u00f1os-de-fundaci\u00f3n-parroquia-Macuto1-1-1-768x503.jpg 768w\" sizes=\"auto, (max-width: 800px) 100vw, 800px\" \/><\/p>\n","protected":false},"excerpt":{"rendered":"<p>** Por ser parte de esta populosa parroquia, el Inces estuvo presente en las actividades que conmemoraron esta fecha<\/p>\n","protected":false},"author":15,"featured_media":31913,"comment_status":"closed","ping_status":"closed","sticky":false,"template":"","format":"standard","meta":{"footnotes":""},"categories":[2],"tags":[],"class_list":["post-31912","post","type-post","status-publish","format-standard","has-post-thumbnail","hentry","category-blog"],"_links":{"self":[{"href":"https:\/\/inces.gob.ve\/index.php\/wp-json\/wp\/v2\/posts\/31912","targetHints":{"allow":["GET"]}}],"collection":[{"href":"https:\/\/inces.gob.ve\/index.php\/wp-json\/wp\/v2\/posts"}],"about":[{"href":"https:\/\/inces.gob.ve\/index.php\/wp-json\/wp\/v2\/types\/post"}],"author":[{"embeddable":true,"href":"https:\/\/inces.gob.ve\/index.php\/wp-json\/wp\/v2\/users\/15"}],"replies":[{"embeddable":true,"href":"https:\/\/inces.gob.ve\/index.php\/wp-json\/wp\/v2\/comments?post=31912"}],"version-history":[{"count":1,"href":"https:\/\/inces.gob.ve\/index.php\/wp-json\/wp\/v2\/posts\/31912\/revisions"}],"predecessor-version":[{"id":31917,"href":"https:\/\/inces.gob.ve\/index.php\/wp-json\/wp\/v2\/posts\/31912\/revisions\/31917"}],"wp:featuredmedia":[{"embeddable":true,"href":"https:\/\/inces.gob.ve\/index.php\/wp-json\/wp\/v2\/media\/31913"}],"wp:attachment":[{"href":"https:\/\/inces.gob.ve\/index.php\/wp-json\/wp\/v2\/media?parent=31912"}],"wp:term":[{"taxonomy":"category","embeddable":true,"href":"https:\/\/inces.gob.ve\/index.php\/wp-json\/wp\/v2\/categories?post=31912"},{"taxonomy":"post_tag","embeddable":true,"href":"https:\/\/inces.gob.ve\/index.php\/wp-json\/wp\/v2\/tags?post=31912"}],"curies":[{"name":"wp","href":"https:\/\/api.w.org\/{rel}","templated":true}]}}